{"id":4036,"date":"2017-11-24T00:00:00","date_gmt":"2017-11-24T00:00:00","guid":{"rendered":"http:\/\/elvinodelaspiedras.local\/el-vino-de-las-piedras-de-la-denominacion-de-origen-protegida-carinena-refuerza-en-la-campana-de-navidad-sus-vinculos-con-el-arte\/"},"modified":"2020-11-13T12:29:29","modified_gmt":"2020-11-13T12:29:29","slug":"el-vino-de-las-piedras-de-la-denominacion-de-origen-protegida-carinena-refuerza-en-la-campana-de-navidad-sus-vinculos-con-el-arte","status":"publish","type":"post","link":"https:\/\/elvinodelaspiedras.es\/en\/comunicacion\/noticias\/el-vino-de-las-piedras-de-la-denominacion-de-origen-protegida-carinena-refuerza-en-la-campana-de-navidad-sus-vinculos-con-el-arte\/","title":{"rendered":"\u201dEl vino de las piedras\u201d refuerza en la campa\u00f1a de navidad sus v\u00ednculos con el arte"},"content":{"rendered":"<p>La <strong>estrecha relaci\u00f3n<\/strong> existente entre los <strong>procesos de elaboraci\u00f3n<\/strong> de <strong>El Vino de las Piedras<\/strong> y de las diferentes disciplinas art\u00edsticas, como la <strong>m\u00fasica<\/strong> y la <strong>poes\u00eda<\/strong>, ha sido el eje conductor del acto de presentaci\u00f3n de la <strong>campa\u00f1a de Navidad<\/strong> de la <strong>Denominaci\u00f3n de Origen Protegida Cari\u00f1ena<\/strong>, que se ha celebrado esta tarde en el <strong>Caf\u00e9 Dubl\u00edn de Zaragoza. <\/strong>Las canciones del m\u00fasico y cantautor aragon\u00e9s, <strong>Celino Gracia<\/strong>, y las composiciones de la poeta, actriz y videocreadora, <strong>Luc\u00eda Cam\u00f3n<\/strong>, que se han disfrutado durante la velada, han mostrado esta \u00edntima conexi\u00f3n entre el vino y el arte. <\/p>\n<p>Durante el acto, se han degustado varios Vinos de las Piedras, maridados con sabrosas tapas, y que han contado con las explicaciones del secretario general de la D.O.P. Cari\u00f1ena, Claudio Herrero. Adem\u00e1s, se ha recordado que <strong>el vino est\u00e1 presente en las celebraciones<\/strong> y que en la Navidad cobra un destacado protagonismo.<\/p>\n<p>En este sentido, el <strong>presidente de la D.O.P. Cari\u00f1ena, Ignacio Casamitjana<\/strong>, ha afirmado que &#8220;<strong>el vino es un producto cultural<\/strong>, m\u00e1s que un producto comercial&#8221;. A esas palabras se han sumado las declaraciones del <strong>cantautor aragon\u00e9s, Celino Gracia<\/strong>, quien ha explicado que &#8220;<strong>varias de mis canciones est\u00e1n inspiradas en el paisaje de Cari\u00f1ena<\/strong> porque estuve dos inviernos viviendo en Aladr\u00e9n y, de esa estancia, surgieron ideas para mis temas&#8221; y de <strong>la poeta y actriz Luc\u00eda Cam\u00f3n<\/strong>, que ha asegurado que &#8220;<strong>lo que se siente al beber vino es muy similar a lo que se siente cuando creas<\/strong> porque es, en realidad, una conexi\u00f3n con la tierra&#8221;.<\/p>\n<p><strong>EL ARTE DE &#8220;EL VINO DE LAS PIEDRAS&#8221;<\/strong><\/p>\n<p>El acto de Navidad de la D.O.P. Cari\u00f1ena ha incidido en la l\u00ednea de las anteriores campa\u00f1as de El Vino de las Piedras, en las que los <strong>sue\u00f1os, la magia y el arte <\/strong>han sido elementos recurrentes. La \u00faltima, presentada el pasado mes de septiembre, est\u00e1 protagonizada por una <strong>bailarina de ballet<\/strong>.<\/p>\n<p>De esa forma, se remarca en v\u00ednculo del arte con los terrenos pedregosos de la Denominaci\u00f3n, que inspiraron la marca <strong>&#8220;El Vino de las Piedras&#8221;, puesta en marcha en 2011<\/strong>. Desde entonces, la Denominaci\u00f3n Cari\u00f1ena se identifica con este lema, que recuerda que sus vinos son fruto de la paciencia, experiencia y de las especiales condiciones de la tierra y del clima, lo que permite establecer un paralelismo entre el proceso vitivin\u00edcola y el de creaci\u00f3n art\u00edstica.<\/p>\n<p><strong>TRAYECTORIA DE CELINO GRACIA Y LUCIA CAM\u00d3N<\/strong><\/p>\n<p><strong>Celino Gracia naci\u00f3 en Teruel en 1985.<\/strong> Se march\u00f3 a Londres movido por su pasi\u00f3n por la m\u00fasica. All\u00ed escribi\u00f3 canciones y toc\u00f3 en diferentes lugares, hasta que la nostalgia le anim\u00f3 a volver a Espa\u00f1a e instalarse en un precioso pueblo de Teruel. En septiembre de 2016 public\u00f3 su primer \u00e1lbum de estudio, <strong>&#8220;Canciones que ser\u00e1n canciones&#8221;,<\/strong> que re\u00fane diez temas para escuchar con detenimiento.<\/p>\n<p>Por su parte, <strong>Luc\u00eda Cam\u00f3n<\/strong> es una poeta, actriz y videocreadora. Valenciana de nacimiento, de padres aragoneses, fund\u00f3 su propia compa\u00f1\u00eda, <strong>K Teatro<\/strong>, con la que comenz\u00f3 a investigar en la creaci\u00f3n y adaptaci\u00f3n de textos a partir de improvisaciones: la creaci\u00f3n instant\u00e1nea. Ha compartido escenario con m\u00fasicos profesionales como <strong>Borja Barrueta, Santi Ibarretxe, Ariel Hernandez o Fran Rubio<\/strong>. Luc\u00eda Cam\u00f3n ha sido galardonada con cinco primeros premios por sus piezas de videoarte.<\/p>\n<hr>\n<figure id=\"attachment_449\" aria-describedby=\"caption-attachment-449\" style=\"width: 300px\" class=\"wp-caption alignnone\"><a href=\"\/_archivos\/imagenes\/3374.jpg\" target=\"_blank\" rel=\"noopener noreferrer\"><img decoding=\"async\" class=\"size-medium\" src=\"\/_archivos\/imagenes\/300\/3374.jpg\" alt=\"Claudio Herrero, Ignacio Casamitjana, Luc\u00eda Cam\u00f3n, Celino Gracia y Jos\u00e9 Luis Campos brindan con El V\" title=\"Claudio Herrero, Ignacio Casamitjana, Luc\u00eda Cam\u00f3n, Celino Gracia y Jos\u00e9 Luis Campos brindan con El V\" width=\"300\" height=\"auto\" \/><\/a><figcaption id=\"caption-attachment-449\" class=\"wp-caption-text\"><a href=\"\/_archivos\/imagenes\/3374.jpg\" target=\"_blank\" rel=\"noopener noreferrer\">Descargar imagen<\/a><\/figcaption><\/figure>\n<figure id=\"attachment_449\" aria-describedby=\"caption-attachment-449\" style=\"width: 300px\" class=\"wp-caption alignnone\"><a href=\"\/_archivos\/imagenes\/3375.jpg\" target=\"_blank\" rel=\"noopener noreferrer\"><img decoding=\"async\" class=\"size-medium\" src=\"\/_archivos\/imagenes\/300\/3375.jpg\" alt=\"Jos\u00e9 Luis Campos e Ignacio Casamitjana\" title=\"Jos\u00e9 Luis Campos e Ignacio Casamitjana\" width=\"300\" height=\"auto\" \/><\/a><figcaption id=\"caption-attachment-449\" class=\"wp-caption-text\"><a href=\"\/_archivos\/imagenes\/3375.jpg\" target=\"_blank\" rel=\"noopener noreferrer\">Descargar imagen<\/a><\/figcaption><\/figure>\n<figure id=\"attachment_449\" aria-describedby=\"caption-attachment-449\" style=\"width: 300px\" class=\"wp-caption alignnone\"><a href=\"\/_archivos\/imagenes\/3376.jpg\" target=\"_blank\" rel=\"noopener noreferrer\"><img decoding=\"async\" class=\"size-medium\" src=\"\/_archivos\/imagenes\/300\/3376.jpg\" alt=\"Celebraci\u00f3n de la Denominaci\u00f3n de Origen Protegida Cari\u00f1ena (1)\" title=\"Celebraci\u00f3n de la Denominaci\u00f3n de Origen Protegida Cari\u00f1ena (1)\" width=\"300\" height=\"auto\" \/><\/a><figcaption id=\"caption-attachment-449\" class=\"wp-caption-text\"><a href=\"\/_archivos\/imagenes\/3376.jpg\" target=\"_blank\" rel=\"noopener noreferrer\">Descargar imagen<\/a><\/figcaption><\/figure>\n<figure id=\"attachment_449\" aria-describedby=\"caption-attachment-449\" style=\"width: 300px\" class=\"wp-caption alignnone\"><a href=\"\/_archivos\/imagenes\/3378.jpg\" target=\"_blank\" rel=\"noopener noreferrer\"><img decoding=\"async\" class=\"size-medium\" src=\"\/_archivos\/imagenes\/300\/3378.jpg\" alt=\"Luc\u00eda Cam\u00f3n y Celino Gracia\" title=\"Luc\u00eda Cam\u00f3n y Celino Gracia\" width=\"300\" height=\"auto\" \/><\/a><figcaption id=\"caption-attachment-449\" class=\"wp-caption-text\"><a href=\"\/_archivos\/imagenes\/3378.jpg\" target=\"_blank\" rel=\"noopener noreferrer\">Descargar imagen<\/a><\/figcaption><\/figure>\n<figure id=\"attachment_449\" aria-describedby=\"caption-attachment-449\" style=\"width: 300px\" class=\"wp-caption alignnone\"><a href=\"\/_archivos\/imagenes\/3379.jpg\" target=\"_blank\" rel=\"noopener noreferrer\"><img decoding=\"async\" class=\"size-medium\" src=\"\/_archivos\/imagenes\/300\/3379.jpg\" alt=\"Celebraci\u00f3n de la Denominaci\u00f3n de Origen Protegida Cari\u00f1ena (2)\" title=\"Celebraci\u00f3n de la Denominaci\u00f3n de Origen Protegida Cari\u00f1ena (2)\" width=\"300\" height=\"auto\" \/><\/a><figcaption id=\"caption-attachment-449\" class=\"wp-caption-text\"><a href=\"\/_archivos\/imagenes\/3379.jpg\" target=\"_blank\" rel=\"noopener noreferrer\">Descargar imagen<\/a><\/figcaption><\/figure>    \t<\/p>\n","protected":false},"excerpt":{"rendered":"<p>La estrecha relaci\u00f3n existente entre los procesos de elaboraci\u00f3n de El Vino de las Piedras y de las diferentes disciplinas art\u00edsticas, como la m\u00fasica y la poes\u00eda, ha sido el eje conductor del acto de presentaci\u00f3n de la campa\u00f1a de Navidad de la Denominaci\u00f3n de Origen Protegida Cari\u00f1ena, que se ha celebrado esta tarde en &hellip;<\/p>\n","protected":false},"author":6,"featured_media":4037,"comment_status":"closed","ping_status":"closed","sticky":false,"template":"","format":"standard","meta":{"_genesis_hide_title":false,"_genesis_hide_breadcrumbs":false,"_genesis_hide_singular_image":false,"_genesis_hide_footer_widgets":false,"_genesis_custom_body_class":"","_genesis_custom_post_class":"","_genesis_layout":"","ngg_post_thumbnail":0,"footnotes":""},"categories":[1],"tags":[],"class_list":{"0":"post-4036","1":"post","2":"type-post","3":"status-publish","4":"format-standard","5":"has-post-thumbnail","7":"category-noticias","8":"entry"},"_links":{"self":[{"href":"https:\/\/elvinodelaspiedras.es\/en\/wp-json\/wp\/v2\/posts\/4036"}],"collection":[{"href":"https:\/\/elvinodelaspiedras.es\/en\/wp-json\/wp\/v2\/posts"}],"about":[{"href":"https:\/\/elvinodelaspiedras.es\/en\/wp-json\/wp\/v2\/types\/post"}],"author":[{"embeddable":true,"href":"https:\/\/elvinodelaspiedras.es\/en\/wp-json\/wp\/v2\/users\/6"}],"replies":[{"embeddable":true,"href":"https:\/\/elvinodelaspiedras.es\/en\/wp-json\/wp\/v2\/comments?post=4036"}],"version-history":[{"count":1,"href":"https:\/\/elvinodelaspiedras.es\/en\/wp-json\/wp\/v2\/posts\/4036\/revisions"}],"predecessor-version":[{"id":5879,"href":"https:\/\/elvinodelaspiedras.es\/en\/wp-json\/wp\/v2\/posts\/4036\/revisions\/5879"}],"wp:featuredmedia":[{"embeddable":true,"href":"https:\/\/elvinodelaspiedras.es\/en\/wp-json\/wp\/v2\/media\/4037"}],"wp:attachment":[{"href":"https:\/\/elvinodelaspiedras.es\/en\/wp-json\/wp\/v2\/media?parent=4036"}],"wp:term":[{"taxonomy":"category","embeddable":true,"href":"https:\/\/elvinodelaspiedras.es\/en\/wp-json\/wp\/v2\/categories?post=4036"},{"taxonomy":"post_tag","embeddable":true,"href":"https:\/\/elvinodelaspiedras.es\/en\/wp-json\/wp\/v2\/tags?post=4036"}],"curies":[{"name":"wp","href":"https:\/\/api.w.org\/{rel}","templated":true}]}}