{"id":4038,"date":"2018-01-22T00:00:00","date_gmt":"2018-01-22T00:00:00","guid":{"rendered":"http:\/\/elvinodelaspiedras.local\/la-ruta-del-vino-campo-de-carinena-ruta-del-vino-de-las-piedras-y-las-otras-tres-existentes-en-aragon-impulsan-junto-con-la-dga-una-marca-conjunta\/"},"modified":"2020-11-13T12:29:29","modified_gmt":"2020-11-13T12:29:29","slug":"la-ruta-del-vino-campo-de-carinena-ruta-del-vino-de-las-piedras-y-las-otras-tres-existentes-en-aragon-impulsan-junto-con-la-dga-una-marca-conjunta","status":"publish","type":"post","link":"https:\/\/elvinodelaspiedras.es\/en\/comunicacion\/noticias\/la-ruta-del-vino-campo-de-carinena-ruta-del-vino-de-las-piedras-y-las-otras-tres-existentes-en-aragon-impulsan-junto-con-la-dga-una-marca-conjunta\/","title":{"rendered":"La ruta del vino campo de Cari\u00f1ena &#8211; \u201cruta del vino de las piedras\u201d y las otras tres existentes en arag\u00f3n impulsan junto con la dga una marca conjunta"},"content":{"rendered":"<p>La Ruta del Vino del Campo de Cari\u00f1ena, que se cre\u00f3 hace 4 a\u00f1os y que ha conseguido en este tiempo una media de 18.000 visitantes por a\u00f1o, ha suscrito hoy un convenio con el Gobierno de Arag\u00f3n y las otras tres rutas de Denominaciones de Origen para impulsar una marca \u00fanica y reconocible del sector enol\u00f3gico denominada &#8220;Rutas del Vino de Arag\u00f3n&#8221;. \u00a0El presidente de la Ruta del Vino Campo de Cari\u00f1ena &#8211; &#8220;Ruta del Vino de las Piedras&#8221;, y vocal de la D.O.P. Cari\u00f1ena, Jes\u00fas Javier Gimeno Guill\u00e9n,\u00a0 ha rubricado el acuerdo junto al consejero de Vertebraci\u00f3n del Territorio del Gobierno de Arag\u00f3n, Jos\u00e9 Luis Soro, y los m\u00e1ximos responsables de las otras tres rutas -Borja, Somontano y Calatayud-.<\/p>\n<p>Jos\u00e9 Luis Soro ha destacado que el convenio, que se incluye dentro de las medidas previstas en el Objetivo 8 del Plan Aragon\u00e9s de Estrategia Tur\u00edstica 2016-2020, que busca dos objetivos: &#8220;potenciar la identidad de cada una de las rutas y las actividades \u00fanicas que desarrollan pero, adem\u00e1s, a trav\u00e9s de la suma de todas y bajo la marca de Enoturismo de Arag\u00f3n, poner en valor a Arag\u00f3n como destino de enoturismo&#8221;. Soro ha destacado que la cultura de vino genera sinergias entre turismo y sector primario y eso es importante para vertebrar Arag\u00f3n. Adem\u00e1s ha se\u00f1alado que &#8220;el vino es una herramienta para llegar a mucha gente que venga a conocer Arag\u00f3n&#8221;.<\/p>\n<p>El consejero ha recordado que en muchas de las acciones de promoci\u00f3n que se llevan a cabo desde la Direcci\u00f3n General de Turismo, especialmente asistencia a ferias, se cuenta con la presencia de Enoturismo de Arag\u00f3n para catas p\u00fablicas con las que se da a conocer el vino de Arag\u00f3n. Adem\u00e1s ha destacado el inter\u00e9s que despiertan y la importancia de estos eventos para seguir fomentando un sector clave para el desarrollo del medio rural aragon\u00e9s.<\/p>\n<p>En este sentido, el presidente de la Ruta del Vino Campo de Cari\u00f1ena &#8211; &#8220;Ruta del Vino de las Piedras&#8221;, Jes\u00fas Javier Gimeno, ha se\u00f1alado que &#8220;muchas cuestiones son comunes a todas las rutas, aunque despu\u00e9s cada uno hace promoci\u00f3n m\u00e1s ajustada a sus caracter\u00edsticas&#8221;. Gimeno ha recordado, &#8220;por ejemplo, en nuestro caso, el Bus del Vino ofrece una visita a un museo, a una bodega con cata y compra de productos, comida en un restaurante de la zona y visita a una localidad por la tarde&#8221;.<\/p>\n<p>Entre las actividades promocionales que se desarrollar\u00e1n a trav\u00e9s de este convenio, que tiene una cuant\u00eda total de 35.000 euros, se encuentran: mantenimiento de p\u00e1ginas web y redes sociales, edici\u00f3n de folletos promocionales, campa\u00f1as de publicidad, asistencia a ferias y actos de promoci\u00f3n, organizaci\u00f3n de eventos y concursos, desarrollo de APP, acciones culturales&#8230; A cada Ruta se destinar\u00e1n 7.500 euros y una partida de 5.000 euros para la promoci\u00f3n conjunta de todas.<\/p>\n<hr>\n<figure id=\"attachment_451\" aria-describedby=\"caption-attachment-451\" style=\"width: 300px\" class=\"wp-caption alignnone\"><a href=\"\/_archivos\/imagenes\/3384.jpg\" target=\"_blank\" rel=\"noopener noreferrer\"><img decoding=\"async\" class=\"size-medium\" src=\"\/_archivos\/imagenes\/300\/3384.jpg\" alt=\"DSC_0050\" title=\"DSC_0050\" width=\"300\" height=\"auto\" \/><\/a><figcaption id=\"caption-attachment-451\" class=\"wp-caption-text\"><a href=\"\/_archivos\/imagenes\/3384.jpg\" target=\"_blank\" rel=\"noopener noreferrer\">Descargar imagen<\/a><\/figcaption><\/figure>\n<figure id=\"attachment_451\" aria-describedby=\"caption-attachment-451\" style=\"width: 300px\" class=\"wp-caption alignnone\"><a href=\"\/_archivos\/imagenes\/3385.jpg\" target=\"_blank\" rel=\"noopener noreferrer\"><img decoding=\"async\" class=\"size-medium\" src=\"\/_archivos\/imagenes\/300\/3385.jpg\" alt=\"A la izquierda, Jes\u00fas Javier Gimeno, presidente de Ruta del Vino Campo de Cari\u00f1ena - El Vino de las \" title=\"A la izquierda, Jes\u00fas Javier Gimeno, presidente de Ruta del Vino Campo de Cari\u00f1ena - El Vino de las \" width=\"300\" height=\"auto\" \/><\/a><figcaption id=\"caption-attachment-451\" class=\"wp-caption-text\"><a href=\"\/_archivos\/imagenes\/3385.jpg\" target=\"_blank\" rel=\"noopener noreferrer\">Descargar imagen<\/a><\/figcaption><\/figure>\n<figure id=\"attachment_451\" aria-describedby=\"caption-attachment-451\" style=\"width: 300px\" class=\"wp-caption alignnone\"><a href=\"\/_archivos\/imagenes\/3386.jpg\" target=\"_blank\" rel=\"noopener noreferrer\"><img decoding=\"async\" class=\"size-medium\" src=\"\/_archivos\/imagenes\/300\/3386.jpg\" alt=\"DSC_0041\" title=\"DSC_0041\" width=\"300\" height=\"auto\" \/><\/a><figcaption id=\"caption-attachment-451\" class=\"wp-caption-text\"><a href=\"\/_archivos\/imagenes\/3386.jpg\" target=\"_blank\" rel=\"noopener noreferrer\">Descargar imagen<\/a><\/figcaption><\/figure>\n<figure id=\"attachment_451\" aria-describedby=\"caption-attachment-451\" style=\"width: 300px\" class=\"wp-caption alignnone\"><a href=\"\/_archivos\/imagenes\/3387.jpg\" target=\"_blank\" rel=\"noopener noreferrer\"><img decoding=\"async\" class=\"size-medium\" src=\"\/_archivos\/imagenes\/300\/3387.jpg\" alt=\"DSC_0044\" title=\"DSC_0044\" width=\"300\" height=\"auto\" \/><\/a><figcaption id=\"caption-attachment-451\" class=\"wp-caption-text\"><a href=\"\/_archivos\/imagenes\/3387.jpg\" target=\"_blank\" rel=\"noopener noreferrer\">Descargar imagen<\/a><\/figcaption><\/figure>\n<figure id=\"attachment_451\" aria-describedby=\"caption-attachment-451\" style=\"width: 300px\" class=\"wp-caption alignnone\"><a href=\"\/_archivos\/imagenes\/3388.jpg\" target=\"_blank\" rel=\"noopener noreferrer\"><img decoding=\"async\" class=\"size-medium\" src=\"\/_archivos\/imagenes\/300\/3388.jpg\" alt=\"El consejero Jos\u00e9 Luis Soro y los representantes de las cuatro Rutas del Vino\" title=\"El consejero Jos\u00e9 Luis Soro y los representantes de las cuatro Rutas del Vino\" width=\"300\" height=\"auto\" \/><\/a><figcaption id=\"caption-attachment-451\" class=\"wp-caption-text\"><a href=\"\/_archivos\/imagenes\/3388.jpg\" target=\"_blank\" rel=\"noopener noreferrer\">Descargar imagen<\/a><\/figcaption><\/figure>    \t<\/p>\n","protected":false},"excerpt":{"rendered":"<p>La Ruta del Vino del Campo de Cari\u00f1ena, que se cre\u00f3 hace 4 a\u00f1os y que ha conseguido en este tiempo una media de 18.000 visitantes por a\u00f1o, ha suscrito hoy un convenio con el Gobierno de Arag\u00f3n y las otras tres rutas de Denominaciones de Origen para impulsar una marca \u00fanica y reconocible del &hellip;<\/p>\n","protected":false},"author":6,"featured_media":4039,"comment_status":"closed","ping_status":"closed","sticky":false,"template":"","format":"standard","meta":{"_genesis_hide_title":false,"_genesis_hide_breadcrumbs":false,"_genesis_hide_singular_image":false,"_genesis_hide_footer_widgets":false,"_genesis_custom_body_class":"","_genesis_custom_post_class":"","_genesis_layout":"","ngg_post_thumbnail":0,"footnotes":""},"categories":[1],"tags":[],"class_list":{"0":"post-4038","1":"post","2":"type-post","3":"status-publish","4":"format-standard","5":"has-post-thumbnail","7":"category-noticias","8":"entry"},"_links":{"self":[{"href":"https:\/\/elvinodelaspiedras.es\/en\/wp-json\/wp\/v2\/posts\/4038"}],"collection":[{"href":"https:\/\/elvinodelaspiedras.es\/en\/wp-json\/wp\/v2\/posts"}],"about":[{"href":"https:\/\/elvinodelaspiedras.es\/en\/wp-json\/wp\/v2\/types\/post"}],"author":[{"embeddable":true,"href":"https:\/\/elvinodelaspiedras.es\/en\/wp-json\/wp\/v2\/users\/6"}],"replies":[{"embeddable":true,"href":"https:\/\/elvinodelaspiedras.es\/en\/wp-json\/wp\/v2\/comments?post=4038"}],"version-history":[{"count":1,"href":"https:\/\/elvinodelaspiedras.es\/en\/wp-json\/wp\/v2\/posts\/4038\/revisions"}],"predecessor-version":[{"id":5878,"href":"https:\/\/elvinodelaspiedras.es\/en\/wp-json\/wp\/v2\/posts\/4038\/revisions\/5878"}],"wp:featuredmedia":[{"embeddable":true,"href":"https:\/\/elvinodelaspiedras.es\/en\/wp-json\/wp\/v2\/media\/4039"}],"wp:attachment":[{"href":"https:\/\/elvinodelaspiedras.es\/en\/wp-json\/wp\/v2\/media?parent=4038"}],"wp:term":[{"taxonomy":"category","embeddable":true,"href":"https:\/\/elvinodelaspiedras.es\/en\/wp-json\/wp\/v2\/categories?post=4038"},{"taxonomy":"post_tag","embeddable":true,"href":"https:\/\/elvinodelaspiedras.es\/en\/wp-json\/wp\/v2\/tags?post=4038"}],"curies":[{"name":"wp","href":"https:\/\/api.w.org\/{rel}","templated":true}]}}