{"id":4040,"date":"2018-02-05T00:00:00","date_gmt":"2018-02-05T00:00:00","guid":{"rendered":"http:\/\/elvinodelaspiedras.local\/la-televisiva-policia-petra-delicado-se-suma-a-los-amantes-de-los-vinos-de-las-piedras-de-la-dop-carinena\/"},"modified":"2020-11-13T12:29:29","modified_gmt":"2020-11-13T12:29:29","slug":"la-televisiva-policia-petra-delicado-se-suma-a-los-amantes-de-los-vinos-de-las-piedras-de-la-dop-carinena","status":"publish","type":"post","link":"https:\/\/elvinodelaspiedras.es\/en\/comunicacion\/noticias\/la-televisiva-policia-petra-delicado-se-suma-a-los-amantes-de-los-vinos-de-las-piedras-de-la-dop-carinena\/","title":{"rendered":"La televisiva polic\u00eda petra delicado se suma a los amantes de los vinos de las piedras de la D.O.P. Cari\u00f1ena"},"content":{"rendered":"<p>La calidad de los <strong>&#8220;Vinos de las Piedras&#8221;<\/strong> de la <strong>Denominaci\u00f3n de Origen Protegida Cari\u00f1ena<\/strong> ha sumado un nuevo y original reconocimiento, con una elogiosa menci\u00f3n en la \u00faltima novela de <strong>Alicia Gim\u00e9nez Bartlett<\/strong>, autora de la popular serie de novelas policiacas protagonizadas por la inspectora <strong>Petra Delicado<\/strong>, que tambi\u00e9n dio lugar a una exitosa serie de televisi\u00f3n. Por boca de su personaje, la escritora califica a los cari\u00f1enas de &#8220;opci\u00f3n novedosa y excelente&#8221;.<\/p>\n<p><strong>&#8220;Mi querido asesino en serie&#8221;<\/strong> es el t\u00edtulo de la novela, la d\u00e9cima protagonizada por la investigadora, en la que su creadora y los personajes <strong>muestran su gusto por los buenos vinos de Cari\u00f1ena<\/strong>, aprovechando el momento de una lujosa cena en medio de la investigaci\u00f3n criminal que centra la trama.<\/p>\n<p>En esta escena, la suegra de Petra Delicado invita a la familia al &#8220;mejor restaurante de la ciudad&#8221; y, cuenta el personaje como narrador de la novela: &#8220;Nos enzarzamos en la \u00b4t\u00edpica conversaci\u00f3n de los nuevos espa\u00f1olitos: denominaciones de origen, a\u00f1adas, tipos de uva&#8230; <strong>Al final mi suegra nos sorprendi\u00f3 inclin\u00e1ndose por los cari\u00f1enas, que eran una opci\u00f3n novedosa y excelente&#8221;<\/strong>. Y el di\u00e1logo a\u00f1ade: <strong>&#8220;Estos vinos acabar\u00e1n poni\u00e9ndose de moda y marcando tendencia, ya ver\u00e9is&#8221;.<\/strong><\/p>\n<p><strong>Alicia Gim\u00e9nez Bartlett<\/strong> (Almansa, Albacete, 1951) ha publicado, entre otras, las novelas &#8220;Una habitaci\u00f3n ajena&#8221; (Premio Femenino Singular 1997), &#8220;Donde nadie te encuentre&#8221; (Premio Nadal de Novela 2011) y &#8220;Hombres desnudos&#8221; (Premio Planeta 2015).<\/p>\n<p>Con la serie protagonizada por la inspectora Petra Delicado se ha convertido en <strong>una de las autoras espa\u00f1olas m\u00e1s traducidas y le\u00eddas en el mundo<\/strong> y ha recibido los prestigiosos premios Grinzane Cavour en Italia, Raymond Chandler en Suiza y Pepe Carvalho en Barcelona. En 1999, el personaje fue tambi\u00e9n llevado a la pantalla en <strong>Telecinco<\/strong>, en forma de una serie de televisi\u00f3n de trece episodios, protagonizada por <strong>Ana Bel\u00e9n y Santiago Segura<\/strong>.<\/p>\n<p>La <strong>perspectiva feminista<\/strong> es uno de los signos de identidad de toda la obra Gim\u00e9nez Bartlett, incluida su famosa serie de novelas policiacas, aunque la autora muestra tambi\u00e9n as\u00ed su faceta como gastr\u00f3noma, defendiendo que la buena comida se debe acompa\u00f1ar del me<a name=\"_GoBack\"><\/a>jor vino.<\/p>\n<hr>\n<figure id=\"attachment_452\" aria-describedby=\"caption-attachment-452\" style=\"width: 300px\" class=\"wp-caption alignnone\"><a href=\"\/_archivos\/imagenes\/3389.jpg\" target=\"_blank\" rel=\"noopener noreferrer\"><img decoding=\"async\" class=\"size-medium\" src=\"\/_archivos\/imagenes\/300\/3389.jpg\" alt=\"cita-carinena\" title=\"cita-carinena\" width=\"300\" height=\"auto\" \/><\/a><figcaption id=\"caption-attachment-452\" class=\"wp-caption-text\"><a href=\"\/_archivos\/imagenes\/3389.jpg\" target=\"_blank\" rel=\"noopener noreferrer\">Descargar imagen<\/a><\/figcaption><\/figure>\n<figure id=\"attachment_452\" aria-describedby=\"caption-attachment-452\" style=\"width: 300px\" class=\"wp-caption alignnone\"><a href=\"\/_archivos\/imagenes\/3390.jpg\" target=\"_blank\" rel=\"noopener noreferrer\"><img decoding=\"async\" class=\"size-medium\" src=\"\/_archivos\/imagenes\/300\/3390.jpg\" alt=\"portada_mi-querido-asesino-en-serie_alicia-gimenez-bartlett\" title=\"portada_mi-querido-asesino-en-serie_alicia-gimenez-bartlett\" width=\"300\" height=\"auto\" \/><\/a><figcaption id=\"caption-attachment-452\" class=\"wp-caption-text\"><a href=\"\/_archivos\/imagenes\/3390.jpg\" target=\"_blank\" rel=\"noopener noreferrer\">Descargar imagen<\/a><\/figcaption><\/figure>\n<figure id=\"attachment_452\" aria-describedby=\"caption-attachment-452\" style=\"width: 300px\" class=\"wp-caption alignnone\"><a href=\"\/_archivos\/imagenes\/3391.jpg\" target=\"_blank\" rel=\"noopener noreferrer\"><img decoding=\"async\" class=\"size-medium\" src=\"\/_archivos\/imagenes\/300\/3391.jpg\" alt=\"ALICIA_GIMENEZ_BARTLET\" title=\"ALICIA_GIMENEZ_BARTLET\" width=\"300\" height=\"auto\" \/><\/a><figcaption id=\"caption-attachment-452\" class=\"wp-caption-text\"><a href=\"\/_archivos\/imagenes\/3391.jpg\" target=\"_blank\" rel=\"noopener noreferrer\">Descargar imagen<\/a><\/figcaption><\/figure>    \t<\/p>\n","protected":false},"excerpt":{"rendered":"<p>La calidad de los &#8220;Vinos de las Piedras&#8221; de la Denominaci\u00f3n de Origen Protegida Cari\u00f1ena ha sumado un nuevo y original reconocimiento, con una elogiosa menci\u00f3n en la \u00faltima novela de Alicia Gim\u00e9nez Bartlett, autora de la popular serie de novelas policiacas protagonizadas por la inspectora Petra Delicado, que tambi\u00e9n dio lugar a una exitosa &hellip;<\/p>\n","protected":false},"author":6,"featured_media":4041,"comment_status":"closed","ping_status":"closed","sticky":false,"template":"","format":"standard","meta":{"_genesis_hide_title":false,"_genesis_hide_breadcrumbs":false,"_genesis_hide_singular_image":false,"_genesis_hide_footer_widgets":false,"_genesis_custom_body_class":"","_genesis_custom_post_class":"","_genesis_layout":"","ngg_post_thumbnail":0,"footnotes":""},"categories":[1],"tags":[],"class_list":{"0":"post-4040","1":"post","2":"type-post","3":"status-publish","4":"format-standard","5":"has-post-thumbnail","7":"category-noticias","8":"entry"},"_links":{"self":[{"href":"https:\/\/elvinodelaspiedras.es\/en\/wp-json\/wp\/v2\/posts\/4040"}],"collection":[{"href":"https:\/\/elvinodelaspiedras.es\/en\/wp-json\/wp\/v2\/posts"}],"about":[{"href":"https:\/\/elvinodelaspiedras.es\/en\/wp-json\/wp\/v2\/types\/post"}],"author":[{"embeddable":true,"href":"https:\/\/elvinodelaspiedras.es\/en\/wp-json\/wp\/v2\/users\/6"}],"replies":[{"embeddable":true,"href":"https:\/\/elvinodelaspiedras.es\/en\/wp-json\/wp\/v2\/comments?post=4040"}],"version-history":[{"count":1,"href":"https:\/\/elvinodelaspiedras.es\/en\/wp-json\/wp\/v2\/posts\/4040\/revisions"}],"predecessor-version":[{"id":5877,"href":"https:\/\/elvinodelaspiedras.es\/en\/wp-json\/wp\/v2\/posts\/4040\/revisions\/5877"}],"wp:featuredmedia":[{"embeddable":true,"href":"https:\/\/elvinodelaspiedras.es\/en\/wp-json\/wp\/v2\/media\/4041"}],"wp:attachment":[{"href":"https:\/\/elvinodelaspiedras.es\/en\/wp-json\/wp\/v2\/media?parent=4040"}],"wp:term":[{"taxonomy":"category","embeddable":true,"href":"https:\/\/elvinodelaspiedras.es\/en\/wp-json\/wp\/v2\/categories?post=4040"},{"taxonomy":"post_tag","embeddable":true,"href":"https:\/\/elvinodelaspiedras.es\/en\/wp-json\/wp\/v2\/tags?post=4040"}],"curies":[{"name":"wp","href":"https:\/\/api.w.org\/{rel}","templated":true}]}}