{"id":4046,"date":"2018-03-14T00:00:00","date_gmt":"2018-03-14T00:00:00","guid":{"rendered":"http:\/\/elvinodelaspiedras.local\/el-ii-dia-movimiento-vino-do-se-celebrara-el-sabado-12-de-mayo\/"},"modified":"2020-11-13T12:29:29","modified_gmt":"2020-11-13T12:29:29","slug":"el-ii-dia-movimiento-vino-do-se-celebrara-el-sabado-12-de-mayo","status":"publish","type":"post","link":"https:\/\/elvinodelaspiedras.es\/en\/comunicacion\/noticias\/el-ii-dia-movimiento-vino-do-se-celebrara-el-sabado-12-de-mayo\/","title":{"rendered":"El II d\u00eda movimiento vino D.O. se celebrar\u00e1 el s\u00e1bado 12 de mayo"},"content":{"rendered":"<p>La Conferencia Espa\u00f1ola de Consejos Reguladores Vitivin\u00edcolas (CECRV), asociaci\u00f3n que representa a las denominaciones de origen de vino, celebr\u00f3 el 8 de marzo su XXI asamblea general. A ella acudieron casi 60 representantes de m\u00e1s de 35 consejos reguladores. La reuni\u00f3n sirvi\u00f3 para repasar los logros alcanzados por la organizaci\u00f3n en los \u00faltimos 5 a\u00f1os y para fijar sus l\u00edneas de acci\u00f3n en 2018.<\/p>\n<p>La XXI Asamblea General de CECRV, que reuni\u00f3 en Madrid a 58 representantes de casi 40 consejos reguladores, arroja como resultados un refuerzo de la estructura de la organizaci\u00f3n, que permitir\u00e1 a la Conferencia dedicar m\u00e1s recursos a los servicios de informaci\u00f3n y formaci\u00f3n que presta a sus asociados, as\u00ed como a dar a conocer y promover lo que significa el concepto denominaci\u00f3n de origen y la importancia de estas figuras de calidad y del vino con D.O. en nuestro pa\u00eds a nivel econ\u00f3mico, social y medio ambiental.<\/p>\n<p>Para ello, CECRV centrar\u00e1 parte de sus esfuerzos durante el presente a\u00f1o en seguir reforzando lazos con la Administraci\u00f3n General del Estado, con asociaciones y organizaciones profesionales y con instituciones p\u00fablicas y privadas cuyas funciones, objetivos o \u00e1mbitos de actividad guardan relaci\u00f3n con las denominaciones de origen. Asimismo, se trabajar\u00e1 en la organizaci\u00f3n de acciones formativas e informativas destinadas a poner en valor el concepto denominaci\u00f3n de origen, su protecci\u00f3n frente a posibles fraudes y su aportaci\u00f3n hacia operadores, territorios, consumidores y cadenas de distribuci\u00f3n, hosteler\u00eda y restauraci\u00f3n.<\/p>\n<p>Tambi\u00e9n en 2018 se celebrar\u00e1 el II D\u00eda Movimiento Vino D.O. Ser\u00e1 el s\u00e1bado 12 de mayo. El primer D\u00eda Movimiento Vino D.O. tuvo lugar el 20 de mayo del a\u00f1o pasado y a \u00e9l se sumaron 25 DD. OO. de todo el pa\u00eds. Ser\u00e1 nuevamente una jornada de car\u00e1cter festivo, con la que destacar la importancia de los vinos con denominaci\u00f3n de origen, su cultura, las caracter\u00edsticas propias de cada uno, a trav\u00e9s del sencillo gesto de brindar por el vino D.O. y hacerlo de forma simult\u00e1nea en diversos lugares emblem\u00e1ticos del pa\u00eds..<\/p>\n<p>Con todo, la Asamblea General tambi\u00e9n permiti\u00f3 repasar y fijar l\u00edneas de acci\u00f3n en torno a diferentes asuntos normativos que ata\u00f1en especialmente a las denominaciones de origen, como el nuevo mecanismo de modificaci\u00f3n de pliegos que se est\u00e1 perfilando en Bruselas y que se espera que pueda ser aprobado y entrar en vigor tras el verano; la forma de suministrar informaci\u00f3n nutricional y de ingredientes al consumidor en el corto y medio plazo; el estado de las negociaciones comerciales que est\u00e1 llevando a cabo la UE con los pa\u00edses MERCOSUR y con el Reino Unido (BREXIT) y sus implicaciones para el sector del vino y las primeras opciones que se barajan para los instrumentos espec\u00edficos del sector (sistema de autorizaciones y programas de apoyo) en el debate para la nueva Pol\u00edtica Agr\u00edcola Com\u00fan (PAC) post-2020.<\/p>\n<p>Al comienzo de la reuni\u00f3n, el presidente de CECRV, David Palacios Algarra, en nombre de todos los socios de la organizaci\u00f3n, realiz\u00f3 un reconocimiento del trabajo de las mujeres en el sector del vino, asegurando que aunque el n\u00famero de hombres que trabajan en el sector sigue siendo mayor\u00eda, cada vez son m\u00e1s las mujeres dedicadas al mundo del vino y m\u00e1s concretamente al \u00e1mbito de las denominaciones de origen, desde diferentes posiciones, lo cual es motivo de satisfacci\u00f3n para todos.<\/p>\n<p>CECRV integra en la actualidad a <strong>51 Consejos Reguladores<\/strong>, representativos de <strong>53 denominaciones de origen vitivin\u00edcolas<\/strong> (los consejos reguladores de Jerez y M\u00e1laga lo son tambi\u00e9n de las D.O. Manzanilla y Sierras de M\u00e1laga, respectivamente), m\u00e1s del 80 % del total de las denominaciones de origen vitivin\u00edcolas espa\u00f1olas y, en t\u00e9rminos de comercializaci\u00f3n, m\u00e1s del 90% del volumen de vino amparado por D.O., seg\u00fan los \u00faltimos datos disponibles publicados por el Ministerio de Agricultura y Pesca, Alimentaci\u00f3n y Medio Ambiente, referidos a la campa\u00f1a 2015\/2016<a name=\"_ftnref1\"><\/a>.<\/p>\n<p>Seg\u00fan estos mismos datos, CECRV agrupa a <strong>3.869 bodegas<\/strong> (el 95,43 % del total de bodegas adscritas a las 69 D.O. del vino que existen hoy en Espa\u00f1a), que comercializan <strong>10.711.730 hl. de vino con D.O.,<\/strong> la inmensa mayor\u00eda del vino envasado con D.O. (83,85%) que se comercializa en nuestro pa\u00eds, seg\u00fan los datos del MAPAMA.<\/p>\n<p>Las 53 Denominaciones de Origen miembro de la Conferencia integran a <strong>118.320 viticultores<\/strong> (el 98,03% del total de viticultores adscritos a las 69 D.O.) y son titulares de <strong>549.300 hect\u00e1reas<\/strong><strong> de vi\u00f1edo <\/strong>(el 96,02% del total de superficie adscrita a las D.O. y el 57,74% de las 951.200 has. de vi\u00f1edo en Espa\u00f1a).<\/p>\n<p><strong>CECRV forma parte tambi\u00e9n de la <em>European Federation of Origin Wines<\/em> <\/strong>(EFOW), junto a las organizaciones que representan a Denominaciones de Origen e Indicaciones Geogr\u00e1ficas del resto de grandes pa\u00edses productores europeos (Francia, Italia y Portugal). <\/p>\n<p>La Asamblea General del 8 de marzo fue la n\u00famero XXI desde que CECRV se dotase de personalidad jur\u00eddica propia como asociaci\u00f3n nacional sin \u00e1nimo de lucro en febrero de 2008.<\/p>\n<hr>\n<figure id=\"attachment_455\" aria-describedby=\"caption-attachment-455\" style=\"width: 300px\" class=\"wp-caption alignnone\"><a href=\"\/_archivos\/imagenes\/3395.jpg\" target=\"_blank\" rel=\"noopener noreferrer\"><img decoding=\"async\" class=\"size-medium\" src=\"\/_archivos\/imagenes\/300\/3395.jpg\" alt=\"AG CECRV (II)\" title=\"AG CECRV (II)\" width=\"300\" height=\"auto\" \/><\/a><figcaption id=\"caption-attachment-455\" class=\"wp-caption-text\"><a href=\"\/_archivos\/imagenes\/3395.jpg\" target=\"_blank\" rel=\"noopener noreferrer\">Descargar imagen<\/a><\/figcaption><\/figure>\n<figure id=\"attachment_455\" aria-describedby=\"caption-attachment-455\" style=\"width: 300px\" class=\"wp-caption alignnone\"><a href=\"\/_archivos\/imagenes\/3396.jpg\" target=\"_blank\" rel=\"noopener noreferrer\"><img decoding=\"async\" class=\"size-medium\" src=\"\/_archivos\/imagenes\/300\/3396.jpg\" alt=\"AG CECRV (I)\" title=\"AG CECRV (I)\" width=\"300\" height=\"auto\" \/><\/a><figcaption id=\"caption-attachment-455\" class=\"wp-caption-text\"><a href=\"\/_archivos\/imagenes\/3396.jpg\" target=\"_blank\" rel=\"noopener noreferrer\">Descargar imagen<\/a><\/figcaption><\/figure>    \t<\/p>\n","protected":false},"excerpt":{"rendered":"<p>La Conferencia Espa\u00f1ola de Consejos Reguladores Vitivin\u00edcolas (CECRV), asociaci\u00f3n que representa a las denominaciones de origen de vino, celebr\u00f3 el 8 de marzo su XXI asamblea general. A ella acudieron casi 60 representantes de m\u00e1s de 35 consejos reguladores. La reuni\u00f3n sirvi\u00f3 para repasar los logros alcanzados por la organizaci\u00f3n en los \u00faltimos 5 a\u00f1os &hellip;<\/p>\n","protected":false},"author":6,"featured_media":4047,"comment_status":"closed","ping_status":"closed","sticky":false,"template":"","format":"standard","meta":{"_genesis_hide_title":false,"_genesis_hide_breadcrumbs":false,"_genesis_hide_singular_image":false,"_genesis_hide_footer_widgets":false,"_genesis_custom_body_class":"","_genesis_custom_post_class":"","_genesis_layout":"","ngg_post_thumbnail":0,"footnotes":""},"categories":[1],"tags":[],"class_list":{"0":"post-4046","1":"post","2":"type-post","3":"status-publish","4":"format-standard","5":"has-post-thumbnail","7":"category-noticias","8":"entry"},"_links":{"self":[{"href":"https:\/\/elvinodelaspiedras.es\/en\/wp-json\/wp\/v2\/posts\/4046"}],"collection":[{"href":"https:\/\/elvinodelaspiedras.es\/en\/wp-json\/wp\/v2\/posts"}],"about":[{"href":"https:\/\/elvinodelaspiedras.es\/en\/wp-json\/wp\/v2\/types\/post"}],"author":[{"embeddable":true,"href":"https:\/\/elvinodelaspiedras.es\/en\/wp-json\/wp\/v2\/users\/6"}],"replies":[{"embeddable":true,"href":"https:\/\/elvinodelaspiedras.es\/en\/wp-json\/wp\/v2\/comments?post=4046"}],"version-history":[{"count":1,"href":"https:\/\/elvinodelaspiedras.es\/en\/wp-json\/wp\/v2\/posts\/4046\/revisions"}],"predecessor-version":[{"id":5874,"href":"https:\/\/elvinodelaspiedras.es\/en\/wp-json\/wp\/v2\/posts\/4046\/revisions\/5874"}],"wp:featuredmedia":[{"embeddable":true,"href":"https:\/\/elvinodelaspiedras.es\/en\/wp-json\/wp\/v2\/media\/4047"}],"wp:attachment":[{"href":"https:\/\/elvinodelaspiedras.es\/en\/wp-json\/wp\/v2\/media?parent=4046"}],"wp:term":[{"taxonomy":"category","embeddable":true,"href":"https:\/\/elvinodelaspiedras.es\/en\/wp-json\/wp\/v2\/categories?post=4046"},{"taxonomy":"post_tag","embeddable":true,"href":"https:\/\/elvinodelaspiedras.es\/en\/wp-json\/wp\/v2\/tags?post=4046"}],"curies":[{"name":"wp","href":"https:\/\/api.w.org\/{rel}","templated":true}]}}