{"id":4050,"date":"2018-04-13T00:00:00","date_gmt":"2018-04-13T00:00:00","guid":{"rendered":"http:\/\/elvinodelaspiedras.local\/covinca-exporta-el-85-de-su-produccion\/"},"modified":"2020-11-13T12:29:29","modified_gmt":"2020-11-13T12:29:29","slug":"covinca-exporta-el-85-de-su-produccion","status":"publish","type":"post","link":"https:\/\/elvinodelaspiedras.es\/en\/comunicacion\/noticias\/covinca-exporta-el-85-de-su-produccion\/","title":{"rendered":"Covinca exporta el 85 % de su producci\u00f3n"},"content":{"rendered":"<p>El consejero de Desarrollo Rural y Sostenibilidad del Gobierno de Arag\u00f3n, Joaqu\u00edn Olona, ha visitado la bodega Covinca de la D.O.P. Cari\u00f1ena, donde la junta directiva le ha presentado sus proyectos de inversi\u00f3n.<\/p>\n<p>Para este ejercicio, seg\u00fan ha explicado el Gobierno de Arag\u00f3n en una nota de prensa, Covinca va a llevar a cabo importantes proyectos como la ampliaci\u00f3n de la planta de aguas residuales, la adquisici\u00f3n de un programa de gesti\u00f3n integral de la bodega y la ampliaci\u00f3n del parque de barricas para los vinos de crianza.<\/p>\n<p>En el ejercicio pasado, la bodega experiment\u00f3 un aumento del volumen de negocio en un 20 % y en el presente ejercicio el reto consiste en consolidar la cartera de clientes y aumentar el resultado de las bodegas.<\/p>\n<p>COVINCA, fundada en 1987 en la localidad de Longares, es una de las principales bodegas de D.O.P. Cari\u00f1ena con m\u00e1s de 2.000 hect\u00e1reas de vi\u00f1edo en un emplazamiento privilegiado en el campo de Cari\u00f1ena. Dispone de m\u00e1s de 15.000 m2 de instalaciones para la elaboraci\u00f3n de sus vinos.<\/p>\n<p>En la actualidad exporta alrededor del 85 % de su producci\u00f3n, a cuatro grandes zonas: mercado nacional, europeo, estadounidense y asi\u00e1tico. Sus marcas m\u00e1s reconocidas son Torrelongares, Marqu\u00e9s de Somera, Marqu\u00e9s de Longares, Vi\u00f1a Oria y Terrai.<\/p>\n<p>EL GOBIERNO DE ARAG\u00d3N PONE A DISPOSICI\u00d3N DEL SECTOR VITIVIN\u00cdCOLA M\u00c1S DE 12 MILLONES ANUALMENTE<\/p>\n<p>Por su parte, el consejero de Desarrollo Rural y Sostenibilidad, Joaqu\u00edn Olona, ha puesto como ejemplo a seguir por el resto del sistema agroalimentario al sector del vino en Arag\u00f3n por &#8220;ser el sector que m\u00e1s y mejor se ha internacionalizado y por tener un claro enfoque comercial dirigido al mercado, lo que le lleva a producir en funci\u00f3n de lo que ese mercado demanda&#8221;.<\/p>\n<p>Asimismo, el consejero ha destacado &#8220;que ha sabido hacerlo desde una base fundamentalmente cooperativa, por lo que el viticultor est\u00e1 directamente relacionado con el vinicultor&#8221;. Para Olona es fundamental que &#8220;todo el desarrollo agroindustrial y comercial redunde directamente en beneficio de los agricultores y en definitiva del territorio&#8221;.<\/p>\n<p>El Gobierno de Arag\u00f3n pone a disposici\u00f3n del sector vitivin\u00edcola m\u00e1s de 12 millones anualmente, a trav\u00e9s de tres l\u00edneas de ayuda destinadas a los programas de reestructuraci\u00f3n del vi\u00f1edo, la inversi\u00f3n en bodegas y la promoci\u00f3n a terceros pa\u00edses.<\/p>\n<p>La \u00faltima convocatoria del Departamento de Desarrollo Rural y Sostenibilidad a la inversi\u00f3n en el sector del vino sali\u00f3 la semana pasada con una dotaci\u00f3n de 5 millones de euros.<\/p>\n<p>Esta orden tiene como objeto mejorar el rendimiento global de las empresas del sector vitivin\u00edcola y su adaptaci\u00f3n a las demandas del mercado, as\u00ed como a aumentar su competitividad, se conceder\u00e1 apoyo financiero a las inversiones tangibles o intangibles en instalaciones de transformaci\u00f3n e infraestructura vin\u00edcola, as\u00ed como estructuras e instrumentos de comercializaci\u00f3n, incluso con el fin de mejorar el ahorro de energ\u00eda, la eficiencia energ\u00e9tica global y los procesos sostenibles.<\/p>\n<p>Podr\u00e1n ser beneficiarios de la medida de inversiones: empresas vitivin\u00edcolas, organizaciones de productores vitivin\u00edcolas, asociaciones de dos o m\u00e1s productores, con personalidad jur\u00eddica y las organizaciones interprofesionales. Se considerar\u00e1n subvencionables los costes de las siguientes acciones:<\/p>\n<p>-Construcci\u00f3n, adquisici\u00f3n o mejora de bienes inmuebles.<\/p>\n<p>-Compra de nueva maquinaria y equipo hasta el valor de mercado del producto.<\/p>\n<p>-Costes generales vinculados a los gastos contemplados en las letras a y b, tales como honorarios de arquitectos, ingenieros y asesores, as\u00ed como estudios de vialidad, con el l\u00edmite del 8% del presupuesto aprobado para la operaci\u00f3n de inversi\u00f3n.<\/p>\n<p>-La adquisici\u00f3n o el desarrollo de soportes l\u00f3gicos de ordenador y la adquisici\u00f3n de patentes, licencias, derechos de autor y el registro de marcas colectivas.<\/p>\n<p>El plazo de presentaci\u00f3n de las solicitudes finalizar\u00e1 el d\u00eda 16 de abril de 2018. Las operaciones deber\u00e1n afectar presupuestariamente como m\u00e1ximo a dos ejercicios FEAGA consecutivos inmediatamente siguientes al ejercicio FEAGA en el que se cierre el plazo de presentaci\u00f3n de las solicitudes de ayuda. La ejecuci\u00f3n de las operaciones podr\u00e1 tener lugar desde el levantamiento del acta de no inicio correspondiente, una vez presentada la solicitud de ayuda.<\/p>\n<p>El procedimiento de concesi\u00f3n de las subvenciones previstas en esta convocatoria se tramitar\u00e1 en r\u00e9gimen de concurrencia competitiva, y de acuerdo con los principios de publicidad, objetividad, transparencia, igualdad y no discriminaci\u00f3n, y el porcentaje m\u00e1ximo de ayuda es del 40% para las solicitudes seleccionadas (FEAGA). Las solicitudes de ayuda se evaluar\u00e1n y seleccionar\u00e1n atendiendo a los criterios de valoraci\u00f3n establecidos en dicha Orden.<\/p>\n<hr>\n<figure id=\"attachment_458\" aria-describedby=\"caption-attachment-458\" style=\"width: 300px\" class=\"wp-caption alignnone\"><a href=\"\/_archivos\/imagenes\/3400.jpg\" target=\"_blank\" rel=\"noopener noreferrer\"><img decoding=\"async\" class=\"size-medium\" src=\"\/_archivos\/imagenes\/300\/3400.jpg\" alt=\"covinca\" title=\"covinca\" width=\"300\" height=\"auto\" \/><\/a><figcaption id=\"caption-attachment-458\" class=\"wp-caption-text\"><a href=\"\/_archivos\/imagenes\/3400.jpg\" target=\"_blank\" rel=\"noopener noreferrer\">Descargar imagen<\/a><\/figcaption><\/figure>\n","protected":false},"excerpt":{"rendered":"<p>El consejero de Desarrollo Rural y Sostenibilidad del Gobierno de Arag\u00f3n, Joaqu\u00edn Olona, ha visitado la bodega Covinca de la D.O.P. Cari\u00f1ena, donde la junta directiva le ha presentado sus proyectos de inversi\u00f3n. Para este ejercicio, seg\u00fan ha explicado el Gobierno de Arag\u00f3n en una nota de prensa, Covinca va a llevar a cabo importantes &hellip;<\/p>\n","protected":false},"author":6,"featured_media":4051,"comment_status":"closed","ping_status":"closed","sticky":false,"template":"","format":"standard","meta":{"_genesis_hide_title":false,"_genesis_hide_breadcrumbs":false,"_genesis_hide_singular_image":false,"_genesis_hide_footer_widgets":false,"_genesis_custom_body_class":"","_genesis_custom_post_class":"","_genesis_layout":"","ngg_post_thumbnail":0,"footnotes":""},"categories":[1],"tags":[],"class_list":{"0":"post-4050","1":"post","2":"type-post","3":"status-publish","4":"format-standard","5":"has-post-thumbnail","7":"category-noticias","8":"entry"},"_links":{"self":[{"href":"https:\/\/elvinodelaspiedras.es\/en\/wp-json\/wp\/v2\/posts\/4050"}],"collection":[{"href":"https:\/\/elvinodelaspiedras.es\/en\/wp-json\/wp\/v2\/posts"}],"about":[{"href":"https:\/\/elvinodelaspiedras.es\/en\/wp-json\/wp\/v2\/types\/post"}],"author":[{"embeddable":true,"href":"https:\/\/elvinodelaspiedras.es\/en\/wp-json\/wp\/v2\/users\/6"}],"replies":[{"embeddable":true,"href":"https:\/\/elvinodelaspiedras.es\/en\/wp-json\/wp\/v2\/comments?post=4050"}],"version-history":[{"count":1,"href":"https:\/\/elvinodelaspiedras.es\/en\/wp-json\/wp\/v2\/posts\/4050\/revisions"}],"predecessor-version":[{"id":5872,"href":"https:\/\/elvinodelaspiedras.es\/en\/wp-json\/wp\/v2\/posts\/4050\/revisions\/5872"}],"wp:featuredmedia":[{"embeddable":true,"href":"https:\/\/elvinodelaspiedras.es\/en\/wp-json\/wp\/v2\/media\/4051"}],"wp:attachment":[{"href":"https:\/\/elvinodelaspiedras.es\/en\/wp-json\/wp\/v2\/media?parent=4050"}],"wp:term":[{"taxonomy":"category","embeddable":true,"href":"https:\/\/elvinodelaspiedras.es\/en\/wp-json\/wp\/v2\/categories?post=4050"},{"taxonomy":"post_tag","embeddable":true,"href":"https:\/\/elvinodelaspiedras.es\/en\/wp-json\/wp\/v2\/tags?post=4050"}],"curies":[{"name":"wp","href":"https:\/\/api.w.org\/{rel}","templated":true}]}}