{"id":4054,"date":"2018-04-17T00:00:00","date_gmt":"2018-04-17T00:00:00","guid":{"rendered":"http:\/\/elvinodelaspiedras.local\/la-dop-carinena-celebrara-por-segundo-ano-consecutivo-el-dia-movimiento-vino-do-el-sabado-12-de-mayo\/"},"modified":"2020-11-13T12:29:29","modified_gmt":"2020-11-13T12:29:29","slug":"la-dop-carinena-celebrara-por-segundo-ano-consecutivo-el-dia-movimiento-vino-do-el-sabado-12-de-mayo","status":"publish","type":"post","link":"https:\/\/elvinodelaspiedras.es\/en\/comunicacion\/noticias\/la-dop-carinena-celebrara-por-segundo-ano-consecutivo-el-dia-movimiento-vino-do-el-sabado-12-de-mayo\/","title":{"rendered":"La D.O.P. Cari\u00f1ena celebrar\u00e1 por segundo a\u00f1o consecutivo el d\u00eda movimiento vino D.O. el s\u00e1bado 12 de mayo"},"content":{"rendered":"<p>La <strong>Denominaci\u00f3n de Origen Protegida Cari\u00f1ena<\/strong> llevar\u00e1 a cabo el brindis colectivo el s\u00e1bado 12 de mayo, con motivo del <strong>II MOVIMIENTO VINO D.O.,<\/strong> en la plaza de Espa\u00f1a de la localidad zaragozana, donde se ubica la <strong>emblem\u00e1tica Fuente de la Mora<\/strong>. Contar\u00e1 adem\u00e1s con un invitado especial, que se dar\u00e1 a conocer en los pr\u00f3ximos d\u00edas, como ya ocurri\u00f3 el a\u00f1o pasado cuando la protagonista del acto fue la <strong>actriz Luisa Gavasa<\/strong>.<\/p>\n<p>Es el mismo escenario de la <strong>Fiesta de la Vendimia<\/strong>, que celebra todos los a\u00f1os la Denominaci\u00f3n Cari\u00f1ena, y que tiene como singularidad el encendido especial de la Fuente de la Mora, de la que durante la jornada manan miles de litros de vino en lugar de agua. Es una fiesta declarada de <strong>Inter\u00e9s Tur\u00edstico de Arag\u00f3n por el Gobierno auton\u00f3mico<\/strong>.<\/p>\n<p>El <strong>D\u00eda Movimiento Vino D.O. <\/strong>se celebrar\u00e1 por segundo a\u00f1o consecutivo el s\u00e1bado 12 de mayo. <strong>En esta ocasi\u00f3n se han unido 26 Denominaciones de Origen para reconocer la importancia que tiene el vino de calidad diferenciada<\/strong>, <strong>el vino con D.O.,<\/strong> como producto diferenciador y de prestigio de muchos territorios de nuestro pa\u00eds, y acercar el vino con denominaci\u00f3n de origen al p\u00fablico en general y a los j\u00f3venes en particular, trasladando valores ligados al mismo: la autenticidad, la importancia y el cuidado del origen, la seguridad alimentaria, el arraigo cultural, la diversidad, la protecci\u00f3n del medio ambiente y un estilo de vida saludable.<\/p>\n<p>En la celebraci\u00f3n de la segunda edici\u00f3n delD\u00eda Movimiento Vino D.O. participan 26 denominaciones de origen: <strong>Almansa, Arlanza, Binissalem-Mallorca, Calatayud, Cari\u00f1ena, Catalunya, Cigales, Condado de Huelva, Jerez-X\u00e9res-Sherry y Manzanilla_Sanlucar de Barrameda, La Mancha, Madrid, Montilla-Moriles, Monterrei, Navarra, R\u00edas Baixas, Ribeira Sacra, Ribeiro, Ribera del Duero, Ribera del Guadiana, Rioja, Tacoronte-Acentejo, Ucl\u00e9s, Utiel-Requena, Valdepe\u00f1as, Valencia y Yecla. <\/strong><\/p>\n<p>Como elemento com\u00fan, <strong>la <\/strong><strong>jornada girar\u00e1 en torno a un brindis simult\u00e1neo y colectivo que tendr\u00e1 lugar a las 13.30 horas,<\/strong> al que precede el sencillo gesto de girar la copa antes de brindar. Las 26 denominaciones de origen, a trav\u00e9s de sus Consejos Reguladores, convocar\u00e1n a los amantes del vino, y a los que a\u00fan no lo son, para <strong>dar a conocer las diferentes variedades que se producen en su territorio, invit\u00e1ndoles a descubrir <\/strong>distintas referencias, a participar en concursos y sorteos, a disfrutar de espect\u00e1culos teatrales y musicales, con degustaciones de productos t\u00edpicos, algunos de ellos, elaborados por destacados chefs.<\/p>\n<p>El D\u00eda Movimiento Vino D.O. se celebr\u00f3 por primera vez el 20 de mayo de 2017. Es una <strong>iniciativa de la <\/strong><strong>Conferencia Espa\u00f1ola de Consejos Reguladores Vitivin\u00edcolas<\/strong> (CECRV), al igual que Movimiento Vino D.O. Para el presidente de CECRV, David Palacios, &#8220;es muy positivo para todos, viticultores, bodegas y consumidores, que se pueda celebrar un d\u00eda como \u00e9ste, en el que la gente pueda acercarse a disfrutar y descubrir los vinos que se hacen en su lugar de origen. El vino con D.O. es un rasgo de identidad y un elemento de arraigo cultural de multitud de pueblos y zonas de nuestro pa\u00eds. Algo que nos distingue y nos diferencia del resto. Algo muy nuestro, de lo que debemos disfrutar&#8221;.<\/p>\n<p><strong>El D\u00eda Movimiento Vino D.O. persigue poner en valor la importancia que tiene para muchos de nuestros pueblos, municipios y zonas rurales el vino de calidad<\/strong> que se produce en nuestro pa\u00eds, uno de los de mayor diversidad del mundo.<\/p>\n<p>Los programas y lugares de celebraci\u00f3n de las 26 denominaciones de origen que participan en el D\u00eda podr\u00e1n seguirse a trav\u00e9s de la p\u00e1gina web de Movimiento Vino D.O. y en las redes sociales a trav\u00e9s del hashtag <strong>#D\u00edaMovimientoVinoDO<\/strong>.<\/p>\n<p>Con presencia en internet, a trav\u00e9s de una web, perfiles en diferentes redes sociales y un canal propio en Youtube, <strong>Movimiento Vino D.O. naci\u00f3 en 2016, siendo hoy la marca p\u00fablica con la que la <\/strong><a href=\"http:\/\/www.movimientovinodo.es\/\/\/\/\/\/\/\"><strong>Conferencia Espa\u00f1ola de Consejos Reguladores Vitivin\u00edcolas (CECRV)<\/strong><\/a><strong>, la asociaci\u00f3n nacional que representa a las DD.OO. de vino, se dirige al consumidor <\/strong>paradifundir la cultura del vino con denominaci\u00f3n de origen con un lenguaje fresco y sin artificios, para conectar al p\u00fablico en general y a los j\u00f3venes en particular, a trav\u00e9s de contenidos atractivos, concursos y experiencias.<\/p>\n<p>Sobre CECRV<\/p>\n<p>La Conferencia Espa\u00f1ola de Consejos Reguladores Vitivin\u00edcolas (CECRV), que integra a 53 denominaciones de origen de vino espa\u00f1olas, es la asociaci\u00f3n nacional que representa a las denominaciones de origen de vino. Movimiento Vino D.O. es su marca p\u00fablica, con la que se dirige al consumidor, concibi\u00e9ndola como puerta de entrada de nuevos consumidores, especialmente los m\u00e1s j\u00f3venes, ofrece contenidos de elaboraci\u00f3n propia con un lenguaje fresco, directo, visual y desde la \u00f3ptica del disfrute, a trav\u00e9s de la web y de las redes sociales, logrando una interacci\u00f3n continuada y al alza entre apasionados y no apasionados del vino.<\/p>\n<hr>\n<figure id=\"attachment_460\" aria-describedby=\"caption-attachment-460\" style=\"width: 300px\" class=\"wp-caption alignnone\"><a href=\"\/_archivos\/imagenes\/3403.jpg\" target=\"_blank\" rel=\"noopener noreferrer\"><img decoding=\"async\" class=\"size-medium\" src=\"\/_archivos\/imagenes\/300\/3403.jpg\" alt=\"Cartel D\u00eda Movimiento Vino D.O. 2018\" title=\"Cartel D\u00eda Movimiento Vino D.O. 2018\" width=\"300\" height=\"auto\" \/><\/a><figcaption id=\"caption-attachment-460\" class=\"wp-caption-text\"><a href=\"\/_archivos\/imagenes\/3403.jpg\" target=\"_blank\" rel=\"noopener noreferrer\">Descargar imagen<\/a><\/figcaption><\/figure>\n<figure id=\"attachment_460\" aria-describedby=\"caption-attachment-460\" style=\"width: 300px\" class=\"wp-caption alignnone\"><a href=\"\/_archivos\/imagenes\/3404.jpg\" target=\"_blank\" rel=\"noopener noreferrer\"><img decoding=\"async\" class=\"size-medium\" src=\"\/_archivos\/imagenes\/300\/3404.jpg\" alt=\"Luisa Gavasa, a la izquierda, protagoniz\u00f3 el brindis del I D\u00eda Movimiento Vino D.O. en Cari\u00f1ena el p\" title=\"Luisa Gavasa, a la izquierda, protagoniz\u00f3 el brindis del I D\u00eda Movimiento Vino D.O. en Cari\u00f1ena el p\" width=\"300\" height=\"auto\" \/><\/a><figcaption id=\"caption-attachment-460\" class=\"wp-caption-text\"><a href=\"\/_archivos\/imagenes\/3404.jpg\" target=\"_blank\" rel=\"noopener noreferrer\">Descargar imagen<\/a><\/figcaption><\/figure>    \t<\/p>\n","protected":false},"excerpt":{"rendered":"<p>La Denominaci\u00f3n de Origen Protegida Cari\u00f1ena llevar\u00e1 a cabo el brindis colectivo el s\u00e1bado 12 de mayo, con motivo del II MOVIMIENTO VINO D.O., en la plaza de Espa\u00f1a de la localidad zaragozana, donde se ubica la emblem\u00e1tica Fuente de la Mora. Contar\u00e1 adem\u00e1s con un invitado especial, que se dar\u00e1 a conocer en los &hellip;<\/p>\n","protected":false},"author":6,"featured_media":4055,"comment_status":"closed","ping_status":"closed","sticky":false,"template":"","format":"standard","meta":{"_genesis_hide_title":false,"_genesis_hide_breadcrumbs":false,"_genesis_hide_singular_image":false,"_genesis_hide_footer_widgets":false,"_genesis_custom_body_class":"","_genesis_custom_post_class":"","_genesis_layout":"","ngg_post_thumbnail":0,"footnotes":""},"categories":[1],"tags":[],"class_list":{"0":"post-4054","1":"post","2":"type-post","3":"status-publish","4":"format-standard","5":"has-post-thumbnail","7":"category-noticias","8":"entry"},"_links":{"self":[{"href":"https:\/\/elvinodelaspiedras.es\/en\/wp-json\/wp\/v2\/posts\/4054"}],"collection":[{"href":"https:\/\/elvinodelaspiedras.es\/en\/wp-json\/wp\/v2\/posts"}],"about":[{"href":"https:\/\/elvinodelaspiedras.es\/en\/wp-json\/wp\/v2\/types\/post"}],"author":[{"embeddable":true,"href":"https:\/\/elvinodelaspiedras.es\/en\/wp-json\/wp\/v2\/users\/6"}],"replies":[{"embeddable":true,"href":"https:\/\/elvinodelaspiedras.es\/en\/wp-json\/wp\/v2\/comments?post=4054"}],"version-history":[{"count":1,"href":"https:\/\/elvinodelaspiedras.es\/en\/wp-json\/wp\/v2\/posts\/4054\/revisions"}],"predecessor-version":[{"id":5870,"href":"https:\/\/elvinodelaspiedras.es\/en\/wp-json\/wp\/v2\/posts\/4054\/revisions\/5870"}],"wp:featuredmedia":[{"embeddable":true,"href":"https:\/\/elvinodelaspiedras.es\/en\/wp-json\/wp\/v2\/media\/4055"}],"wp:attachment":[{"href":"https:\/\/elvinodelaspiedras.es\/en\/wp-json\/wp\/v2\/media?parent=4054"}],"wp:term":[{"taxonomy":"category","embeddable":true,"href":"https:\/\/elvinodelaspiedras.es\/en\/wp-json\/wp\/v2\/categories?post=4054"},{"taxonomy":"post_tag","embeddable":true,"href":"https:\/\/elvinodelaspiedras.es\/en\/wp-json\/wp\/v2\/tags?post=4054"}],"curies":[{"name":"wp","href":"https:\/\/api.w.org\/{rel}","templated":true}]}}