{"id":4058,"date":"2018-05-08T00:00:00","date_gmt":"2018-05-08T00:00:00","guid":{"rendered":"http:\/\/elvinodelaspiedras.local\/santiago-segura-sera-el-invitado-especial-de-la-dop-carinena-este-sabado-en-la-celebracion-del-ii-dia-movimiento-vino-do\/"},"modified":"2020-11-13T12:29:28","modified_gmt":"2020-11-13T12:29:28","slug":"santiago-segura-sera-el-invitado-especial-de-la-dop-carinena-este-sabado-en-la-celebracion-del-ii-dia-movimiento-vino-do","status":"publish","type":"post","link":"https:\/\/elvinodelaspiedras.es\/en\/comunicacion\/noticias\/santiago-segura-sera-el-invitado-especial-de-la-dop-carinena-este-sabado-en-la-celebracion-del-ii-dia-movimiento-vino-do\/","title":{"rendered":"Santiago segura ser\u00e1 el invitado especial de la D.O.P. Cari\u00f1ena este s\u00e1bado en la celebraci\u00f3n del ii d\u00eda movimiento vino D.O."},"content":{"rendered":"<p><strong>Santiago Segura, conocido actor, guionista, productor y director de cine <\/strong>-autor la pentalog\u00eda<strong> &#8220;Torrente&#8221; <\/strong>y de la recientemente estrenada<strong> &#8220;Sin rodeos&#8221;- <\/strong>ser\u00e1 este a\u00f1o<strong> el invitado especial <\/strong>que dirigir\u00e1 el brindis colectivode la <strong>Denominaci\u00f3n de Origen Protegida Cari\u00f1ena,<\/strong> el s\u00e1bado 12 de mayo, con motivo del <strong>II D\u00cdA MOVIMIENTO VINO D.O. El acto tendr\u00e1 lugar<\/strong> en la plaza de Espa\u00f1a de la localidad zaragozana, donde se ubica la <strong>emblem\u00e1tica Fuente de la Mora<\/strong>. El pasado a\u00f1o, en su primera edici\u00f3n, la protagonista del acto fue la <strong>actriz Luisa Gavasa<\/strong>.<\/p>\n<p>El evento se desarrolla en el mismo escenario de la <strong>Fiesta de la Vendimia<\/strong>, declarada de <strong>Inter\u00e9s Tur\u00edstico de Arag\u00f3n, <\/strong>que celebra todos los a\u00f1os la Denominaci\u00f3n Cari\u00f1ena en septiembre, y que tiene como singularidad el encendido de la Fuente de la Mora, de la que manan miles de litros de vino en lugar de agua. Con ocasi\u00f3n del Movimiento Vino D.O., el p\u00fablico asistente <strong>brindar\u00e1 al un\u00edsono con copas de vino de Cari\u00f1ena<\/strong> tras las palabras que pronuncie Santiago Segura.<\/p>\n<p>Previamente, <strong>a las 13 horas<\/strong>, el cineasta <strong>impondr\u00e1 sus manos en el Paseo de las Estrellas<\/strong> de <strong>&#8220;El Vino de las Piedras&#8221;<\/strong> de Cari\u00f1ena, una iniciativa que emula el famoso bulevar de Hollywood, y donde ya lucen desde 2014 las huellas de otros personajes destacados que han visitado la Denominaci\u00f3n: <strong>David Trueba, Gabino Diego, Miguel \u00c1ngel Lamata, Paula Ortiz, Eduardo Noriega, Elvira Lindo, Luisa Gavasa y Jos\u00e9 Ram\u00f3n de la Morena.<\/strong><\/p>\n<p>Santiago Segura ya particip\u00f3 en el a\u00f1o 2013 en otro evento organizado por la Denominaci\u00f3n Cari\u00f1ena, la <strong>primera Ruta de Verano de &#8220;El Vino de las Piedras&#8221;,<\/strong> junto a otros famosos artistas como <strong>Jorge Sanz, Mar\u00eda Barranco, Eloy S\u00e1nchez Gij\u00f3n o Pablo Carbonell<\/strong>. En su sexta pel\u00edcula como director, <strong>&#8220;Sin rodeos&#8221;,<\/strong> protagonizada por <strong>Maribel Verd\u00fa, <\/strong>dos vinos de esta Denominaci\u00f3n tienen tambi\u00e9n un papel destacado.<\/p>\n<p><strong>APUESTA POR EL VINO DE CALIDAD DIFERENCIADA<\/strong><\/p>\n<p>Este s\u00e1bado, 12 de mayo, se celebra por segunda vez el D\u00cdA MOVIMIENTO VINO D.O., una jornada participativa, popular y festiva en la que <strong>participan 28 Denominaciones de Origen, de 13 Comunidades Aut\u00f3nomas<\/strong>, con diferentes eventos para poner en valor el vino de calidad que se produce en su entorno. El D\u00eda Movimiento Vino D.O. es una iniciativa de la <strong>Conferencia Espa\u00f1ola de Consejos Reguladores Vitivin\u00edcolas (CECRV)<\/strong>, la organizaci\u00f3n que representa a las denominaciones de origen de vino. La informaci\u00f3n actualizada sobre los diferentes eventos se encuentra en la <a href=\"http:\/\/www.movimientovinodo.es\/dia-movimiento-vino-d-o-2018\/\/\/\/\/\/\/\/\/\/\/\/\">web del D\u00eda Movimiento Vino D.O.<\/a><\/p>\n<p>La celebraci\u00f3n del segundo D\u00cdA MOVIMIENTO VINO D.O. <strong>podr\u00e1 seguirse a trav\u00e9s de las redes sociales con el hashtag #D\u00edaMovimientoVinoDO<\/strong>. Adem\u00e1s, los usuarios que suban fotos con el hashtag, <strong>#SelfieD\u00edaVinoDO<\/strong> a Twitter o Instagram,\u00a0 entrar\u00e1n en un sorteo de una experiencia enotur\u00edstica en una de las Rutas del Vino de Espa\u00f1a (<a href=\"http:\/\/www.wineroutesofspain.com\/\/\/\/\/\/\/\/\/\/\/\/\">www.wineroutesofspain.com<\/a>), que incluye una noche en un hotel o casa rural, localizado en una de las Rutas, en r\u00e9gimen de alojamiento y desayuno; una comida o cena basadas en la gastronom\u00eda caracter\u00edstica de la ruta acompa\u00f1ada de vinos con Denominaci\u00f3n de Origen y una visita a alguna de las bodegas de la ruta con degustaci\u00f3n de vinos. M\u00e1s informaci\u00f3n en <a href=\"http:\/\/www.movimientovinodo.es\/sorteo-selfie-diavinodo\/\/\/\/\/\/\/\/\/\/\/\/\">http:\/\/www.movimientovinodo.es\/sorteo-selfie-diavinodo\/<\/a><\/p>\n<p>&#8220;El D\u00eda Movimiento Vino D.O. es un evento con un marcado car\u00e1cter festivo para poner en valor el vino con Denominaci\u00f3n de Origen, acercarlo al p\u00fablico en general y a los j\u00f3venes en particular, invitando a los participantes a conocer el entorno donde se produce. El vino D.O. habla de la regi\u00f3n y del territorio de d\u00f3nde procede, de la tierra, del trabajo y del <strong>esfuerzo de hombres y mujeres que apuestan por un producto de prestigio <\/strong>y traslada valores de autenticidad, cuidado del origen, seguridad alimentaria, arraigo cultural, diversidad, protecci\u00f3n del medio ambiente y un estilo de vida saludable&#8221;, se\u00f1ala <strong>David Palacios<\/strong>, presidente de CECRV (Conferencia Espa\u00f1ola de Consejos Reguladores Vitivin\u00edcolas).<\/p>\n<p>Movimiento Vino D.O. es una iniciativa de CECRV y en su segunda edici\u00f3n participan 28 Denominaciones de Origen: <strong>DO<\/strong> <strong>Almansa, DO Arlanza, DO Binissalem-Mallorca, DO Bullas, DO Calatayud, DO Campo de Borja, DO Cari\u00f1ena, DO Catalunya, DO Cigales, DO Condado de Huelva, D.O. Jerez-X\u00e9res-Sherry y D.O. Manzanilla-Sanlucar de Barrameda, D.O. La Mancha, DO Vinos de Madrid, DO Montilla-Moriles, DO Monterrei, DO Navarra, DO R\u00edas Baixas, DO Ribeira Sacra, DO Ribeiro, DO Ribera del Duero, DO Ribera del Guadiana, DO Ca. Rioja, DO Somontano, DO Tacoronte-Acentejo, DO Ucl\u00e9s, DO Utiel-Requena, DO Valdepe\u00f1as y DO Yecla. <a name=\"_GoBack\"><\/a><\/strong><\/p>\n<p><strong>SOBRE CECRV<\/strong><\/p>\n<p>La <strong>Conferencia Espa\u00f1ola de Consejos Reguladores Vitivin\u00edcolas (CECRV),<\/strong> que integra a 53 denominaciones de origen de vino espa\u00f1olas, es la asociaci\u00f3n nacional que representa a las denominaciones de origen de vino. <strong>Movimiento Vino D.O.<\/strong> es su marca p\u00fablica, con la que se dirige al consumidor, concibi\u00e9ndola como puerta de entrada de nuevos consumidores, especialmente los m\u00e1s j\u00f3venes, ofrece contenidos de elaboraci\u00f3n propia con un lenguaje fresco, directo, visual y desde la \u00f3ptica del disfrute, a trav\u00e9s de la web y de las redes sociales, logrando una interacci\u00f3n continuada y al alza entre apasionados y no apasionados del vino.<\/p>\n<hr>\n<figure id=\"attachment_462\" aria-describedby=\"caption-attachment-462\" style=\"width: 300px\" class=\"wp-caption alignnone\"><a href=\"\/_archivos\/imagenes\/3408.jpg\" target=\"_blank\" rel=\"noopener noreferrer\"><img decoding=\"async\" class=\"size-medium\" src=\"\/_archivos\/imagenes\/300\/3408.jpg\" alt=\"Santiago Segura firma una botella de la D.O.P. Cari\u00f1ena, durante su visita en 2013\" title=\"Santiago Segura firma una botella de la D.O.P. Cari\u00f1ena, durante su visita en 2013\" width=\"300\" height=\"auto\" \/><\/a><figcaption id=\"caption-attachment-462\" class=\"wp-caption-text\"><a href=\"\/_archivos\/imagenes\/3408.jpg\" target=\"_blank\" rel=\"noopener noreferrer\">Descargar imagen<\/a><\/figcaption><\/figure>\n<figure id=\"attachment_462\" aria-describedby=\"caption-attachment-462\" style=\"width: 300px\" class=\"wp-caption alignnone\"><a href=\"\/_archivos\/imagenes\/3409.jpg\" target=\"_blank\" rel=\"noopener noreferrer\"><img decoding=\"async\" class=\"size-medium\" src=\"\/_archivos\/imagenes\/300\/3409.jpg\" alt=\"Dedicatoria de Santiago Segura en una barrica de Cari\u00f1ena, durante su visita en 2013\" title=\"Dedicatoria de Santiago Segura en una barrica de Cari\u00f1ena, durante su visita en 2013\" width=\"300\" height=\"auto\" \/><\/a><figcaption id=\"caption-attachment-462\" class=\"wp-caption-text\"><a href=\"\/_archivos\/imagenes\/3409.jpg\" target=\"_blank\" rel=\"noopener noreferrer\">Descargar imagen<\/a><\/figcaption><\/figure>\n<figure id=\"attachment_462\" aria-describedby=\"caption-attachment-462\" style=\"width: 300px\" class=\"wp-caption alignnone\"><a href=\"\/_archivos\/imagenes\/3414.jpg\" target=\"_blank\" rel=\"noopener noreferrer\"><img decoding=\"async\" class=\"size-medium\" src=\"\/_archivos\/imagenes\/300\/3414.jpg\" alt=\"cartel acto Segura ok\" title=\"cartel acto Segura ok\" width=\"300\" height=\"auto\" \/><\/a><figcaption id=\"caption-attachment-462\" class=\"wp-caption-text\"><a href=\"\/_archivos\/imagenes\/3414.jpg\" target=\"_blank\" rel=\"noopener noreferrer\">Descargar imagen<\/a><\/figcaption><\/figure>    \t<\/p>\n","protected":false},"excerpt":{"rendered":"<p>Santiago Segura, conocido actor, guionista, productor y director de cine -autor la pentalog\u00eda &#8220;Torrente&#8221; y de la recientemente estrenada &#8220;Sin rodeos&#8221;- ser\u00e1 este a\u00f1o el invitado especial que dirigir\u00e1 el brindis colectivode la Denominaci\u00f3n de Origen Protegida Cari\u00f1ena, el s\u00e1bado 12 de mayo, con motivo del II D\u00cdA MOVIMIENTO VINO D.O. El acto tendr\u00e1 lugar &hellip;<\/p>\n","protected":false},"author":6,"featured_media":4059,"comment_status":"closed","ping_status":"closed","sticky":false,"template":"","format":"standard","meta":{"_genesis_hide_title":false,"_genesis_hide_breadcrumbs":false,"_genesis_hide_singular_image":false,"_genesis_hide_footer_widgets":false,"_genesis_custom_body_class":"","_genesis_custom_post_class":"","_genesis_layout":"","ngg_post_thumbnail":0,"footnotes":""},"categories":[1],"tags":[],"class_list":{"0":"post-4058","1":"post","2":"type-post","3":"status-publish","4":"format-standard","5":"has-post-thumbnail","7":"category-noticias","8":"entry"},"_links":{"self":[{"href":"https:\/\/elvinodelaspiedras.es\/en\/wp-json\/wp\/v2\/posts\/4058"}],"collection":[{"href":"https:\/\/elvinodelaspiedras.es\/en\/wp-json\/wp\/v2\/posts"}],"about":[{"href":"https:\/\/elvinodelaspiedras.es\/en\/wp-json\/wp\/v2\/types\/post"}],"author":[{"embeddable":true,"href":"https:\/\/elvinodelaspiedras.es\/en\/wp-json\/wp\/v2\/users\/6"}],"replies":[{"embeddable":true,"href":"https:\/\/elvinodelaspiedras.es\/en\/wp-json\/wp\/v2\/comments?post=4058"}],"version-history":[{"count":1,"href":"https:\/\/elvinodelaspiedras.es\/en\/wp-json\/wp\/v2\/posts\/4058\/revisions"}],"predecessor-version":[{"id":5868,"href":"https:\/\/elvinodelaspiedras.es\/en\/wp-json\/wp\/v2\/posts\/4058\/revisions\/5868"}],"wp:featuredmedia":[{"embeddable":true,"href":"https:\/\/elvinodelaspiedras.es\/en\/wp-json\/wp\/v2\/media\/4059"}],"wp:attachment":[{"href":"https:\/\/elvinodelaspiedras.es\/en\/wp-json\/wp\/v2\/media?parent=4058"}],"wp:term":[{"taxonomy":"category","embeddable":true,"href":"https:\/\/elvinodelaspiedras.es\/en\/wp-json\/wp\/v2\/categories?post=4058"},{"taxonomy":"post_tag","embeddable":true,"href":"https:\/\/elvinodelaspiedras.es\/en\/wp-json\/wp\/v2\/tags?post=4058"}],"curies":[{"name":"wp","href":"https:\/\/api.w.org\/{rel}","templated":true}]}}