{"id":4060,"date":"2018-05-12T00:00:00","date_gmt":"2018-05-12T00:00:00","guid":{"rendered":"http:\/\/elvinodelaspiedras.local\/mas-de-500-personas-celebraron-el-ii-dia-movimiento-vino-do-en-carinena-con-un-divertido-brindis-de-santiago-segura\/"},"modified":"2020-11-13T12:29:28","modified_gmt":"2020-11-13T12:29:28","slug":"mas-de-500-personas-celebraron-el-ii-dia-movimiento-vino-do-en-carinena-con-un-divertido-brindis-de-santiago-segura","status":"publish","type":"post","link":"https:\/\/elvinodelaspiedras.es\/en\/comunicacion\/noticias\/mas-de-500-personas-celebraron-el-ii-dia-movimiento-vino-do-en-carinena-con-un-divertido-brindis-de-santiago-segura\/","title":{"rendered":"M\u00e1s de 500 personas celebraron el ii d\u00eda movimiento vino D.O. en Cari\u00f1ena con un divertido brindis de santiago segura"},"content":{"rendered":"<p><strong>Con su caracter\u00edstico humor, Santiago Segura -actor, guionista, productor y director de cine <\/strong>de pel\u00edculas como la pentalog\u00eda<strong> &#8220;Torrente&#8221; o &#8220;Sin rodeos&#8221;- <\/strong>ha dirigido el brindis colectivo con el que m\u00e1s de 500 personas han celebrado el<strong> II D\u00eda Movimiento Vino D.O. en la Denominaci\u00f3n de Origen Protegida Cari\u00f1ena. <\/strong>El protagonismo de Santiago Segura ha sido total ante un p\u00fablico entregado y ante el que ha manifestado la &#8220;enorme ilusi\u00f3n&#8221; que le hace volver a Cari\u00f1ena, &#8220;en una regi\u00f3n con <strong>unos vinos de los que soy un fan<\/strong>, y donde es todo un placer disfrutarlos, sobre todo la garnacha, y hacerlo adem\u00e1s con una gente tan cari\u00f1osa&#8221;. Segura ha reiterado que la D.O.P. Cari\u00f1ena es una de sus favoritas, &#8220;y para vosotros, un <strong>orgullo por tener un vino tan<\/strong> <strong>bueno<\/strong>&#8220;.<\/p>\n<p>Antes del brindis popular en la Plaza de Espa\u00f1a, Santiago Segura impuso sus huellas en el Paseo de las Estrellas de la localidad zaragozana. &#8220;Y lo he <strong>hecho con gran profundidad<\/strong>, porque con la erosi\u00f3n <strong>todas las huellas desaparecer\u00e1n y solo quedar\u00e1n las m\u00edas&#8221;<\/strong>, ha manifestado haciendo honor a su gran sentido del humor.<\/p>\n<p>Segura ha entusiasmado a las <strong>m\u00e1s de 500 personas congregadas<\/strong> en la plaza, y ha brindado &#8220;por esta regi\u00f3n, por estos vinos y por vosotros&#8221;. Las copas se han levantado al un\u00edsono en la celebraci\u00f3n de esta segunda edici\u00f3n del D\u00eda Movimiento Vino D.O.<\/p>\n<p>Todo se ha desarrollado en torno a la emblem\u00e1tica<strong> Fuente de la Mora, de la que mana vino en la Fiesta de la Vendimia. <\/strong>El <strong>Ayuntamiento de Cari\u00f1ena<\/strong>, donde hoy se festeja a San Isidro labrador, ha sorprendido adem\u00e1s a los participantes con la presencia de <strong>tres cortadores de jam\u00f3n<\/strong>, para maridar as\u00ed el vino del brindis.<\/p>\n<p>Con este evento queremos &#8220;una valoraci\u00f3n de la calidad diferenciada de los vinos de nuestra Denominaci\u00f3n y reconocer el trabajo de los viticultores que conforman la D.O.P. Cari\u00f1ena&#8221;, ha explicado el<strong> presidente de la Denominaci\u00f3n, Ignacio Casamitjana. <\/strong>El m\u00e1ximo responsable de la ha reiterado que han invitado esta vez a<strong> Santiago Segura &#8220;<\/strong>siguiendo la tradici\u00f3n de aglutinar a artistas de primer nivel en nuestros actos&#8221;. Y de hecho, el autor de &#8220;Torrente&#8221; no es la primera vez que viene a Cari\u00f1ena. \u00a0&#8220;\u00c9l ten\u00eda ganas de volver y <strong>mucha ilusi\u00f3n de poner sus manos en el Paseo de las Estrellas<\/strong>, y por ello para nosotros es la persona m\u00e1s id\u00f3nea&#8221;.\u00a0 En la Denominaci\u00f3n de Cari\u00f1ena, ha apuntado su presidente, &#8220;la floraci\u00f3n es <strong>muy buena y la expectativa de cosecha tambi\u00e9n<\/strong>, qu\u00e9 m\u00e1s podemos pedir hoy<a name=\"_GoBack\"><\/a>&#8220;.<\/p>\n<p><strong>Como ya ocurriera el <\/strong>pasado a\u00f1o, en su primera edici\u00f3n, cuando la protagonista del acto fue la <strong>actriz Luisa Gavasa<\/strong>, la D.O.P. Cari\u00f1ena ha apostado por reforzar esta celebraci\u00f3n con la presencia de una persona destacada de la vida p\u00fablica espa\u00f1ola. As\u00ed lo hace tambi\u00e9n con motivo de la <strong>Fiesta de la Vendimia<\/strong> y en otras ocasiones.<\/p>\n<p>Adem\u00e1s, en 2014 puso en marcha <strong>el Paseo de las Estrellas<\/strong> de <strong>&#8220;El Vino de las Piedras&#8221;<\/strong> de Cari\u00f1ena, una iniciativa que emula el famoso bulevar de Hollywood, y donde han impuesto sus manos personajes destacados que han visitado en este tiempo la Denominaci\u00f3n: <strong>David Trueba, Gabino Diego, Miguel \u00c1ngel Lamata, Paula Ortiz, Eduardo Noriega, Elvira Lindo, Luisa Gavasa, Jos\u00e9 Ram\u00f3n de la Morena <\/strong>y, desde hoy,<strong> Santiago Segura. <\/strong>Todos ellos han dejado sus huellas en una gran hoja de vid de cemento, cubierta posteriormente con un cristal protector.<\/p>\n<p>Antes de este acto, que tambi\u00e9n ha congregado a numeroso p\u00fablico, el popular cineasta firm\u00f3 en <strong>el Libro de Oro<\/strong> de la Denominaci\u00f3n donde no s\u00f3lo dej\u00f3 sus palabras escritas con su mensaje de agradecimiento, sino que tambi\u00e9n aport\u00f3 un autorretrato y un dibujo de la torre de la iglesia de Cari\u00f1ena.<\/p>\n<p>Santiago Segura ya particip\u00f3 en el a\u00f1o 2013 en otro evento organizado por la Denominaci\u00f3n Cari\u00f1ena, la <strong>primera Ruta de Verano de &#8220;El Vino de las Piedras&#8221;,<\/strong> junto a otros famosos artistas como <strong>Jorge Sanz, Mar\u00eda Barranco, Eloy S\u00e1nchez Gij\u00f3n o Pablo Carbonell<\/strong>. En su sexta pel\u00edcula como director, <strong>&#8220;Sin rodeos&#8221;,<\/strong> protagonizada por <strong>Maribel Verd\u00fa, <\/strong>dos vinos de esta Denominaci\u00f3n tienen tambi\u00e9n un papel destacado.<\/p>\n<p><strong>APUESTA POR EL VINO DE CALIDAD DIFERENCIADA<\/strong><\/p>\n<p>El D\u00cdA MOVIMIENTO VINO D.O., una jornada participativa, popular y festiva en la que han participado este a\u00f1o 28 Denominaciones de Origen de 13 Comunidades Aut\u00f3nomas, es una iniciativa de la Conferencia Espa\u00f1ola de Consejos Reguladores Vitivin\u00edcolas (CECRV), la organizaci\u00f3n que representa a las denominaciones de origen de vino. La informaci\u00f3n actualizada sobre los diferentes eventos se encuentra en la <a href=\"http:\/\/www.movimientovinodo.es\/dia-movimiento-vino-d-o-2018\/\/\/\/\/\/\">web del D\u00eda Movimiento Vino D.O.<\/a> La celebraci\u00f3n del segundo D\u00cdA MOVIMIENTO VINO D.O. ha podido seguirse a trav\u00e9s de las redes sociales con el hashtag #D\u00edaMovimientoVinoDO.<\/p>\n<p>Las 28 Denominaciones de Origen que han participado en esta edici\u00f3n son: <strong>DO<\/strong> <strong>Almansa, DO Arlanza, DO Binissalem-Mallorca, DO Bullas, DO Calatayud, DO Campo de Borja, DO Cari\u00f1ena, DO Catalunya, DO Cigales, DO Condado de Huelva, D.O. Jerez-X\u00e9res-Sherry y D.O. Manzanilla-Sanlucar de Barrameda, D.O. La Mancha, DO Vinos de Madrid, DO Montilla-Moriles, DO Monterrei, DO Navarra, DO R\u00edas Baixas, DO Ribeira Sacra, DO Ribeiro, DO Ribera del Duero, DO Ribera del Guadiana, DO Ca. Rioja, DO Somontano, DO Tacoronte-Acentejo, DO Ucl\u00e9s, DO Utiel-Requena, DO Valdepe\u00f1as y DO Yecla. <\/strong><\/p>\n<hr>\n<figure id=\"attachment_463\" aria-describedby=\"caption-attachment-463\" style=\"width: 300px\" class=\"wp-caption alignnone\"><a href=\"\/_archivos\/imagenes\/3420.jpg\" target=\"_blank\" rel=\"noopener noreferrer\"><img decoding=\"async\" class=\"size-medium\" src=\"\/_archivos\/imagenes\/300\/3420.jpg\" alt=\"01 Ignacio Casamitjana. presidente de la DOP Cari\u00f1ena, y Santiago Segura\" title=\"01 Ignacio Casamitjana. presidente de la DOP Cari\u00f1ena, y Santiago Segura\" width=\"300\" height=\"auto\" \/><\/a><figcaption id=\"caption-attachment-463\" class=\"wp-caption-text\"><a href=\"\/_archivos\/imagenes\/3420.jpg\" target=\"_blank\" rel=\"noopener noreferrer\">Descargar imagen<\/a><\/figcaption><\/figure>\n<figure id=\"attachment_463\" aria-describedby=\"caption-attachment-463\" style=\"width: 300px\" class=\"wp-caption alignnone\"><a href=\"\/_archivos\/imagenes\/3421.jpg\" target=\"_blank\" rel=\"noopener noreferrer\"><img decoding=\"async\" class=\"size-medium\" src=\"\/_archivos\/imagenes\/300\/3421.jpg\" alt=\"02 Santiago Segura ha dirigido el brindis colectivo de la D.O.P. Cari\u00f1ena\" title=\"02 Santiago Segura ha dirigido el brindis colectivo de la D.O.P. Cari\u00f1ena\" width=\"300\" height=\"auto\" \/><\/a><figcaption id=\"caption-attachment-463\" class=\"wp-caption-text\"><a href=\"\/_archivos\/imagenes\/3421.jpg\" target=\"_blank\" rel=\"noopener noreferrer\">Descargar imagen<\/a><\/figcaption><\/figure>\n<figure id=\"attachment_463\" aria-describedby=\"caption-attachment-463\" style=\"width: 300px\" class=\"wp-caption alignnone\"><a href=\"\/_archivos\/imagenes\/3422.jpg\" target=\"_blank\" rel=\"noopener noreferrer\"><img decoding=\"async\" class=\"size-medium\" src=\"\/_archivos\/imagenes\/300\/3422.jpg\" alt=\"03 Santiago Segura ha impuesto sus manos en el Paseo de las Estrellas de Cari\u00f1ena\" title=\"03 Santiago Segura ha impuesto sus manos en el Paseo de las Estrellas de Cari\u00f1ena\" width=\"300\" height=\"auto\" \/><\/a><figcaption id=\"caption-attachment-463\" class=\"wp-caption-text\"><a href=\"\/_archivos\/imagenes\/3422.jpg\" target=\"_blank\" rel=\"noopener noreferrer\">Descargar imagen<\/a><\/figcaption><\/figure>\n<figure id=\"attachment_463\" aria-describedby=\"caption-attachment-463\" style=\"width: 300px\" class=\"wp-caption alignnone\"><a href=\"\/_archivos\/imagenes\/3423.jpg\" target=\"_blank\" rel=\"noopener noreferrer\"><img decoding=\"async\" class=\"size-medium\" src=\"\/_archivos\/imagenes\/300\/3423.jpg\" alt=\"04 Divertida firma de Santiago Segura en el Libro de Oro de la DOP Cari\u00f1ena\" title=\"04 Divertida firma de Santiago Segura en el Libro de Oro de la DOP Cari\u00f1ena\" width=\"300\" height=\"auto\" \/><\/a><figcaption id=\"caption-attachment-463\" class=\"wp-caption-text\"><a href=\"\/_archivos\/imagenes\/3423.jpg\" target=\"_blank\" rel=\"noopener noreferrer\">Descargar imagen<\/a><\/figcaption><\/figure>    \t<\/p>\n","protected":false},"excerpt":{"rendered":"<p>Con su caracter\u00edstico humor, Santiago Segura -actor, guionista, productor y director de cine de pel\u00edculas como la pentalog\u00eda &#8220;Torrente&#8221; o &#8220;Sin rodeos&#8221;- ha dirigido el brindis colectivo con el que m\u00e1s de 500 personas han celebrado el II D\u00eda Movimiento Vino D.O. en la Denominaci\u00f3n de Origen Protegida Cari\u00f1ena. El protagonismo de Santiago Segura ha &hellip;<\/p>\n","protected":false},"author":6,"featured_media":4061,"comment_status":"closed","ping_status":"closed","sticky":false,"template":"","format":"standard","meta":{"_genesis_hide_title":false,"_genesis_hide_breadcrumbs":false,"_genesis_hide_singular_image":false,"_genesis_hide_footer_widgets":false,"_genesis_custom_body_class":"","_genesis_custom_post_class":"","_genesis_layout":"","ngg_post_thumbnail":0,"footnotes":""},"categories":[1],"tags":[],"class_list":{"0":"post-4060","1":"post","2":"type-post","3":"status-publish","4":"format-standard","5":"has-post-thumbnail","7":"category-noticias","8":"entry"},"_links":{"self":[{"href":"https:\/\/elvinodelaspiedras.es\/en\/wp-json\/wp\/v2\/posts\/4060"}],"collection":[{"href":"https:\/\/elvinodelaspiedras.es\/en\/wp-json\/wp\/v2\/posts"}],"about":[{"href":"https:\/\/elvinodelaspiedras.es\/en\/wp-json\/wp\/v2\/types\/post"}],"author":[{"embeddable":true,"href":"https:\/\/elvinodelaspiedras.es\/en\/wp-json\/wp\/v2\/users\/6"}],"replies":[{"embeddable":true,"href":"https:\/\/elvinodelaspiedras.es\/en\/wp-json\/wp\/v2\/comments?post=4060"}],"version-history":[{"count":1,"href":"https:\/\/elvinodelaspiedras.es\/en\/wp-json\/wp\/v2\/posts\/4060\/revisions"}],"predecessor-version":[{"id":5867,"href":"https:\/\/elvinodelaspiedras.es\/en\/wp-json\/wp\/v2\/posts\/4060\/revisions\/5867"}],"wp:featuredmedia":[{"embeddable":true,"href":"https:\/\/elvinodelaspiedras.es\/en\/wp-json\/wp\/v2\/media\/4061"}],"wp:attachment":[{"href":"https:\/\/elvinodelaspiedras.es\/en\/wp-json\/wp\/v2\/media?parent=4060"}],"wp:term":[{"taxonomy":"category","embeddable":true,"href":"https:\/\/elvinodelaspiedras.es\/en\/wp-json\/wp\/v2\/categories?post=4060"},{"taxonomy":"post_tag","embeddable":true,"href":"https:\/\/elvinodelaspiedras.es\/en\/wp-json\/wp\/v2\/tags?post=4060"}],"curies":[{"name":"wp","href":"https:\/\/api.w.org\/{rel}","templated":true}]}}