{"id":4078,"date":"2018-09-19T00:00:00","date_gmt":"2018-09-19T00:00:00","guid":{"rendered":"http:\/\/elvinodelaspiedras.local\/la-dop-carinena-celebra-este-fin-de-semana-la-52-fiesta-de-la-vendimia-con-manuel-vilas-de-invitado-de-honor\/"},"modified":"2020-11-13T12:29:28","modified_gmt":"2020-11-13T12:29:28","slug":"la-dop-carinena-celebra-este-fin-de-semana-la-52-fiesta-de-la-vendimia-con-manuel-vilas-de-invitado-de-honor","status":"publish","type":"post","link":"https:\/\/elvinodelaspiedras.es\/en\/comunicacion\/noticias\/la-dop-carinena-celebra-este-fin-de-semana-la-52-fiesta-de-la-vendimia-con-manuel-vilas-de-invitado-de-honor\/","title":{"rendered":"La D.O.P. Cari\u00f1ena celebra este fin de semana la 52\u00aa fiesta de la vendimia con manuel vilas de invitado de honor"},"content":{"rendered":"<p>Este fin de semana, la Denominaci\u00f3n de Origen Protegida Cari\u00f1ena celebra la 52\u00aa edici\u00f3n de su emblem\u00e1tica Fiesta de la Vendimia, reconocida desde 2016 como <strong>Fiesta de Inter\u00e9s Tur\u00edstico de Arag\u00f3n.<\/strong> La recogida de la uva, \u00e9poca clave en el territorio de la D.O.P., se volver\u00e1 a solemnizar con el acto de Exaltaci\u00f3n del Vino, momento central de dos d\u00edas de celebraci\u00f3n, que este a\u00f1o cuentan con el escritor <strong>Manuel Vilas<\/strong> como &#8220;Invitado de Honor&#8221; y encargado de &#8220;encender&#8221; la <strong>Fuente de la Mora<\/strong> de la plaza de Espa\u00f1a de Cari\u00f1ena, de la que manar\u00e1 vino en lugar de agua durante toda la jornada dominical.<\/p>\n<p>La Fiesta de la Vendimia comenzar\u00e1 el <strong>s\u00e1bado 22 por la tarde<\/strong> con la primera apertura de la <strong>Feria del Vino<\/strong>, en la plaza Campo de Toro, que re\u00fane a 18 bodegas y establecimientos. All\u00ed se podr\u00e1n degustar los diferentes <strong>&#8220;Vinos de las Piedras&#8221;<\/strong> -la marca con la que se conoce toda la producci\u00f3n vin\u00edcola de Cari\u00f1ena, en referencia a los terrenos pedregosos de la Denominaci\u00f3n- acompa\u00f1ados de sabrosas tapas y raciones. Adem\u00e1s, en las inmediaciones tendr\u00e1 lugar la <strong>actuaci\u00f3n musical de &#8220;Cosco &amp; Leo&#8221;.<\/strong><\/p>\n<p><strong>El domingo 24 el programa comenzar\u00e1 a las 10 h <\/strong>de la ma\u00f1ana con la recepci\u00f3n de autoridades e invitados en el Museo del Vino de Cari\u00f1ena, sede del Consejo Regulador, antes de desplazarse a la plaza de Espa\u00f1a para desarrollar el acto institucional de Exaltaci\u00f3n del Vino. Adem\u00e1s de Manuel Vilas, encabezar\u00e1n la comitiva el <strong>presidente de la D.O.P. Cari\u00f1ena, Ignacio Casamitjana<\/strong>; el <strong>alcalde de Cari\u00f1ena y presidente comarcal, Sergio Ortiz<\/strong>, y otras autoridades.<\/p>\n<p><strong>IMAGEN DEL SANTO CRISTO DE SANTIAGO EN LA PLAZA<\/strong><\/p>\n<p>A las 10,30 h comenzar\u00e1 el acto principal con unas palabras de bienvenida del alcalde de Cari\u00f1ena y el discurso del presidente del Consejo Regulador. A continuaci\u00f3n, se celebrar\u00e1 el tradicional pisado de las uvas para recoger el primer mosto del a\u00f1o y ofrec\u00e9rselo al patr\u00f3n de Cari\u00f1ena, el Santo Cristo de Santiago. En esta edici\u00f3n, ser\u00e1n <strong>dos vecinos de la localidad de Alpartir, \u00c1ngela del Val y Francisco P\u00e9rez<\/strong>, los encargados de esta tarea. Como novedad, se recupera este a\u00f1o la <strong>presencia de la imagen del Santo Cristo en el escenario de la plaza<\/strong>, donde se realizar\u00e1 la bendici\u00f3n del mosto por el p\u00e1rroco de la localidad. Los \u00faltimos a\u00f1os, este momento se llevaba a cabo en la ermita del Santo, situada en la calle Mayor, a unos metros de la plaza, al finalizar el acto institucional.<\/p>\n<p>Tras el discurso del &#8220;Invitado de Honor&#8221;, llegar\u00e1 el momento m\u00e1s esperado, cuando Manuel Vilas, junto con Ignacio Casamitjana, <strong>accione el interruptor <\/strong>que har\u00e1 que durante todo el d\u00eda manen <strong>miles de litros de vino<\/strong> de la Fuente de la Mora.<\/p>\n<p>A continuaci\u00f3n, el escritor aragon\u00e9s impondr\u00e1 sus manos en el <strong>Paseo de las Estrellas<\/strong>, que desde 2014 luce las huellas de personajes destacados que han visitado la Denominaci\u00f3n de Origen Protegida Cari\u00f1ena. Vilas se sumar\u00e1 as\u00ed a una ya larga lista de nombres como <strong>Jos\u00e9 Ram\u00f3n de la Morena, Santiago Segura, David Trueba, Eduardo Noriega, Elvira Lindo, Paula Ortiz, Miguel \u00c1ngel Lamata, Gabino Diego y Luisa Gavasa<\/strong>.<\/p>\n<p>El programa continuar\u00e1 con la <strong>apertura de la Plaza del Vino, de 12.00 a 15.00 horas y de 17.30 a 22.00<\/strong>, con la actuaci\u00f3n de la <strong>Big Bang de Muel <\/strong>y tambi\u00e9n actividades para ni\u00f1os en la &#8220;<strong>Pe\u00f1a del Mosto<\/strong>&#8220;. Adem\u00e1s, de <strong>12.00 a 17.00 horas se podr\u00e1 visitar gratuitamente el Museo del Vino<\/strong>, completando una jornada para conocer y disfrutar los vinos de Cari\u00f1ena.<\/p>\n<p><strong>TREN DEL VINO DESDE ZARAGOZA CON MATERIAL HIST\u00d3RICO<\/strong><\/p>\n<p>Una novedad de la Fiesta de la Vendimia de este a\u00f1o es la <strong>recuperaci\u00f3n del Tren del Vino, entre Zaragoza y Cari\u00f1ena<\/strong>, y regreso posterior, con material hist\u00f3rico.\u00a0 Recuperando la tradici\u00f3n de los a\u00f1os noventa, el <strong>Ayuntamiento de Cari\u00f1ena, la Asociaci\u00f3n Zaragozana de Amigos del Ferrocarril y Tranv\u00edas y la Asociaci\u00f3n Amigos del F. C &#8220;pro Esla 10&#8221;, con el patrocinio de La Ruta del Vino del Campo de Cari\u00f1ena &#8211; La Ruta del Vino de las Piedras<\/strong>, pondr\u00e1n en circulaci\u00f3n el domingo este tren, que partir\u00e1 de la estaci\u00f3n de Casetas a las 8,35 h. Los interesados pueden comprar sus billetes en la web <a href=\"http:\/\/trenazul.es\/\/\/\/\/\/\/\">trenazul.es<\/a>.<\/p>\n<p>Con la 52\u00aa Fiesta de la Vendimia se completan las actividades de\u00a0<strong>&#8220;Septiembre en Cari\u00f1ena&#8221;,<\/strong> un programa que tambi\u00e9n ha incluido la celebraci\u00f3n de la exitosa campa\u00f1a\u00a0&#8220;Sorpresas en el restaurante&#8221;, durante los dos pasados fines de semana, en el que <strong>se repartieron m\u00e1s de 20.000 euros en premios <\/strong>entre los clientes que consumieron &#8220;Vinos de las Piedras&#8221; en diez restaurantes selectos de la capital aragonesa.<\/p>\n<p><strong>INCREMENTO NOTABLE DE LA PRODUCCI\u00d3N CON UNA UVA DE MUY BUENA CALIDAD<\/strong><\/p>\n<p>La cosecha de este a\u00f1o se prev\u00e9 <strong>abundante y de muy buena calidad<\/strong>. Las condiciones climatol\u00f3gicas de los \u00faltimos meses han favorecido una \u00f3ptima maduraci\u00f3n de la uva. En total, la Denominaci\u00f3n espera vendimiar unos <strong>93,5 millones de kilos de uva, un 27,7 % m\u00e1s que en 2017 y un 15 % superior a la media de los \u00faltimos 10 a\u00f1os<\/strong>.<\/p>\n<p>El grueso de la vendima ha empezado en la Denominaci\u00f3n de Cari\u00f1ena esta misma semana. Este a\u00f1o, <strong>tres cuartas partes<\/strong> (10.400 Has.) de la superficie total <strong>se recoger\u00e1n las uvas mec\u00e1nicamente<\/strong>.<\/p>\n<p><strong>MANUEL VILAS,\u00a0 NOVELISTA, ENSAYISTA Y POETA<\/strong><\/p>\n<p><strong>Manuel Vilas (Barbastro, 1962)<\/strong> est\u00e1 reconocido como uno de los <strong>principales autores espa\u00f1oles<\/strong> tras una larga trayectoria como novelista, poeta y ensayista, por la que <strong>ha obtenido numerosos premios<\/strong>, especialmente por sus poemarios, en los que la cr\u00edtica destaca su integraci\u00f3n de realismo e im\u00e1genes visionarias. As\u00ed, ha ganado, entre otros, en 2005 el Jaime Gil de Biedma por &#8220;Resurrecci\u00f3n&#8221;; en 2008, el Fray Luis de Le\u00f3n por &#8220;Calor&#8221;; o en 2014 el Generaci\u00f3n del 27 por &#8220;El hundimiento&#8221;.<\/p>\n<p>Es autor tambi\u00e9n de novelas como <strong>&#8220;Aire nuestro&#8221;, &#8220;Los inmortales&#8221; o &#8220;Lou Reed era espa\u00f1ol&#8221;<\/strong>, a las que este a\u00f1o ha sumado <strong>&#8220;Ordesa&#8221;,<\/strong> que se ha convertido en una de las obras m\u00e1s aplaudidas de 2018, con seis ediciones en seis meses y la venta de derechos a varios idiomas.<\/p>\n<p>Igualmente destaca su labor como <strong>cr\u00edtico cultural y ensayista<\/strong>, que incluye adem\u00e1s de la publicaci\u00f3n de varios libros, numerosas publicaciones en peri\u00f3dicos y revistas, donde es o ha sido colaborador habitual en medios como <strong>Heraldo de Arag\u00f3n, El Pa\u00eds, ABC, Letras Libres, Vanity Fair, Turia o Cuadernos Hispanoamericanos<\/strong>.<\/p>\n<p>Por el conjunto de su obra, Manuel Vilas recibi\u00f3 el <strong>Premio de las Letras Aragonesas 2015<\/strong>, reconociendo &#8220;su fecundidad literaria, su versatilidad en el uso de los g\u00e9neros en los que siempre se combinan calidad y una radical renovaci\u00f3n creativa de las formas literarias heredadas, lo que le ha valido el <strong>reconocimiento y la proyecci\u00f3n internacional de un universo propio<\/strong> donde siempre se halla la presencia afectiva de su Arag\u00f3n natal&#8221;.<\/p>\n<p>DESCARGAR PROGRAMA COMPLETO AQU\u00cd: <a href=\"https:\/\/goo.gl\/XRG2jj\">https:\/\/goo.gl\/XRG2jj<\/a><\/p>\n<hr>\n<figure id=\"attachment_472\" aria-describedby=\"caption-attachment-472\" style=\"width: 300px\" class=\"wp-caption alignnone\"><a href=\"\/_archivos\/imagenes\/3583.jpg\" target=\"_blank\" rel=\"noopener noreferrer\"><img decoding=\"async\" class=\"size-medium\" src=\"\/_archivos\/imagenes\/300\/3583.jpg\" alt=\"Manuel Vilas\" title=\"Manuel Vilas\" width=\"300\" height=\"auto\" \/><\/a><figcaption id=\"caption-attachment-472\" class=\"wp-caption-text\"><a href=\"\/_archivos\/imagenes\/3583.jpg\" target=\"_blank\" rel=\"noopener noreferrer\">Descargar imagen<\/a><\/figcaption><\/figure>\n","protected":false},"excerpt":{"rendered":"<p>Este fin de semana, la Denominaci\u00f3n de Origen Protegida Cari\u00f1ena celebra la 52\u00aa edici\u00f3n de su emblem\u00e1tica Fiesta de la Vendimia, reconocida desde 2016 como Fiesta de Inter\u00e9s Tur\u00edstico de Arag\u00f3n. La recogida de la uva, \u00e9poca clave en el territorio de la D.O.P., se volver\u00e1 a solemnizar con el acto de Exaltaci\u00f3n del Vino, &hellip;<\/p>\n","protected":false},"author":6,"featured_media":4079,"comment_status":"closed","ping_status":"closed","sticky":false,"template":"","format":"standard","meta":{"_genesis_hide_title":false,"_genesis_hide_breadcrumbs":false,"_genesis_hide_singular_image":false,"_genesis_hide_footer_widgets":false,"_genesis_custom_body_class":"","_genesis_custom_post_class":"","_genesis_layout":"","ngg_post_thumbnail":0,"footnotes":""},"categories":[1],"tags":[],"class_list":{"0":"post-4078","1":"post","2":"type-post","3":"status-publish","4":"format-standard","5":"has-post-thumbnail","7":"category-noticias","8":"entry"},"_links":{"self":[{"href":"https:\/\/elvinodelaspiedras.es\/en\/wp-json\/wp\/v2\/posts\/4078"}],"collection":[{"href":"https:\/\/elvinodelaspiedras.es\/en\/wp-json\/wp\/v2\/posts"}],"about":[{"href":"https:\/\/elvinodelaspiedras.es\/en\/wp-json\/wp\/v2\/types\/post"}],"author":[{"embeddable":true,"href":"https:\/\/elvinodelaspiedras.es\/en\/wp-json\/wp\/v2\/users\/6"}],"replies":[{"embeddable":true,"href":"https:\/\/elvinodelaspiedras.es\/en\/wp-json\/wp\/v2\/comments?post=4078"}],"version-history":[{"count":1,"href":"https:\/\/elvinodelaspiedras.es\/en\/wp-json\/wp\/v2\/posts\/4078\/revisions"}],"predecessor-version":[{"id":5857,"href":"https:\/\/elvinodelaspiedras.es\/en\/wp-json\/wp\/v2\/posts\/4078\/revisions\/5857"}],"wp:featuredmedia":[{"embeddable":true,"href":"https:\/\/elvinodelaspiedras.es\/en\/wp-json\/wp\/v2\/media\/4079"}],"wp:attachment":[{"href":"https:\/\/elvinodelaspiedras.es\/en\/wp-json\/wp\/v2\/media?parent=4078"}],"wp:term":[{"taxonomy":"category","embeddable":true,"href":"https:\/\/elvinodelaspiedras.es\/en\/wp-json\/wp\/v2\/categories?post=4078"},{"taxonomy":"post_tag","embeddable":true,"href":"https:\/\/elvinodelaspiedras.es\/en\/wp-json\/wp\/v2\/tags?post=4078"}],"curies":[{"name":"wp","href":"https:\/\/api.w.org\/{rel}","templated":true}]}}