{"id":4080,"date":"2018-09-19T00:00:00","date_gmt":"2018-09-19T00:00:00","guid":{"rendered":"http:\/\/elvinodelaspiedras.local\/los-vinos-de-las-piedras-logran-tres-oros-y-una-plata-en-los-premios-zarcillo-2018\/"},"modified":"2020-11-13T12:29:28","modified_gmt":"2020-11-13T12:29:28","slug":"los-vinos-de-las-piedras-logran-tres-oros-y-una-plata-en-los-premios-zarcillo-2018","status":"publish","type":"post","link":"https:\/\/elvinodelaspiedras.es\/en\/comunicacion\/noticias\/los-vinos-de-las-piedras-logran-tres-oros-y-una-plata-en-los-premios-zarcillo-2018\/","title":{"rendered":"Los \u201cvinos de las piedras\u201d logran tres oros y una plata en los premios Zarcillo 2018"},"content":{"rendered":"<p>La Denominaci\u00f3n de Origen Protegida Cari\u00f1ena sigue sumando reconocimientos en los m\u00e1s prestigiosos concursos nacionales e internacionales. En la reciente edici\u00f3n de los Premios Zarcillo, los &#8220;Vinos de las Piedras&#8221; -marca con la que se conoce toda la producci\u00f3n vin\u00edcola de Cari\u00f1ena, en referencia a los terrenos pedregosos de la Denominaci\u00f3n- han obtenido cuatro premios: tres medallas de oro y una de plata.<\/p>\n<p>Los oros han correspondido a Pulchrum Crespiello 2012, de Bioenos, y Terrai G15 2015 y Torrelongares reserva 2014, de Bodegas Covinca. Con la medalla de plata fue distinguido el vino Particular Garnacha Old Vine 2015.<\/p>\n<p>Los Premios Zarcillo 2018 -XVII edici\u00f3n nacional y IX internacional- recibieron un total de 2.020 vinos \u00a0a concurso (lo que supone un incremento del 12% frente a su anterior edici\u00f3n en 2015). En la muestra vitivin\u00edcola estuvieron representados 25 pa\u00edses productores,\u00a0 que durante cuatro sesiones de cata en el F\u00f3rum Evoluci\u00f3n de Burgos fue evaluada por un panel de 84 expertos catadores nacionales e internacionales.<\/p>\n<p>El concurso est\u00e1 organizado por la Junta de Castilla y Le\u00f3n desde 1991. A lo largo de estos a\u00f1os los Premios Zarcillo se han consolidado como el certamen nacional m\u00e1s importante de los vinos espa\u00f1oles, y uno de los m\u00e1s prestigiosos a nivel internacional. Como en ediciones anteriores, el Concurso cuenta con el patrocinio de la O.I.V. y est\u00e1 integrado en la Federaci\u00f3n Mundial de Grandes Concursos Internacionales de Vinos y Espirituosos (VinoFED).<\/p>\n<hr>\n<figure id=\"attachment_473\" aria-describedby=\"caption-attachment-473\" style=\"width: 300px\" class=\"wp-caption alignnone\"><a href=\"\/_archivos\/imagenes\/3584.jpg\" target=\"_blank\" rel=\"noopener noreferrer\"><img decoding=\"async\" class=\"size-medium\" src=\"\/_archivos\/imagenes\/300\/3584.jpg\" alt=\"zarcillo\" title=\"zarcillo\" width=\"300\" height=\"auto\" \/><\/a><figcaption id=\"caption-attachment-473\" class=\"wp-caption-text\"><a href=\"\/_archivos\/imagenes\/3584.jpg\" target=\"_blank\" rel=\"noopener noreferrer\">Descargar imagen<\/a><\/figcaption><\/figure>\n","protected":false},"excerpt":{"rendered":"<p>La Denominaci\u00f3n de Origen Protegida Cari\u00f1ena sigue sumando reconocimientos en los m\u00e1s prestigiosos concursos nacionales e internacionales. En la reciente edici\u00f3n de los Premios Zarcillo, los &#8220;Vinos de las Piedras&#8221; -marca con la que se conoce toda la producci\u00f3n vin\u00edcola de Cari\u00f1ena, en referencia a los terrenos pedregosos de la Denominaci\u00f3n- han obtenido cuatro premios: &hellip;<\/p>\n","protected":false},"author":6,"featured_media":4081,"comment_status":"closed","ping_status":"closed","sticky":false,"template":"","format":"standard","meta":{"_genesis_hide_title":false,"_genesis_hide_breadcrumbs":false,"_genesis_hide_singular_image":false,"_genesis_hide_footer_widgets":false,"_genesis_custom_body_class":"","_genesis_custom_post_class":"","_genesis_layout":"","ngg_post_thumbnail":0,"footnotes":""},"categories":[1],"tags":[],"class_list":{"0":"post-4080","1":"post","2":"type-post","3":"status-publish","4":"format-standard","5":"has-post-thumbnail","7":"category-noticias","8":"entry"},"_links":{"self":[{"href":"https:\/\/elvinodelaspiedras.es\/en\/wp-json\/wp\/v2\/posts\/4080"}],"collection":[{"href":"https:\/\/elvinodelaspiedras.es\/en\/wp-json\/wp\/v2\/posts"}],"about":[{"href":"https:\/\/elvinodelaspiedras.es\/en\/wp-json\/wp\/v2\/types\/post"}],"author":[{"embeddable":true,"href":"https:\/\/elvinodelaspiedras.es\/en\/wp-json\/wp\/v2\/users\/6"}],"replies":[{"embeddable":true,"href":"https:\/\/elvinodelaspiedras.es\/en\/wp-json\/wp\/v2\/comments?post=4080"}],"version-history":[{"count":1,"href":"https:\/\/elvinodelaspiedras.es\/en\/wp-json\/wp\/v2\/posts\/4080\/revisions"}],"predecessor-version":[{"id":5858,"href":"https:\/\/elvinodelaspiedras.es\/en\/wp-json\/wp\/v2\/posts\/4080\/revisions\/5858"}],"wp:featuredmedia":[{"embeddable":true,"href":"https:\/\/elvinodelaspiedras.es\/en\/wp-json\/wp\/v2\/media\/4081"}],"wp:attachment":[{"href":"https:\/\/elvinodelaspiedras.es\/en\/wp-json\/wp\/v2\/media?parent=4080"}],"wp:term":[{"taxonomy":"category","embeddable":true,"href":"https:\/\/elvinodelaspiedras.es\/en\/wp-json\/wp\/v2\/categories?post=4080"},{"taxonomy":"post_tag","embeddable":true,"href":"https:\/\/elvinodelaspiedras.es\/en\/wp-json\/wp\/v2\/tags?post=4080"}],"curies":[{"name":"wp","href":"https:\/\/api.w.org\/{rel}","templated":true}]}}