{"id":4086,"date":"2018-10-23T00:00:00","date_gmt":"2018-10-23T00:00:00","guid":{"rendered":"http:\/\/elvinodelaspiedras.local\/un-lugar-para-quedarme-de-aragon-tv-aterriza-en-la-fiesta-de-la-vendimia-de-la-dop-carinena\/"},"modified":"2020-11-13T12:29:28","modified_gmt":"2020-11-13T12:29:28","slug":"un-lugar-para-quedarme-de-aragon-tv-aterriza-en-la-fiesta-de-la-vendimia-de-la-dop-carinena","status":"publish","type":"post","link":"https:\/\/elvinodelaspiedras.es\/en\/comunicacion\/noticias\/un-lugar-para-quedarme-de-aragon-tv-aterriza-en-la-fiesta-de-la-vendimia-de-la-dop-carinena\/","title":{"rendered":"\u201cUn lugar para quedarme\u201d de Arag\u00f3n TV aterriza en la fiesta de la vendimia de la D.O.P. Cari\u00f1ena"},"content":{"rendered":"<p>Este mi\u00e9rcoles, d\u00eda 24 de octubre, a las 21:30 horas, el programa &#8220;Un lugar para quedarme&#8221; de Arag\u00f3n TV visita Cari\u00f1ena, coincidiendo con la 52\u00aa <strong>Fiesta de la Vendimia <\/strong>celebrada el pasado 23 de septiembre, un acontecimiento que marca el comienzo de la vendimia para los 14 municipios que conforman la Denominaci\u00f3n.<\/p>\n<p><strong>&#8220;Un lugar para quedarme&#8221;<\/strong>, capitaneado por el presentador Javier Zapater, llega a la  D.O.P. <strong>Cari\u00f1ena<\/strong> con la intenci\u00f3n de conocer de primera mano la <strong>Fiesta<\/strong><strong> de la Vendimia<\/strong> y, c\u00f3mo no, adentrarse en la <strong>vida cotidiana<\/strong> de las personas que la integran.<\/p>\n<p>\u00bfVa a ayudar en la puesta en marcha de este <strong>gran evento<\/strong>? \u00bfPodr\u00e1 pisar la uva del <strong>primer mosto<\/strong> de la temporada? \u00bfTendr\u00e1 el <strong>honor<\/strong> de encender la fuente de la que mana vino? \u00bfDejar\u00e1 impresas las palmas de sus manos en el &#8220;<strong>Paseo de las Estrellas<\/strong>&#8221; de Cari\u00f1ena? <strong>Javier Zapater<\/strong> lo intenta, aunque s\u00f3lo va a ser <strong>testigo<\/strong>. Eso s\u00ed, de primera mano.<\/p>\n<p>Muchas son las razones que <strong>Javier<\/strong> encuentra para quedarse en Cari\u00f1ena: el entra\u00f1able encuentro con el escritor <strong>Manuel Vilas -Invitado de Honor de la 52\u00aa Fiesta-<\/strong>, la visita a varias <strong>bodegas<\/strong> de Cari\u00f1ena donde <strong>tecnolog\u00eda <\/strong>y <strong>tradici\u00f3n<\/strong> se dan la mano, la vivencia de la vendimia a trav\u00e9s del lado femenino junto a Mari Carmen, <strong>en\u00f3loga,<\/strong> y <strong>Ana<\/strong>, una <strong>agricultora<\/strong> enamorada de su trabajo. Finalmente, Javier se da un homenaje con una sesi\u00f3n de <strong>vinoterapia<\/strong>. Claro, que tambi\u00e9n toca practicar como masajista.<a name=\"_GoBack\"><\/a><\/p>\n<p>Para pasar un rato bien entretenido y conocer <strong>gentes aragonesas<\/strong> de pura cepa, hay que sentarse frente al televisor este mi\u00e9rcoles 24, porque <strong>Javier Zapater<\/strong> encontrar\u00e1 seguro, un lugar para quedarse.<\/p>\n<hr>\n<figure id=\"attachment_476\" aria-describedby=\"caption-attachment-476\" style=\"width: 300px\" class=\"wp-caption alignnone\"><a href=\"\/_archivos\/imagenes\/3592.jpg\" target=\"_blank\" rel=\"noopener noreferrer\"><img decoding=\"async\" class=\"size-medium\" src=\"\/_archivos\/imagenes\/300\/3592.jpg\" alt=\"P1030518\" title=\"P1030518\" width=\"300\" height=\"auto\" \/><\/a><figcaption id=\"caption-attachment-476\" class=\"wp-caption-text\"><a href=\"\/_archivos\/imagenes\/3592.jpg\" target=\"_blank\" rel=\"noopener noreferrer\">Descargar imagen<\/a><\/figcaption><\/figure>\n","protected":false},"excerpt":{"rendered":"<p>Este mi\u00e9rcoles, d\u00eda 24 de octubre, a las 21:30 horas, el programa &#8220;Un lugar para quedarme&#8221; de Arag\u00f3n TV visita Cari\u00f1ena, coincidiendo con la 52\u00aa Fiesta de la Vendimia celebrada el pasado 23 de septiembre, un acontecimiento que marca el comienzo de la vendimia para los 14 municipios que conforman la Denominaci\u00f3n. &#8220;Un lugar para &hellip;<\/p>\n","protected":false},"author":6,"featured_media":4087,"comment_status":"closed","ping_status":"closed","sticky":false,"template":"","format":"standard","meta":{"_genesis_hide_title":false,"_genesis_hide_breadcrumbs":false,"_genesis_hide_singular_image":false,"_genesis_hide_footer_widgets":false,"_genesis_custom_body_class":"","_genesis_custom_post_class":"","_genesis_layout":"","ngg_post_thumbnail":0,"footnotes":""},"categories":[1],"tags":[],"class_list":{"0":"post-4086","1":"post","2":"type-post","3":"status-publish","4":"format-standard","5":"has-post-thumbnail","7":"category-noticias","8":"entry"},"_links":{"self":[{"href":"https:\/\/elvinodelaspiedras.es\/en\/wp-json\/wp\/v2\/posts\/4086"}],"collection":[{"href":"https:\/\/elvinodelaspiedras.es\/en\/wp-json\/wp\/v2\/posts"}],"about":[{"href":"https:\/\/elvinodelaspiedras.es\/en\/wp-json\/wp\/v2\/types\/post"}],"author":[{"embeddable":true,"href":"https:\/\/elvinodelaspiedras.es\/en\/wp-json\/wp\/v2\/users\/6"}],"replies":[{"embeddable":true,"href":"https:\/\/elvinodelaspiedras.es\/en\/wp-json\/wp\/v2\/comments?post=4086"}],"version-history":[{"count":1,"href":"https:\/\/elvinodelaspiedras.es\/en\/wp-json\/wp\/v2\/posts\/4086\/revisions"}],"predecessor-version":[{"id":5854,"href":"https:\/\/elvinodelaspiedras.es\/en\/wp-json\/wp\/v2\/posts\/4086\/revisions\/5854"}],"wp:featuredmedia":[{"embeddable":true,"href":"https:\/\/elvinodelaspiedras.es\/en\/wp-json\/wp\/v2\/media\/4087"}],"wp:attachment":[{"href":"https:\/\/elvinodelaspiedras.es\/en\/wp-json\/wp\/v2\/media?parent=4086"}],"wp:term":[{"taxonomy":"category","embeddable":true,"href":"https:\/\/elvinodelaspiedras.es\/en\/wp-json\/wp\/v2\/categories?post=4086"},{"taxonomy":"post_tag","embeddable":true,"href":"https:\/\/elvinodelaspiedras.es\/en\/wp-json\/wp\/v2\/tags?post=4086"}],"curies":[{"name":"wp","href":"https:\/\/api.w.org\/{rel}","templated":true}]}}