{"id":4088,"date":"2018-11-07T00:00:00","date_gmt":"2018-11-07T00:00:00","guid":{"rendered":"http:\/\/elvinodelaspiedras.local\/las-instituciones-de-carinena-apoyan-el-proyecto-del-consejo-regulador-para-impulsar-los-vinos-emblematicos-de-la-variedad-carinena\/"},"modified":"2020-11-13T12:29:28","modified_gmt":"2020-11-13T12:29:28","slug":"las-instituciones-de-carinena-apoyan-el-proyecto-del-consejo-regulador-para-impulsar-los-vinos-emblematicos-de-la-variedad-carinena","status":"publish","type":"post","link":"https:\/\/elvinodelaspiedras.es\/en\/comunicacion\/noticias\/las-instituciones-de-carinena-apoyan-el-proyecto-del-consejo-regulador-para-impulsar-los-vinos-emblematicos-de-la-variedad-carinena\/","title":{"rendered":"Las instituciones de Cari\u00f1ena apoyan el proyecto del consejo regulador para impulsar los vinos emblem\u00e1ticos de la variedad Cari\u00f1ena"},"content":{"rendered":"<p>La <strong>Denominaci\u00f3n de Origen Protegida Cari\u00f1ena<\/strong> ha suscrito hoy sendos acuerdos con la <strong>Comarca Campo de Cari\u00f1ena<\/strong> y con el <strong>Ayuntamiento de Cari\u00f1ena<\/strong> y la <strong>Ruta del Vino Campo de Cari\u00f1ena &#8220;La Ruta del Vino de las Piedras&#8221;<\/strong> para impulsar la elaboraci\u00f3n y difusi\u00f3n de la variedad de uva Cari\u00f1ena. Esta es la <strong>\u00fanica Denominaci\u00f3n en el mundo cuyo nombre coincide<\/strong> con una variedad de uva aut\u00f3ctona, adem\u00e1s de con el nombre de la localidad y comarca.<\/p>\n<p>De esta forma se da el primer paso para acometer el proyecto <strong>&#8220;Pautas para la construcci\u00f3n de vinos emblem\u00e1ticos de la variedad Cari\u00f1ena en la D.O.P. Cari\u00f1ena&#8221;<\/strong>. El apoyo de todas las instituciones de la zona refuerza todav\u00eda m\u00e1s esta iniciativa, que fue anunciada por el <strong>presidente de la Denominaci\u00f3n, Ignacio Casamitjana<\/strong>, tras su toma de posesi\u00f3n en julio de 2017.<\/p>\n<p>En su primera comparecencia p\u00fablica, el m\u00e1ximo responsable de la D.O.P. apost\u00f3 por, entre otras medidas, <strong>impulsar una declaraci\u00f3n internacional que convierta a Cari\u00f1ena en sede mundial<\/strong> de la variedad de uva del mismo nombre y la <strong>celebraci\u00f3n de un concurso anual de vinos<\/strong> elaborados principalmente con esta variedad, como ya existen cert\u00e1menes sobre los mejores vinos de Garnacha o Chardonnay.<\/p>\n<p>Tras la firma de los acuerdos con las instituciones cari\u00f1enenses, Casamitjana ha valorado el &#8220;respaldo&#8221; a un proyecto que afronta un <strong>&#8220;inicio muy importante&#8221;<\/strong>. &#8220;Queremos marcar las pautas para el desarrollo de vinos emblem\u00e1ticos de la variedad de uva Cari\u00f1ena. Se trata de una variedad compleja, pero tenemos la suerte de contar con la avanzada tecnolog\u00eda de los en\u00f3logos que <strong>permite hacer unos vinos exquisitos<\/strong>&#8220;, ha destacado.<\/p>\n<p>Por su parte, <strong>Sergio Ortiz, presidente de la Comarca Campo de Cari\u00f1ena,<\/strong> ha destacado que todos los representantes comarcales han apoyado la firma del\u00a0 convenio <strong>&#8220;por unanimidad&#8221;.<\/strong> Ortiz tambi\u00e9n ha incidido en que la D.O.P. Cari\u00f1ena &#8220;es la \u00fanica que tiene una variedad con el nombre de su capital comarcal&#8221;. &#8220;En estos momentos, est\u00e1 extendida por Sudam\u00e9rica, Estados Unidos, Nueva Zelanda y toda Europa; <strong>es el momento de reivindicarla tambi\u00e9n aqu\u00ed<\/strong>&#8220;, ha rematado.<\/p>\n<p>En la misma l\u00ednea se ha manifestado la <strong>primera teniente de alcalde del Ayuntamiento de Cari\u00f1ena, Sara Morales,<\/strong> sobre &#8220;este ambicioso proyecto&#8221;. &#8220;Sin duda, se trata de una iniciativa que apoyamos porque <strong>difunde nuestros valores y una parte muy importante de lo que es nuestro medio<\/strong> de vida, a trav\u00e9s de una variedad de uva tan propia de nuestro territorio&#8221;.<\/p>\n<p><strong>Jes\u00fas Javier Gimeno<\/strong>, <strong>presidente de la Ruta del Vino Campo de Cari\u00f1ena &#8220;La Ruta del Vino de las Piedras&#8221;,<\/strong> ha subrayado que &#8220;es muy importante potenciar el nombre de Cari\u00f1ena, ya sea a trav\u00e9s del turismo, o de productos y variedades, como la uva Cari\u00f1ena, en este caso&#8221;. &#8220;<strong>El objetivo final es poner en valor nuestro territorio<\/strong>, siempre de la mano del Consejo Regulador de la D.O.P.\u00a0 Cari\u00f1ena&#8221;, ha incidido.<\/p>\n<hr>\n<figure id=\"attachment_477\" aria-describedby=\"caption-attachment-477\" style=\"width: 300px\" class=\"wp-caption alignnone\"><a href=\"\/_archivos\/imagenes\/3593.jpg\" target=\"_blank\" rel=\"noopener noreferrer\"><img decoding=\"async\" class=\"size-medium\" src=\"\/_archivos\/imagenes\/300\/3593.jpg\" alt=\"Jes\u00fas Javier Gimeno, Sara Morales, Ignacio Casamitjana y Sergio Ortiz firman los acuerdos de impulso\" title=\"Jes\u00fas Javier Gimeno, Sara Morales, Ignacio Casamitjana y Sergio Ortiz firman los acuerdos de impulso\" width=\"300\" height=\"auto\" \/><\/a><figcaption id=\"caption-attachment-477\" class=\"wp-caption-text\"><a href=\"\/_archivos\/imagenes\/3593.jpg\" target=\"_blank\" rel=\"noopener noreferrer\">Descargar imagen<\/a><\/figcaption><\/figure>\n<figure id=\"attachment_477\" aria-describedby=\"caption-attachment-477\" style=\"width: 300px\" class=\"wp-caption alignnone\"><a href=\"\/_archivos\/imagenes\/3594.jpg\" target=\"_blank\" rel=\"noopener noreferrer\"><img decoding=\"async\" class=\"size-medium\" src=\"\/_archivos\/imagenes\/300\/3594.jpg\" alt=\"Jes\u00fas Javier Gimeno, Sara Morales, Ignacio Casamitjana y Sergio Ortiz firman los acuerdos de impulso\" title=\"Jes\u00fas Javier Gimeno, Sara Morales, Ignacio Casamitjana y Sergio Ortiz firman los acuerdos de impulso\" width=\"300\" height=\"auto\" \/><\/a><figcaption id=\"caption-attachment-477\" class=\"wp-caption-text\"><a href=\"\/_archivos\/imagenes\/3594.jpg\" target=\"_blank\" rel=\"noopener noreferrer\">Descargar imagen<\/a><\/figcaption><\/figure>\n<figure id=\"attachment_477\" aria-describedby=\"caption-attachment-477\" style=\"width: 300px\" class=\"wp-caption alignnone\"><a href=\"\/_archivos\/imagenes\/3595.jpg\" target=\"_blank\" rel=\"noopener noreferrer\"><img decoding=\"async\" class=\"size-medium\" src=\"\/_archivos\/imagenes\/300\/3595.jpg\" alt=\"Jes\u00fas Javier Gimeno, Sara Morales, Ignacio Casamitjana y Sergio Ortiz firman los acuerdos de impulso\" title=\"Jes\u00fas Javier Gimeno, Sara Morales, Ignacio Casamitjana y Sergio Ortiz firman los acuerdos de impulso\" width=\"300\" height=\"auto\" \/><\/a><figcaption id=\"caption-attachment-477\" class=\"wp-caption-text\"><a href=\"\/_archivos\/imagenes\/3595.jpg\" target=\"_blank\" rel=\"noopener noreferrer\">Descargar imagen<\/a><\/figcaption><\/figure>    \t<\/p>\n","protected":false},"excerpt":{"rendered":"<p>La Denominaci\u00f3n de Origen Protegida Cari\u00f1ena ha suscrito hoy sendos acuerdos con la Comarca Campo de Cari\u00f1ena y con el Ayuntamiento de Cari\u00f1ena y la Ruta del Vino Campo de Cari\u00f1ena &#8220;La Ruta del Vino de las Piedras&#8221; para impulsar la elaboraci\u00f3n y difusi\u00f3n de la variedad de uva Cari\u00f1ena. Esta es la \u00fanica Denominaci\u00f3n &hellip;<\/p>\n","protected":false},"author":6,"featured_media":4089,"comment_status":"closed","ping_status":"closed","sticky":false,"template":"","format":"standard","meta":{"_genesis_hide_title":false,"_genesis_hide_breadcrumbs":false,"_genesis_hide_singular_image":false,"_genesis_hide_footer_widgets":false,"_genesis_custom_body_class":"","_genesis_custom_post_class":"","_genesis_layout":"","ngg_post_thumbnail":0,"footnotes":""},"categories":[1],"tags":[],"class_list":{"0":"post-4088","1":"post","2":"type-post","3":"status-publish","4":"format-standard","5":"has-post-thumbnail","7":"category-noticias","8":"entry"},"_links":{"self":[{"href":"https:\/\/elvinodelaspiedras.es\/en\/wp-json\/wp\/v2\/posts\/4088"}],"collection":[{"href":"https:\/\/elvinodelaspiedras.es\/en\/wp-json\/wp\/v2\/posts"}],"about":[{"href":"https:\/\/elvinodelaspiedras.es\/en\/wp-json\/wp\/v2\/types\/post"}],"author":[{"embeddable":true,"href":"https:\/\/elvinodelaspiedras.es\/en\/wp-json\/wp\/v2\/users\/6"}],"replies":[{"embeddable":true,"href":"https:\/\/elvinodelaspiedras.es\/en\/wp-json\/wp\/v2\/comments?post=4088"}],"version-history":[{"count":1,"href":"https:\/\/elvinodelaspiedras.es\/en\/wp-json\/wp\/v2\/posts\/4088\/revisions"}],"predecessor-version":[{"id":5853,"href":"https:\/\/elvinodelaspiedras.es\/en\/wp-json\/wp\/v2\/posts\/4088\/revisions\/5853"}],"wp:featuredmedia":[{"embeddable":true,"href":"https:\/\/elvinodelaspiedras.es\/en\/wp-json\/wp\/v2\/media\/4089"}],"wp:attachment":[{"href":"https:\/\/elvinodelaspiedras.es\/en\/wp-json\/wp\/v2\/media?parent=4088"}],"wp:term":[{"taxonomy":"category","embeddable":true,"href":"https:\/\/elvinodelaspiedras.es\/en\/wp-json\/wp\/v2\/categories?post=4088"},{"taxonomy":"post_tag","embeddable":true,"href":"https:\/\/elvinodelaspiedras.es\/en\/wp-json\/wp\/v2\/tags?post=4088"}],"curies":[{"name":"wp","href":"https:\/\/api.w.org\/{rel}","templated":true}]}}