{"id":4090,"date":"2018-11-22T00:00:00","date_gmt":"2018-11-22T00:00:00","guid":{"rendered":"http:\/\/elvinodelaspiedras.local\/grandes-vinos-y-fundacion-down-zaragoza-lanzan-su-xii-campana-del-vino-solidario\/"},"modified":"2020-11-13T12:29:28","modified_gmt":"2020-11-13T12:29:28","slug":"grandes-vinos-y-fundacion-down-zaragoza-lanzan-su-xii-campana-del-vino-solidario","status":"publish","type":"post","link":"https:\/\/elvinodelaspiedras.es\/en\/comunicacion\/noticias\/grandes-vinos-y-fundacion-down-zaragoza-lanzan-su-xii-campana-del-vino-solidario\/","title":{"rendered":"Grandes Vinos y fundaci\u00f3n Down Zaragoza lanzan su XII campa\u00f1a del vino solidario"},"content":{"rendered":"<p>Por duod\u00e9cimo a\u00f1o consecutivo Grandes Vinos -de la Denominaci\u00f3n de Origen Protegida Cari\u00f1ena- lanza la nueva Campa\u00f1a del Vino Solidario Fundaci\u00f3n Down, un Corona de Arag\u00f3n\u00a0Crianza 2015 que este a\u00f1o se ilustra con una panor\u00e1mica de la ciudad de Zaragoza, un homenaje a la ciudad donde la Fundaci\u00f3n desarrolla su actividad y que se enmarca en el lema de la campa\u00f1a\u00a0de la Fundaci\u00f3n Down &#8221; Nuestro Compromiso con Zaragoza, Ciudad abierta al mundo&#8221;.<\/p>\n<p id=\"yui_3_16_0_ym19_1_1542909456210_8593\">El dibujo ha sido cedido libremente por Antonio Maestro Magaz, miembro de la Asociaci\u00f3n &#8220;De vuelta con el cuaderno&#8221;.<\/p>\n<p id=\"yui_3_16_0_ym19_1_1542909456210_8594\">Como todos los a\u00f1os desde su lanzamiento, el 100% de los beneficios de la venta se destinan a diversos proyectos de la Fundaci\u00f3n Down, programas de formaci\u00f3n, empleo, equipamiento inform\u00e1tico, la investigaci\u00f3n deportiva y programas de formaci\u00f3n, arte y comunicaci\u00f3n, huerto social y vivienda, entre otros. Una donaci\u00f3n por parte de la Bodega que ha supuesto 123.668,71\u20ac en estos once a\u00f1os desde su lanzamiento.<\/p>\n<p id=\"yui_3_16_0_ym19_1_1542909456210_8702\">El Vino Solidario Fundaci\u00f3n Down lo adquieren empresas para sus compromisos, aguinaldos a empleados, celebraciones as\u00ed como restaurantes y tiendas que lo ponen a la venta.\u00a0En la tienda online\u00a0<a id=\"yui_3_16_0_ym19_1_1542909456210_8829\" rel=\"nofollow noopener noreferrer\" href=\"http:\/\/www.grandesvinos.com\/\/\/\/\/\/\" target=\"_blank\">www.grandesvinos.com<\/a> tambi\u00e9n est\u00e1 disponible a 5,75\u20ac Iva y transporte a pen\u00ednsula incluido, y en la propia Fundaci\u00f3n Down Zaragoza ( 976 388 855 \u00f3\u00a0<a rel=\"nofollow noopener noreferrer\" href=\"mailto:administracion@downzaragoza.org\" target=\"_blank\">administracion@downzaragoza.org<\/a> )<\/p>\n<p id=\"yui_3_16_0_ym19_1_1542909456210_8694\">Grandes Vinos, empresa Galardonada por Fundaci\u00f3n Down Zaragoza en 2007, adem\u00e1s, realiza con la Fundaci\u00f3n la aplicaci\u00f3n de medidas alternativas a la contrataci\u00f3n de personas con discapacidad intelectual, que se traducen en recursos para las personas con discapacidad. En el a\u00f1o 2015 obtuvo el sello SOLIDAR, otorgado por la Asociaci\u00f3n del mismo nombre como reconocimiento a su Responsabilidad Social Corporativa y hace unas semanas acaba de obtener el sello RSA del Gobierno de Arag\u00f3n.<\/p>\n<hr>\n<figure id=\"attachment_478\" aria-describedby=\"caption-attachment-478\" style=\"width: 300px\" class=\"wp-caption alignnone\"><a href=\"\/_archivos\/imagenes\/3596.jpg\" target=\"_blank\" rel=\"noopener noreferrer\"><img decoding=\"async\" class=\"size-medium\" src=\"\/_archivos\/imagenes\/300\/3596.jpg\" alt=\"XII ed 04\" title=\"XII ed 04\" width=\"300\" height=\"auto\" \/><\/a><figcaption id=\"caption-attachment-478\" class=\"wp-caption-text\"><a href=\"\/_archivos\/imagenes\/3596.jpg\" target=\"_blank\" rel=\"noopener noreferrer\">Descargar imagen<\/a><\/figcaption><\/figure>\n<figure id=\"attachment_478\" aria-describedby=\"caption-attachment-478\" style=\"width: 300px\" class=\"wp-caption alignnone\"><a href=\"\/_archivos\/imagenes\/3597.jpg\" target=\"_blank\" rel=\"noopener noreferrer\"><img decoding=\"async\" class=\"size-medium\" src=\"\/_archivos\/imagenes\/300\/3597.jpg\" alt=\"Corona Solidario XII Edicion\" title=\"Corona Solidario XII Edicion\" width=\"300\" height=\"auto\" \/><\/a><figcaption id=\"caption-attachment-478\" class=\"wp-caption-text\"><a href=\"\/_archivos\/imagenes\/3597.jpg\" target=\"_blank\" rel=\"noopener noreferrer\">Descargar imagen<\/a><\/figcaption><\/figure>    \t<\/p>\n","protected":false},"excerpt":{"rendered":"<p>Por duod\u00e9cimo a\u00f1o consecutivo Grandes Vinos -de la Denominaci\u00f3n de Origen Protegida Cari\u00f1ena- lanza la nueva Campa\u00f1a del Vino Solidario Fundaci\u00f3n Down, un Corona de Arag\u00f3n\u00a0Crianza 2015 que este a\u00f1o se ilustra con una panor\u00e1mica de la ciudad de Zaragoza, un homenaje a la ciudad donde la Fundaci\u00f3n desarrolla su actividad y que se enmarca &hellip;<\/p>\n","protected":false},"author":6,"featured_media":4091,"comment_status":"closed","ping_status":"closed","sticky":false,"template":"","format":"standard","meta":{"_genesis_hide_title":false,"_genesis_hide_breadcrumbs":false,"_genesis_hide_singular_image":false,"_genesis_hide_footer_widgets":false,"_genesis_custom_body_class":"","_genesis_custom_post_class":"","_genesis_layout":"","ngg_post_thumbnail":0,"footnotes":""},"categories":[1],"tags":[],"class_list":{"0":"post-4090","1":"post","2":"type-post","3":"status-publish","4":"format-standard","5":"has-post-thumbnail","7":"category-noticias","8":"entry"},"_links":{"self":[{"href":"https:\/\/elvinodelaspiedras.es\/en\/wp-json\/wp\/v2\/posts\/4090"}],"collection":[{"href":"https:\/\/elvinodelaspiedras.es\/en\/wp-json\/wp\/v2\/posts"}],"about":[{"href":"https:\/\/elvinodelaspiedras.es\/en\/wp-json\/wp\/v2\/types\/post"}],"author":[{"embeddable":true,"href":"https:\/\/elvinodelaspiedras.es\/en\/wp-json\/wp\/v2\/users\/6"}],"replies":[{"embeddable":true,"href":"https:\/\/elvinodelaspiedras.es\/en\/wp-json\/wp\/v2\/comments?post=4090"}],"version-history":[{"count":1,"href":"https:\/\/elvinodelaspiedras.es\/en\/wp-json\/wp\/v2\/posts\/4090\/revisions"}],"predecessor-version":[{"id":5852,"href":"https:\/\/elvinodelaspiedras.es\/en\/wp-json\/wp\/v2\/posts\/4090\/revisions\/5852"}],"wp:featuredmedia":[{"embeddable":true,"href":"https:\/\/elvinodelaspiedras.es\/en\/wp-json\/wp\/v2\/media\/4091"}],"wp:attachment":[{"href":"https:\/\/elvinodelaspiedras.es\/en\/wp-json\/wp\/v2\/media?parent=4090"}],"wp:term":[{"taxonomy":"category","embeddable":true,"href":"https:\/\/elvinodelaspiedras.es\/en\/wp-json\/wp\/v2\/categories?post=4090"},{"taxonomy":"post_tag","embeddable":true,"href":"https:\/\/elvinodelaspiedras.es\/en\/wp-json\/wp\/v2\/tags?post=4090"}],"curies":[{"name":"wp","href":"https:\/\/api.w.org\/{rel}","templated":true}]}}