{"id":4092,"date":"2018-11-27T00:00:00","date_gmt":"2018-11-27T00:00:00","guid":{"rendered":"http:\/\/elvinodelaspiedras.local\/anton-castro-presenta-este-miercoles-una-nueva-edicion-revisada-y-ampliada-de-carinena\/"},"modified":"2020-11-13T12:29:28","modified_gmt":"2020-11-13T12:29:28","slug":"anton-castro-presenta-este-miercoles-una-nueva-edicion-revisada-y-ampliada-de-carinena","status":"publish","type":"post","link":"https:\/\/elvinodelaspiedras.es\/en\/comunicacion\/noticias\/anton-castro-presenta-este-miercoles-una-nueva-edicion-revisada-y-ampliada-de-carinena\/","title":{"rendered":"Ant\u00f3n Castro presenta una nueva edici\u00f3n revisada y ampliada de \u201cCari\u00f1ena\u201d"},"content":{"rendered":"<p>Este\u00a0<strong>mi\u00e9rcoles 28 de noviembre, a partir de las 19:30 horas<\/strong>,\u00a0<a href=\"http:\/\/preguntaediciones.blogspot.com\/\/\/\/\/\/\" target=\"_blank\" rel=\"noopener noreferrer\">Pregunta Ediciones<\/a> presenta en la librer\u00eda La Pantera Rossa (calle San Vicente Pa\u00fal, 28, Zaragoza) el libro del\u00a0<strong>escritor y periodista Ant\u00f3n Castro &#8220;Cari\u00f1ena&#8221;<\/strong>. Una obra autobiogr\u00e1fica, que ahonda en la importancia de la cultura, la amistad, el vino y especialmente la poes\u00eda. Ant\u00f3n Castro relata en la novela la experiencia vital de un joven de 19 a\u00f1os, objetor de conciencia y v\u00edctima de la incertidumbre, que escapa de su Galicia natal y se va a la vendimia de Cari\u00f1ena diez d\u00edas de octubre de 1978. Se trata del segundo relato que forma parte de la colecci\u00f3n de narrativa contempor\u00e1nea &#8220;El Vino de las Piedras&#8221;, editada por la Denominaci\u00f3n de Origen Protegida Cari\u00f1ena.<\/p>\n<p><strong>Acompa\u00f1ar\u00e1 al autor en la presentaci\u00f3n Javier Estella, cineasta y antiguo objetor de conciencia e insumiso preso<\/strong> por desobedecer en los a\u00f1os noventa al servicio militar y a su prestaci\u00f3n sustitutoria.<\/p>\n<p>Adem\u00e1s, habr\u00e1 una\u00a0<strong>actuaci\u00f3n musical a cargo de Jes\u00fas Trasobares y Esther Lafuente.<\/strong><\/p>\n<p><em>&#8220;El libro es una narraci\u00f3n lineal, claramente generacional. Habla de la espera, la esperanza y las ilusiones de la Democracia. Se trata de una novela de amor al paisaje, al territorio, a los celajes imponentes; es un libro de amor a Cari\u00f1ena y a Zaragoza. Un libro fluido, cuyo inter\u00e9s no decae: est\u00e1 construido con cap\u00edtulos cortos. El lector se zambulle en un mundo inocente y vertiginoso donde hay muchas cosas, asoma el amor y la amistad&#8221;, comenta Ant\u00f3n Castro.<\/em><\/p>\n<p><em>Cari\u00f1ena<\/em> se public\u00f3 originalmente en 2012, por Ediciones 94 y el Consejo Regulador de la D.O.P. Cari\u00f1ena, y esta nueva edici\u00f3n revisada incluye, como ep\u00edlogo, el relato in\u00e9dito\u00a0<strong>\u00abUna artista en el vi\u00f1edo\u00bb<\/strong>, un reencuentro con Cari\u00f1ena cuarenta a\u00f1os despu\u00e9s. La ilustraci\u00f3n y el dise\u00f1o de la cubierta son de\u00a0<strong>\u00d3scar Sanmart\u00edn Vargas<\/strong>.<\/p>\n<hr>\n<figure id=\"attachment_479\" aria-describedby=\"caption-attachment-479\" style=\"width: 300px\" class=\"wp-caption alignnone\"><a href=\"\/_archivos\/imagenes\/3598.jpg\" target=\"_blank\" rel=\"noopener noreferrer\"><img decoding=\"async\" class=\"size-medium\" src=\"\/_archivos\/imagenes\/300\/3598.jpg\" alt=\"carinena-anton-castro\" title=\"carinena-anton-castro\" width=\"300\" height=\"auto\" \/><\/a><figcaption id=\"caption-attachment-479\" class=\"wp-caption-text\"><a href=\"\/_archivos\/imagenes\/3598.jpg\" target=\"_blank\" rel=\"noopener noreferrer\">Descargar imagen<\/a><\/figcaption><\/figure>\n","protected":false},"excerpt":{"rendered":"<p>Este\u00a0mi\u00e9rcoles 28 de noviembre, a partir de las 19:30 horas,\u00a0Pregunta Ediciones presenta en la librer\u00eda La Pantera Rossa (calle San Vicente Pa\u00fal, 28, Zaragoza) el libro del\u00a0escritor y periodista Ant\u00f3n Castro &#8220;Cari\u00f1ena&#8221;. Una obra autobiogr\u00e1fica, que ahonda en la importancia de la cultura, la amistad, el vino y especialmente la poes\u00eda. Ant\u00f3n Castro relata en &hellip;<\/p>\n","protected":false},"author":6,"featured_media":4093,"comment_status":"closed","ping_status":"closed","sticky":false,"template":"","format":"standard","meta":{"_genesis_hide_title":false,"_genesis_hide_breadcrumbs":false,"_genesis_hide_singular_image":false,"_genesis_hide_footer_widgets":false,"_genesis_custom_body_class":"","_genesis_custom_post_class":"","_genesis_layout":"","ngg_post_thumbnail":0,"footnotes":""},"categories":[1],"tags":[],"class_list":{"0":"post-4092","1":"post","2":"type-post","3":"status-publish","4":"format-standard","5":"has-post-thumbnail","7":"category-noticias","8":"entry"},"_links":{"self":[{"href":"https:\/\/elvinodelaspiedras.es\/en\/wp-json\/wp\/v2\/posts\/4092"}],"collection":[{"href":"https:\/\/elvinodelaspiedras.es\/en\/wp-json\/wp\/v2\/posts"}],"about":[{"href":"https:\/\/elvinodelaspiedras.es\/en\/wp-json\/wp\/v2\/types\/post"}],"author":[{"embeddable":true,"href":"https:\/\/elvinodelaspiedras.es\/en\/wp-json\/wp\/v2\/users\/6"}],"replies":[{"embeddable":true,"href":"https:\/\/elvinodelaspiedras.es\/en\/wp-json\/wp\/v2\/comments?post=4092"}],"version-history":[{"count":1,"href":"https:\/\/elvinodelaspiedras.es\/en\/wp-json\/wp\/v2\/posts\/4092\/revisions"}],"predecessor-version":[{"id":5851,"href":"https:\/\/elvinodelaspiedras.es\/en\/wp-json\/wp\/v2\/posts\/4092\/revisions\/5851"}],"wp:featuredmedia":[{"embeddable":true,"href":"https:\/\/elvinodelaspiedras.es\/en\/wp-json\/wp\/v2\/media\/4093"}],"wp:attachment":[{"href":"https:\/\/elvinodelaspiedras.es\/en\/wp-json\/wp\/v2\/media?parent=4092"}],"wp:term":[{"taxonomy":"category","embeddable":true,"href":"https:\/\/elvinodelaspiedras.es\/en\/wp-json\/wp\/v2\/categories?post=4092"},{"taxonomy":"post_tag","embeddable":true,"href":"https:\/\/elvinodelaspiedras.es\/en\/wp-json\/wp\/v2\/tags?post=4092"}],"curies":[{"name":"wp","href":"https:\/\/api.w.org\/{rel}","templated":true}]}}