{"id":4108,"date":"2019-02-08T00:00:00","date_gmt":"2019-02-08T00:00:00","guid":{"rendered":"http:\/\/elvinodelaspiedras.local\/vuelve-vyco-la-jornada-sobre-comercio-online-de-vino\/"},"modified":"2020-11-13T12:29:27","modified_gmt":"2020-11-13T12:29:27","slug":"vuelve-vyco-la-jornada-sobre-comercio-online-de-vino","status":"publish","type":"post","link":"https:\/\/elvinodelaspiedras.es\/en\/comunicacion\/noticias\/vuelve-vyco-la-jornada-sobre-comercio-online-de-vino\/","title":{"rendered":"Vuelve Vyco, la jornada sobre comercio online de vino"},"content":{"rendered":"<p>La Conferencia Espa\u00f1ola de Consejos Reguladores Vitivin\u00edcolas (CECRV), ENOMAQ y VinoTEC-Microsoft organizan el pr\u00f3ximo 28 de febrero, en el marco de actividades del sal\u00f3n internacional del equipamiento para bodegas, una jornada para trasladar la importancia del comercio online y el potencial de esta v\u00eda de comercializaci\u00f3n para el sector del vino y en particular para el vino con D.O.<\/p>\n<p>El pr\u00f3ximo 28 de febrero, en el marco del programa de actividades de ENOMAQ, tendr\u00e1 lugar una nueva edici\u00f3n de la jornada VyCO: Vino y Comercio Online, tras la que organizaron CECRV y el Ministerio de Agricultura, Pesca y Alimentaci\u00f3n en 2017. Esta nueva edici\u00f3n se presenta con dos objetivos centrales: mostrar la relevancia del comercio online como v\u00eda de comercializaci\u00f3n en nuestro pa\u00eds, con unas tasas de crecimiento cada vez mayores, y dar a conocer a bodegas y a denominaciones de origen el enorme potencial que este \u00e1mbito de comercializaci\u00f3n tiene para el sector del vino.<\/p>\n<p>Organizada por la Conferencia Espa\u00f1ola de Consejos Reguladores Vitivin\u00edcolas (CECRV), asociaci\u00f3n nacional que representa a las denominaciones de origen de vino, ENOMAQ, uno de los salones para bodegas m\u00e1s importantes de Europa, y VinoTEC, plataforma inform\u00e1tica de gesti\u00f3n empresarial para bodegas y cooperativas desarrollada con tecnolog\u00eda Microsoft, VyCO pretende ser una fuente de informaci\u00f3n que permita a bodegas conocer mejor el eCommerce y las claves para desarrollar una estrategia de comercio online de manera s\u00f3lida y eficaz.<\/p>\n<p>La jornada comenzar\u00e1 con una ponencia sobre el potencial de la transformaci\u00f3n digital y el an\u00e1lisis avanzado de datos para desarrollar una estrategia comercial efectiva. A continuaci\u00f3n, se abordar\u00e1 la situaci\u00f3n actual y las perspectivas de futuro del comercio online en nuestro pa\u00eds, para seguidamente entrar a profundizar en el comercio online de vino y en el potencial de esta v\u00eda de comercializaci\u00f3n para nuestro sector.<\/p>\n<p>Todo ello de la mano de reconocidos profesionales, asociaciones y empresas con consolidada experiencia en eCommerce, caso de Adigital, la asociaci\u00f3n espa\u00f1ola de la econom\u00eda digital, UVINUM, la mayor tienda europea de comercio online de vino, y TIPSA S.L, socio tecnol\u00f3gico de Microsoft desarrollador de VinoTEC.\u00a0El programa del evento puede descargarse en la <a href=\"http:\/\/www.vinosdo.wine\/assets\/uploads\/2019\/02\/Programa-VYCO-2019-ZARAGOZA-web.pdf\" target=\"_blank\" rel=\"noopener noreferrer\">web de CECRV.<\/a> Registro gratuito en este <a href=\"https:\/\/www.vinotec.net\/vyco-enomaq-2019?utm_source=PR&amp;utm_medium=medios&amp;utm_campaign=19-vyco\" target=\"_blank\" rel=\"noopener noreferrer\">enlace<\/a>.<\/p>\n<hr>\n<figure id=\"attachment_487\" aria-describedby=\"caption-attachment-487\" style=\"width: 300px\" class=\"wp-caption alignnone\"><a href=\"\/_archivos\/imagenes\/3613.jpg\" target=\"_blank\" rel=\"noopener noreferrer\"><img decoding=\"async\" class=\"size-medium\" src=\"\/_archivos\/imagenes\/300\/3613.jpg\" alt=\"Imagen jornada VyCO 2017 (I)\" title=\"Imagen jornada VyCO 2017 (I)\" width=\"300\" height=\"auto\" \/><\/a><figcaption id=\"caption-attachment-487\" class=\"wp-caption-text\"><a href=\"\/_archivos\/imagenes\/3613.jpg\" target=\"_blank\" rel=\"noopener noreferrer\">Descargar imagen<\/a><\/figcaption><\/figure>\n","protected":false},"excerpt":{"rendered":"<p>La Conferencia Espa\u00f1ola de Consejos Reguladores Vitivin\u00edcolas (CECRV), ENOMAQ y VinoTEC-Microsoft organizan el pr\u00f3ximo 28 de febrero, en el marco de actividades del sal\u00f3n internacional del equipamiento para bodegas, una jornada para trasladar la importancia del comercio online y el potencial de esta v\u00eda de comercializaci\u00f3n para el sector del vino y en particular para &hellip;<\/p>\n","protected":false},"author":6,"featured_media":4109,"comment_status":"closed","ping_status":"closed","sticky":false,"template":"","format":"standard","meta":{"_genesis_hide_title":false,"_genesis_hide_breadcrumbs":false,"_genesis_hide_singular_image":false,"_genesis_hide_footer_widgets":false,"_genesis_custom_body_class":"","_genesis_custom_post_class":"","_genesis_layout":"","ngg_post_thumbnail":0,"footnotes":""},"categories":[1],"tags":[],"class_list":{"0":"post-4108","1":"post","2":"type-post","3":"status-publish","4":"format-standard","5":"has-post-thumbnail","7":"category-noticias","8":"entry"},"_links":{"self":[{"href":"https:\/\/elvinodelaspiedras.es\/en\/wp-json\/wp\/v2\/posts\/4108"}],"collection":[{"href":"https:\/\/elvinodelaspiedras.es\/en\/wp-json\/wp\/v2\/posts"}],"about":[{"href":"https:\/\/elvinodelaspiedras.es\/en\/wp-json\/wp\/v2\/types\/post"}],"author":[{"embeddable":true,"href":"https:\/\/elvinodelaspiedras.es\/en\/wp-json\/wp\/v2\/users\/6"}],"replies":[{"embeddable":true,"href":"https:\/\/elvinodelaspiedras.es\/en\/wp-json\/wp\/v2\/comments?post=4108"}],"version-history":[{"count":1,"href":"https:\/\/elvinodelaspiedras.es\/en\/wp-json\/wp\/v2\/posts\/4108\/revisions"}],"predecessor-version":[{"id":5843,"href":"https:\/\/elvinodelaspiedras.es\/en\/wp-json\/wp\/v2\/posts\/4108\/revisions\/5843"}],"wp:featuredmedia":[{"embeddable":true,"href":"https:\/\/elvinodelaspiedras.es\/en\/wp-json\/wp\/v2\/media\/4109"}],"wp:attachment":[{"href":"https:\/\/elvinodelaspiedras.es\/en\/wp-json\/wp\/v2\/media?parent=4108"}],"wp:term":[{"taxonomy":"category","embeddable":true,"href":"https:\/\/elvinodelaspiedras.es\/en\/wp-json\/wp\/v2\/categories?post=4108"},{"taxonomy":"post_tag","embeddable":true,"href":"https:\/\/elvinodelaspiedras.es\/en\/wp-json\/wp\/v2\/tags?post=4108"}],"curies":[{"name":"wp","href":"https:\/\/api.w.org\/{rel}","templated":true}]}}