{"id":4110,"date":"2019-02-27T00:00:00","date_gmt":"2019-02-27T00:00:00","guid":{"rendered":"http:\/\/elvinodelaspiedras.local\/la-dop-carinena-mostrara-las-cualidades-de-la-garnacha-en-la-feria-vinexpo-de-nueva-york-dentro-de-su-campana-promocional-en-eeuu-carinena-region-to-watch\/"},"modified":"2020-11-13T12:29:27","modified_gmt":"2020-11-13T12:29:27","slug":"la-dop-carinena-mostrara-las-cualidades-de-la-garnacha-en-la-feria-vinexpo-de-nueva-york-dentro-de-su-campana-promocional-en-eeuu-carinena-region-to-watch","status":"publish","type":"post","link":"https:\/\/elvinodelaspiedras.es\/en\/comunicacion\/noticias\/la-dop-carinena-mostrara-las-cualidades-de-la-garnacha-en-la-feria-vinexpo-de-nueva-york-dentro-de-su-campana-promocional-en-eeuu-carinena-region-to-watch\/","title":{"rendered":"La D.O.P. Cari\u00f1ena mostrar\u00e1 las cualidades de la garnacha en la feria vinexpo de nueva york dentro de su campa\u00f1a promocional en EEUU \u201cCari\u00f1ena region to watch\u201d"},"content":{"rendered":"<p>La <strong>Denominaci\u00f3n de Origen Protegida Cari\u00f1ena<\/strong> continuar\u00e1 <strong>dando a conocer en Estados Unidos la variedad y calidad de sus &#8220;Vinos de las Piedras&#8221; <\/strong>con la participaci\u00f3n en la <strong>feria profesional Vinexpo New York<\/strong>, los d\u00edas 4 y 5 de marzo. En este foro, el <strong>maestro del vino -&#8220;master of wine, MW&#8221;- Pedro Ballesteros<\/strong> ofrecer\u00e1 una <strong>clase magistral<\/strong> sobre las cualidades de la uva <strong>garnacha<\/strong>, eje de la <strong>campa\u00f1a promocional &#8220;Cari\u00f1ena Region to Watch&#8221;<\/strong>, y las <strong>bodegas San Valero, Grandes Vinos y Paniza presentar\u00e1n sus \u00faltimos lanzamientos<\/strong>.<\/p>\n<p><strong>Vinexpo New York <\/strong>es una de las principales ferias del sector del vino en Estados Unidos y una <strong>cita comercial de referencia<\/strong>, ya que est\u00e1 dirigida exclusivamente al <strong>p\u00fablico profesional<\/strong> y re\u00fane a unos 4.000 visitantes especializados, como importadores, distribuidores, empresas de catering, sumilleres, mayoristas y cr\u00edticos. As\u00ed, la participaci\u00f3n de los &#8220;Vinos de las Piedras&#8221; ser\u00e1 la \u00faltima y principal parada de la <strong>Garnacha Road Tour<\/strong>, con la que la D.O.P. Cari\u00f1ena est\u00e1 <strong>dando a conocer<\/strong> en el mundo del vino estadounidense los atractivos de la <strong>emblem\u00e1tica uva garnacha<\/strong>, aut\u00f3ctona de esta Denominaci\u00f3n y que supone la tercera parte de sus vi\u00f1edos.<\/p>\n<p>Con la iniciativa Garnacha Road Tour, la Denominaci\u00f3n de Origen ha <strong>presentado sus vinos en distintos foros profesionales de Estados Unidos<\/strong>, dentro de su exitosa campa\u00f1a &#8220;Cari\u00f1ena Region to Watch&#8221;. A lo largo de <strong>2018<\/strong>, particip\u00f3 en <strong>seis eventos<\/strong>, como reuniones comerciales y catas, <strong>principalmente<\/strong> en el estado de <strong>California<\/strong>.<\/p>\n<p><strong>LOS VINOS DE CARI\u00d1ENA EN NUEVA YORK<\/strong><\/p>\n<p>En la feria neoyorquina, la <strong>D.O.P. Cari\u00f1ena<\/strong> cuenta con un <strong>stand <\/strong>con espacios para las tres bodegas participantes, en donde se ofrecer\u00e1n <strong>degustaciones<\/strong> y se expondr\u00e1n sus <strong>novedades de tintos, blancos y rosados<\/strong>. Tambi\u00e9n se ha programado un <strong>evento VIP en el restaurante Legacy Records<\/strong>, el lunes 4 a las 17,00 horas, en el que los representantes de la Denominaci\u00f3n y el <strong>maestro del vino Pedro Ballesteros<\/strong> presentar\u00e1n una <strong>selecci\u00f3n de vinos de vi\u00f1as viejas de garnacha <\/strong>con degustaci\u00f3n de tapas.<\/p>\n<p>Pedro Ballesteros tambi\u00e9n protagonizar\u00e1 el <strong>acto central<\/strong> de Cari\u00f1ena en la feria, la <strong>master  &#8220;La garnacha desvelada&#8221;<\/strong>, el martes 5 a las 10.30 h, en el que analizar\u00e1 las caracter\u00edsticas de esta uva, <strong>su cultivo en la D.O.P. Cari\u00f1ena<\/strong> y otras regiones vin\u00edcolas del mundo, la variedad de vinos que se elaboran con ella y sus perspectivas. La clase magistral incluye una <strong>cata completa de diferentes vinos de esta variedad<\/strong>, desde elaborados a partir de uvas procedentes de vi\u00f1as viejas hasta los m\u00e1s modernos y originales.<\/p>\n<p><strong>Pedro Ballesteros<\/strong> es ingeniero agr\u00f3nomo y m\u00e1ster en viticultura y enolog\u00eda; tiene el <strong>Diploma Wine &amp; Spirit Education Trust (WSET)<\/strong> con distinci\u00f3n y se convirti\u00f3 en <strong>Master of Wine (MW),<\/strong> el m\u00e1ximo est\u00e1ndar en el sector vin\u00edcola, en su primer intento en 2010. Trabaja en organismos de promoci\u00f3n y educaci\u00f3n, colabora como cr\u00edtico en distintas publicaciones especializadas internacionales y es jurado en las principales competiciones, como <strong>la WWA de Decanter, 5Stars de Vinitaly o Bacchus<\/strong> y otros.<\/p>\n<p>Ballesteros ha destacado de los vinos de la D.O.P. Cari\u00f1ena su amplia gama de estilos, desde j\u00f3venes a reservas, y <strong>el car\u00e1cter de sus garnachas<\/strong> que la est\u00e1n haciendo <strong>&#8220;cada vez m\u00e1s popular y de gran atractivo para el consumidor&#8221;.<\/strong><\/p>\n<p><strong>LA GARNACHA ROAD TOUR EN 2018<\/strong><\/p>\n<p>Esta participaci\u00f3n en la feria de Nueva Cork culmina el trabajo realizado <strong>a lo largo de 2018<\/strong>, en el que\u00a0 se organizaron <strong>catas, presentaciones y reuniones comerciales<\/strong> para dar a conocer la uva garnacha y los vinos de Cari\u00f1ena en distintos eventos celebrados en importantes <strong>ciudades de California<\/strong> as\u00ed como en la capital del pa\u00eds, <strong>Washington DC<\/strong>.<\/p>\n<p>En agosto se celebr\u00f3 en <strong>Anaheim<\/strong> la <strong>conferencia ECMR<\/strong>, en la que durante cinco d\u00edas se presentaron los vinos de la Denominaci\u00f3n a importadores, distribuidores y vendedores minoristas y <strong>se celebraron reuniones con m\u00e1s de 200 clientes potenciales<\/strong>, que mostraron su inter\u00e9s por la calidad y valor de Cari\u00f1ena.<\/p>\n<p>Igualmente se particip\u00f3 en los <strong>Great Match<\/strong> de <strong>San Antonio<\/strong> (en julio) y <strong>Los \u00c1ngeles<\/strong> (noviembre), una cata anual de vinos espa\u00f1oles <strong>patrocinada por ICEX\/Wines from Spain<\/strong>, en donde Cari\u00f1ena particip\u00f3 con un stand y present\u00f3 9 vinos con gran inter\u00e9s del p\u00fablico, tanto los consumidores como los periodistas especializados destacaron especialmente la relaci\u00f3n calidad-precio.<\/p>\n<p>Tambi\u00e9n se dieron a conocer los vinos de la Denominaci\u00f3n en dos eventos del <strong>SommCon<\/strong>, una conferencia para profesionales del vino enfocada a los sumilleres, medios de comunicaci\u00f3n, e importadores de productos gourmet. En julio se asisti\u00f3 al de <strong>Washington DC<\/strong>, y en noviembre al de <strong>San Diego<\/strong>, se ofreci\u00f3 una cata y un seminario del maestro sumiller Bob Bath, con gran repercusi\u00f3n entre los asistentes.<\/p>\n<p>Adem\u00e1s, en abril se celebr\u00f3 la <strong>I Cumbre Mundial de la Garnacha<\/strong>, en el prestigioso <strong>Culinary Institute of America COPIA, en Napa (California),<\/strong> que incluy\u00f3 seminarios, catas y un concurso de cata ciega, con la participaci\u00f3n de denominaciones de origen y zonas de producci\u00f3n de uva garnacha de todo el mundo.<\/p>\n<p><strong>&#8220;CARI\u00d1ENA REGION TO WATCH&#8221;<\/strong><\/p>\n<p>La <strong>campa\u00f1a &#8220;Cari\u00f1ena Region to Watch&#8221; <\/strong>est\u00e1 organizada por la Denominaci\u00f3n Cari\u00f1ena en colaboraci\u00f3n con la agencia de comunicaci\u00f3n estadounidense Gregory White PR, para potenciar El Vino de las Piedras en el mercado estadounidense, e incluye acciones de promoci\u00f3n comercial, marketing, eventos y patrocinios, publicidad y misiones inversas. El nombre de la campa\u00f1a parte de una <strong>cr\u00edtica<\/strong> en la revista especializada <strong>Wine Enthusiast<\/strong>, que defini\u00f3 a la Denominaci\u00f3n como la defini\u00f3 como <strong>&#8220;una regi\u00f3n espa\u00f1ola para observar&#8221;<\/strong>, y se\u00f1al\u00f3 sus vinos como algunos de &#8220;los m\u00e1s cotizados, m\u00e1s interesantes e id\u00f3neos para combinar con la comida&#8221;.<\/p>\n<p>La campa\u00f1a contin\u00faa la que se llev\u00f3 a cabo con el lema en a\u00f1os anteriores con el lema <strong>&#8220;The Next Great Grape&#8221;,<\/strong> en referencia tambi\u00e9n a la garnacha, y que ya tuvo un gran \u00e9xito. <a name=\"_GoBack\"><\/a>Desde 2009, la D.O.P. Cari\u00f1ena y sus principales bodegas &#8211;<strong>Bodegas San Valero, Grandes Vinos y Bodegas Paniza<\/strong>&#8211; est\u00e1n centrando gran parte de sus acciones de promoci\u00f3n en Estados Unidos, para posicionar los vinos de la Denominaci\u00f3n en este mercado y como referencia internacional. El esfuerzo ha logrado que <strong>las ventas se hayan duplicado desde entonces<\/strong> y superen ya los <strong>tres millones de botellas<\/strong> vendidas al a\u00f1o de media.<\/p>\n<hr>\n<figure id=\"attachment_488\" aria-describedby=\"caption-attachment-488\" style=\"width: 300px\" class=\"wp-caption alignnone\"><a href=\"\/_archivos\/imagenes\/3614.jpg\" target=\"_blank\" rel=\"noopener noreferrer\"><img decoding=\"async\" class=\"size-medium\" src=\"\/_archivos\/imagenes\/300\/3614.jpg\" alt=\"Global Garnacha Summit organizado por la D.O.P. Cari\u00f1ena el pasado a\u00f1o en California (EEUU) (1)\" title=\"Global Garnacha Summit organizado por la D.O.P. Cari\u00f1ena el pasado a\u00f1o en California (EEUU) (1)\" width=\"300\" height=\"auto\" \/><\/a><figcaption id=\"caption-attachment-488\" class=\"wp-caption-text\"><a href=\"\/_archivos\/imagenes\/3614.jpg\" target=\"_blank\" rel=\"noopener noreferrer\">Descargar imagen<\/a><\/figcaption><\/figure>\n","protected":false},"excerpt":{"rendered":"<p>La Denominaci\u00f3n de Origen Protegida Cari\u00f1ena continuar\u00e1 dando a conocer en Estados Unidos la variedad y calidad de sus &#8220;Vinos de las Piedras&#8221; con la participaci\u00f3n en la feria profesional Vinexpo New York, los d\u00edas 4 y 5 de marzo. En este foro, el maestro del vino -&#8220;master of wine, MW&#8221;- Pedro Ballesteros ofrecer\u00e1 una &hellip;<\/p>\n","protected":false},"author":6,"featured_media":4111,"comment_status":"closed","ping_status":"closed","sticky":false,"template":"","format":"standard","meta":{"_genesis_hide_title":false,"_genesis_hide_breadcrumbs":false,"_genesis_hide_singular_image":false,"_genesis_hide_footer_widgets":false,"_genesis_custom_body_class":"","_genesis_custom_post_class":"","_genesis_layout":"","ngg_post_thumbnail":0,"footnotes":""},"categories":[1],"tags":[],"class_list":{"0":"post-4110","1":"post","2":"type-post","3":"status-publish","4":"format-standard","5":"has-post-thumbnail","7":"category-noticias","8":"entry"},"_links":{"self":[{"href":"https:\/\/elvinodelaspiedras.es\/en\/wp-json\/wp\/v2\/posts\/4110"}],"collection":[{"href":"https:\/\/elvinodelaspiedras.es\/en\/wp-json\/wp\/v2\/posts"}],"about":[{"href":"https:\/\/elvinodelaspiedras.es\/en\/wp-json\/wp\/v2\/types\/post"}],"author":[{"embeddable":true,"href":"https:\/\/elvinodelaspiedras.es\/en\/wp-json\/wp\/v2\/users\/6"}],"replies":[{"embeddable":true,"href":"https:\/\/elvinodelaspiedras.es\/en\/wp-json\/wp\/v2\/comments?post=4110"}],"version-history":[{"count":1,"href":"https:\/\/elvinodelaspiedras.es\/en\/wp-json\/wp\/v2\/posts\/4110\/revisions"}],"predecessor-version":[{"id":5842,"href":"https:\/\/elvinodelaspiedras.es\/en\/wp-json\/wp\/v2\/posts\/4110\/revisions\/5842"}],"wp:featuredmedia":[{"embeddable":true,"href":"https:\/\/elvinodelaspiedras.es\/en\/wp-json\/wp\/v2\/media\/4111"}],"wp:attachment":[{"href":"https:\/\/elvinodelaspiedras.es\/en\/wp-json\/wp\/v2\/media?parent=4110"}],"wp:term":[{"taxonomy":"category","embeddable":true,"href":"https:\/\/elvinodelaspiedras.es\/en\/wp-json\/wp\/v2\/categories?post=4110"},{"taxonomy":"post_tag","embeddable":true,"href":"https:\/\/elvinodelaspiedras.es\/en\/wp-json\/wp\/v2\/tags?post=4110"}],"curies":[{"name":"wp","href":"https:\/\/api.w.org\/{rel}","templated":true}]}}