{"id":4112,"date":"2019-04-02T00:00:00","date_gmt":"2019-04-02T00:00:00","guid":{"rendered":"http:\/\/elvinodelaspiedras.local\/la-asamblea-general-de-cecrv-destaca-el-papel-vertebrador-de-las-ddoo-en-el-medio-rural\/"},"modified":"2020-11-13T12:29:27","modified_gmt":"2020-11-13T12:29:27","slug":"la-asamblea-general-de-cecrv-destaca-el-papel-vertebrador-de-las-ddoo-en-el-medio-rural","status":"publish","type":"post","link":"https:\/\/elvinodelaspiedras.es\/en\/comunicacion\/noticias\/la-asamblea-general-de-cecrv-destaca-el-papel-vertebrador-de-las-ddoo-en-el-medio-rural\/","title":{"rendered":"La asamblea general de cecrv destaca el papel vertebrador de las ddoo en el medio rural"},"content":{"rendered":"<p><strong>La  Conferencia Espa\u00f1ola<\/strong><strong> de Consejos Reguladores Vitivin\u00edcolas (CECRV), asociaci\u00f3n que representa a las denominaciones de origen de vino, celebr\u00f3 en Felanitx (Mallorca) su XXIII Asamblea General, en el marco de un programa de actividades organizado por la D.O. Pla i Llevant, en conmemoraci\u00f3n de su 20\u00ba aniversario. La reuni\u00f3n del m\u00e1ximo \u00f3rgano de gobierno de CECRV sirvi\u00f3 para fijar los ejes de actuaci\u00f3n de la organizaci\u00f3n en el presente ejercicio.<\/strong><\/p>\n<p>La  XXIII Asamblea General de CECRV, que reuni\u00f3 el viernes 29 de marzo en Mallorca a m\u00e1s de 50 representantes de 31 denominaciones de origen, acord\u00f3 las l\u00edneas de acci\u00f3n de la organizaci\u00f3n en los pr\u00f3ximos 12 meses. Las herramientas de diferenciaci\u00f3n que las DDOO aportan a los operadores del sector y su papel transversal como generadores de ecosistemas que benefician el posicionamiento de los vinos en segmentos de mayor valor a\u00f1adido, que atraen turismo e inversi\u00f3n y que fijan poblaci\u00f3n al medio rural, entre los ejes de trabajo que guiar\u00e1n la acci\u00f3n de la organizaci\u00f3n en el futuro m\u00e1s inmediato.<\/p>\n<p>La reuni\u00f3n sirvi\u00f3 para poner de manifiesto el <strong>papel de las denominaciones de origen como recursos end\u00f3genos del territorio, como fuente de sostenibilidad socio-econ\u00f3mica para la poblaci\u00f3n del medio rural y como fuente y reparto de valor para los operadores<\/strong>. Tambi\u00e9n se puso el foco en las tareas de <strong>divulgaci\u00f3n y formaci\u00f3n<\/strong> que llevar\u00e1 a cabo la  Conferencia en los pr\u00f3ximos meses, en base al presupuesto aprobado por la asociaci\u00f3n, organizando diferentes eventos sobre el comercio online de vino como v\u00eda complementaria de comercializaci\u00f3n, sobre la aportaci\u00f3n de las DDOO al medio rural desde el punto de vista socio-econ\u00f3mico, cultural y medio ambiental y sobre la importancia de las DDOO agroalimentarias en conjunto como patrimonio a proteger a nivel de regi\u00f3n y a nivel de pa\u00eds.<\/p>\n<p>La Asamblea permiti\u00f3 tambi\u00e9n reforzar el rol que juega la Conferencia Espa\u00f1ola de Consejos Reguladores Vitivin\u00edcolas como <strong>canal de comunicaci\u00f3n sectorial y herramienta de difusi\u00f3n del concepto D.O. y de los valores ligados al mismo<\/strong> (la calidad, la importancia del origen, el arraigo cultural de los territorios, la seguridad alimentaria, un estilo de vida saludable, la diversidad&#8230;), as\u00ed como tambi\u00e9n del vino como un producto natural, ligado a la dieta mediterr\u00e1nea, considerado por ley como un alimento y vinculado a un estilo de vida saludable consumido con moderaci\u00f3n. Para la Asamblea, es\u00a0 preocupante que en ocasiones informaciones infundadas cuestionen esas caracter\u00edsticas vinculadas a un producto que es, adem\u00e1s, un elemento diferenciador de pa\u00eds.<\/p>\n<p>De cara a reforzar a la organizaci\u00f3n como canal de comunicaci\u00f3n, con el presupuesto de 2019 se seguir\u00e1n impulsando y potenciando los perfiles en redes sociales de la organizaci\u00f3n, con objetivos y p\u00fablicos bien segmentados, bajo la marca de CECRV destinada al consumidor final: Movimiento Vino D.O. Adem\u00e1s, se dio tambi\u00e9n el banderazo de salida para la organizaci\u00f3n de la <strong>tercera edici\u00f3n del D\u00eda Movimiento Vino D.O.<\/strong>, que tendr\u00e1 lugar el 11 de mayo en m\u00faltiples DDOO de todo el pa\u00eds.<\/p>\n<p>Con todo, el m\u00e1ximo \u00f3rgano de gobierno de la Conferencia fue asimismo un punto de <strong>intercambio de informaci\u00f3n y de an\u00e1lisis sobre el estado de situaci\u00f3n de dos asuntos en los que CECRV viene trabajando intensamente: la reforma de la Pol\u00edtica Agr\u00edcola Com\u00fan (PAC)<\/strong> <strong>y<\/strong> los posibles escenarios que para el sector del vino se podr\u00edan derivar en funci\u00f3n del devenir del <strong>BREXIT.<\/strong><\/p>\n<p>El encuentro se enmarc\u00f3 en un programa de actividades organizado por la D.O. Pla i Llevant para conmemorar el 20 aniversario de la denominaci\u00f3n. Gracias a ello, los representantes de las DDOO del resto del pa\u00eds pudieron conocer m\u00e1s de cerca la realidad vitivin\u00edcola y las especificidades de la denominaci\u00f3n mallorquina.<\/p>\n<hr>\n<figure id=\"attachment_489\" aria-describedby=\"caption-attachment-489\" style=\"width: 300px\" class=\"wp-caption alignnone\"><a href=\"\/_archivos\/imagenes\/3615.jpg\" target=\"_blank\" rel=\"noopener noreferrer\"><img decoding=\"async\" class=\"size-medium\" src=\"\/_archivos\/imagenes\/300\/3615.jpg\" alt=\"foto_de_familia\" title=\"foto_de_familia\" width=\"300\" height=\"auto\" \/><\/a><figcaption id=\"caption-attachment-489\" class=\"wp-caption-text\"><a href=\"\/_archivos\/imagenes\/3615.jpg\" target=\"_blank\" rel=\"noopener noreferrer\">Descargar imagen<\/a><\/figcaption><\/figure>\n<figure id=\"attachment_489\" aria-describedby=\"caption-attachment-489\" style=\"width: 300px\" class=\"wp-caption alignnone\"><a href=\"\/_archivos\/imagenes\/3616.jpg\" target=\"_blank\" rel=\"noopener noreferrer\"><img decoding=\"async\" class=\"size-medium\" src=\"\/_archivos\/imagenes\/300\/3616.jpg\" alt=\"Imagen del transcurso de la Asamblea\" title=\"Imagen del transcurso de la Asamblea\" width=\"300\" height=\"auto\" \/><\/a><figcaption id=\"caption-attachment-489\" class=\"wp-caption-text\"><a href=\"\/_archivos\/imagenes\/3616.jpg\" target=\"_blank\" rel=\"noopener noreferrer\">Descargar imagen<\/a><\/figcaption><\/figure>    \t<\/p>\n","protected":false},"excerpt":{"rendered":"<p>La Conferencia Espa\u00f1ola de Consejos Reguladores Vitivin\u00edcolas (CECRV), asociaci\u00f3n que representa a las denominaciones de origen de vino, celebr\u00f3 en Felanitx (Mallorca) su XXIII Asamblea General, en el marco de un programa de actividades organizado por la D.O. Pla i Llevant, en conmemoraci\u00f3n de su 20\u00ba aniversario. La reuni\u00f3n del m\u00e1ximo \u00f3rgano de gobierno de &hellip;<\/p>\n","protected":false},"author":6,"featured_media":4113,"comment_status":"closed","ping_status":"closed","sticky":false,"template":"","format":"standard","meta":{"_genesis_hide_title":false,"_genesis_hide_breadcrumbs":false,"_genesis_hide_singular_image":false,"_genesis_hide_footer_widgets":false,"_genesis_custom_body_class":"","_genesis_custom_post_class":"","_genesis_layout":"","ngg_post_thumbnail":0,"footnotes":""},"categories":[1],"tags":[],"class_list":{"0":"post-4112","1":"post","2":"type-post","3":"status-publish","4":"format-standard","5":"has-post-thumbnail","7":"category-noticias","8":"entry"},"_links":{"self":[{"href":"https:\/\/elvinodelaspiedras.es\/en\/wp-json\/wp\/v2\/posts\/4112"}],"collection":[{"href":"https:\/\/elvinodelaspiedras.es\/en\/wp-json\/wp\/v2\/posts"}],"about":[{"href":"https:\/\/elvinodelaspiedras.es\/en\/wp-json\/wp\/v2\/types\/post"}],"author":[{"embeddable":true,"href":"https:\/\/elvinodelaspiedras.es\/en\/wp-json\/wp\/v2\/users\/6"}],"replies":[{"embeddable":true,"href":"https:\/\/elvinodelaspiedras.es\/en\/wp-json\/wp\/v2\/comments?post=4112"}],"version-history":[{"count":1,"href":"https:\/\/elvinodelaspiedras.es\/en\/wp-json\/wp\/v2\/posts\/4112\/revisions"}],"predecessor-version":[{"id":5841,"href":"https:\/\/elvinodelaspiedras.es\/en\/wp-json\/wp\/v2\/posts\/4112\/revisions\/5841"}],"wp:featuredmedia":[{"embeddable":true,"href":"https:\/\/elvinodelaspiedras.es\/en\/wp-json\/wp\/v2\/media\/4113"}],"wp:attachment":[{"href":"https:\/\/elvinodelaspiedras.es\/en\/wp-json\/wp\/v2\/media?parent=4112"}],"wp:term":[{"taxonomy":"category","embeddable":true,"href":"https:\/\/elvinodelaspiedras.es\/en\/wp-json\/wp\/v2\/categories?post=4112"},{"taxonomy":"post_tag","embeddable":true,"href":"https:\/\/elvinodelaspiedras.es\/en\/wp-json\/wp\/v2\/tags?post=4112"}],"curies":[{"name":"wp","href":"https:\/\/api.w.org\/{rel}","templated":true}]}}