{"id":4114,"date":"2019-04-05T00:00:00","date_gmt":"2019-04-05T00:00:00","guid":{"rendered":"http:\/\/elvinodelaspiedras.local\/la-campana-embajadores-de-la-carinena-por-grandes-vinos-se-puede-disfrutar-hasta-el-14-de-abril-en-58-bares-y-restaurantes\/"},"modified":"2020-11-13T12:29:27","modified_gmt":"2020-11-13T12:29:27","slug":"la-campana-embajadores-de-la-carinena-por-grandes-vinos-se-puede-disfrutar-hasta-el-14-de-abril-en-58-bares-y-restaurantes","status":"publish","type":"post","link":"https:\/\/elvinodelaspiedras.es\/en\/comunicacion\/noticias\/la-campana-embajadores-de-la-carinena-por-grandes-vinos-se-puede-disfrutar-hasta-el-14-de-abril-en-58-bares-y-restaurantes\/","title":{"rendered":"La campa\u00f1a \u201cembajadores de la Cari\u00f1ena por grandes vinos\u201d se puede disfrutar hasta el 14 de abril en 58 bares y restaurantes de Zaragoza y Cari\u00f1ena"},"content":{"rendered":"<p>Cari\u00f1ena da nombre a una uva, algo \u00fanico en\u00a0todo el mundo y para la Bodega Grandes Vinos, \u00a0de la Denominaci\u00f3n de Origen Protegida Cari\u00f1ena, \u00a0la mejor forma de expresar la uni\u00f3n de su tierra con el vino.<\/p>\n<p>En Grandes Vinos llevan elaborando monovarietales de\u00a0<em>Cari\u00f1ena<\/em> desde hace m\u00e1s de 20 a\u00f1os y estos siguen formando la punta de lanza de 4 de sus marcas bandera: 3C, un homenaje exclusivo a esta particularidad que se repite 3 veces: varietal de\u00a0<em>Cari\u00f1ena<\/em>, elaborado exclusivamente de vi\u00f1edos del municipio de Cari\u00f1ena con el sello de la D.O.P. Cari\u00f1ena, Anay\u00f3n, su gama premium, en el que se incluye un varietal de Cari\u00f1ena de los pocos vinos en Espa\u00f1a criados en tinajas de terracota, Monasterio de las Vi\u00f1as y El Circo.<\/p>\n<p>Una variedad que muestra su mejor expresi\u00f3n cuando se elabora de vi\u00f1edos antiguos como en el caso de Grandes Vinos y que en opini\u00f3n de Ferr\u00e1n Centelles, ex sumiller de El Bulli y una de las voces m\u00e1s respetadas en el sector profesional del vino, es la &#8220;estrella-creciente&#8221; del panorama de variedades tintas mundial, una variedad que le &#8220;tiene robado el coraz\u00f3n&#8221;.<\/p>\n<p>Uno de los ejes del nuevo Plan Estrat\u00e9gico de GRANDES VINOS es potenciar, comunicar, poner en valor y dar a conocer mejor esta variedad a los consumidores de los m\u00e1s de 40 pa\u00edses donde la Bodega est\u00e1 presente y para comenzar el Plan de Acciones, del 4 al 14 de abril se pondr\u00e1 en marcha la 1\u00ba Campa\u00f1a <strong>&#8220;Embajadores de\u00a0LA CARI\u00d1ENA\u00a0por GRANDES VINOS&#8221;.<\/strong><\/p>\n<p>Esta primera campa\u00f1a se desarrollar\u00e1 exclusivamente en las localidades de Cari\u00f1ena y Zaragoza, para ampliar en una segunda campa\u00f1a la acci\u00f3n a todo Arag\u00f3n e ir posteriormente desarroll\u00e1ndola en el resto de comunidades aut\u00f3nomas de Espa\u00f1a y en los distintos pa\u00edses donde la  Bodega comercializa su vino.<\/p>\n<p>La I Campa\u00f1a se difunde bajo el t\u00edtulo &#8220;Descubre La  Cari\u00f1ena y disfr\u00fatala 2 veces&#8221; y durante el periodo de la campa\u00f1a, una selecci\u00f3n de bares y restaurantes, un total de 58, maridar\u00e1n sus creaciones gastron\u00f3micas con cualquiera de los varietales de Cari\u00f1ena de Grandes Vinos.<\/p>\n<p>Para todos los consumidores que pidan esta oferta gastron\u00f3mica, la  Bodega les invita a disfrutar doblemente, pues por cada botella de Cari\u00f1ena consumida en el restaurante, se le entregar\u00e1 al comensal otra botella igual para que la siga disfrutando en su casa, mientras que en el caso de los bares, ser\u00e1 junto con la tapa o raci\u00f3n, acompa\u00f1ada de la copa de\u00a0Cari\u00f1ena\u00a0de Grandes Vinos, donde la Bodega invitar\u00e1 a una segunda copa del mismo vino.<\/p>\n<p>A la acci\u00f3n se han sumado tambi\u00e9n la mayor\u00eda de vinotecas de la ciudad que tambi\u00e9n dar\u00e1n difusi\u00f3n a la Campa\u00f1a con escaparates y sus propias promociones de los distintos vinos.<\/p>\n<p>En todos los casos adem\u00e1s, se facilitar\u00e1 a los consumidores invitaciones para visitar la Bodega durante 2019 para conocer m\u00e1s de cerca la propia variedad y seguir fomentando la cultura del vino entre los mismos. Los consumidores solo tendr\u00e1n que hacer la pre-reserva en la secci\u00f3n de enoturismo de la web y llevar el d\u00eda de la visita la tarjeta de invitaci\u00f3n que se entregar\u00e1 con la botella o copa de regalo.<\/p>\n<p>La Campa\u00f1a se potenciar\u00e1 tambi\u00e9n con la participaci\u00f3n de los propios consumidores, quienes podr\u00e1n subir fotos a sus redes sociales, Facebook, Twitter e Instagram, en modo p\u00fablico, brindando con la Cari\u00f1ena con los hashtags #EmbajadoresdeLaCari\u00f1ena y #nombredelestablecimiento donde est\u00e1n brindando para conseguir algunos de los 30 packs de Cari\u00f1enas que la Bodega elabora y que tambi\u00e9n aportar\u00e1 a la misma.<\/p>\n<p>La informaci\u00f3n completa se puede encontrar en <a href=\"http:\/\/www.grandesvinos.com\/\/\/\/\/\/\/\/\/\/\/\/\">www.grandesvinos.com<\/a><\/p>\n<p>**Listado establecimientos participantes:<\/p>\n<p>CARI\u00d1ENA<\/p>\n<p>Asador Bako. Calle Pedro Portol\u00e9s Zaera, 11<\/p>\n<p>Bar Avenida, Calle Mayor, 106<\/p>\n<p>La Cantina. Calle Mayor, 92<\/p>\n<p>La Rebotica. Calle San Jos\u00e9, 3<\/p>\n<p>ZARAGOZA<\/p>\n<p>+Albarrac\u00edn. Plaza Ntra. Sra. del Carmen, 1-2-3<\/p>\n<p>A mesa puesta.\u00a0 Fray Juli\u00e1n Garc\u00e9s, 50<\/p>\n<p>Absinthium. Calle Coso, 11<\/p>\n<p>Antiguo La Jota. Avda. Catalu\u00f1a, 40<\/p>\n<p>Aragonia Palafox. C\/Marqu\u00e9s de Casa Jim\u00e9nez s\/n<\/p>\n<p>Asador Candelas, Maestro Mingote 3<\/p>\n<p>Bar El F\u00fatbol. Avda. Am\u00e9rica, 3<\/p>\n<p>Bar Romareda. Calle Tom\u00e1s Bret\u00f3n, 3<\/p>\n<p>Bula Tapas. Calle Jose Mar\u00eda Lacarra de Miguel, 23<\/p>\n<p>Caf\u00e9 del Marqu\u00e9s. Calle Marqu\u00e9s de la Cadena, 50<\/p>\n<p>Cafeter\u00eda Venus. Calle Bielsa, 39<\/p>\n<p>Casa Lac.\u00a0Calle M\u00e1rtires, 12<\/p>\n<p>Casa Pr\u00f3spero. Mar\u00eda Moliner, 26<\/p>\n<p>Coco &amp; Bibi. Calle Andr\u00e9s Piquer, 8<\/p>\n<p>Designio. Plaza Sas Santiago, 6<\/p>\n<p>El Bandido. Calle de Manuel Lasala, 22<\/p>\n<p>El Chalet. Calle Santa Teresa de Jes\u00fas, 25<\/p>\n<p>El Descorche. Andador Guti\u00e9rrez Mellado, 17<\/p>\n<p>El Meli Del Tubo. Calle Libertad, 12<\/p>\n<p>El Serrablo. Calle Manuel Lasala, 44<\/p>\n<p>Erzo. Calle Sta. Catalina<\/p>\n<p>Izakaya. Calle Mayor, 45<\/p>\n<p>Jena Montecanal. Avda. de la Ilustraci\u00f3n, 14<\/p>\n<p>La Bodega de Chema. Calle F\u00e9lix Latassa, 34<\/p>\n<p>La Cafeter\u00eda.\u00a0Calle C\u00e1diz, 4<\/p>\n<p>La Cantera. Avda. de la Almozara, 39<\/p>\n<p>La Jamoner\u00eda. Calle Bruno Solano, 16<\/p>\n<p>La Matilde. Calle Predicadores, 7<\/p>\n<p>La Nueva Karambola. Calle Baltasar Graci\u00e1n, 3<\/p>\n<p>La Prensa. Calle Jos\u00e9 Nebra, 3<\/p>\n<p>La Rinconada de Lorenzo. Calle la Salle, 3<\/p>\n<p>La Tabernita. Calle Canovas, 2<\/p>\n<p>La Torre Plaza. Ram\u00f3n Pignatelli, 122<\/p>\n<p>Las Torres de Gavrus Gastrobar. Calle Pintor Manuel Viola, 6<\/p>\n<p>Los Victorinos. Calle Jos\u00e9 de la Hera, 6<\/p>\n<p>Los Xarmientos Parrilla Aragonesa. Calle Espoz y Mina, 25-27<\/p>\n<p>M\u00e9li M\u00e9lo. Calle Mayor, 45<\/p>\n<p>Molino de San L\u00e1zaro.\u00a0 Paseo de la Ribera, 22<\/p>\n<p>Palomeque. Calle Agust\u00edn Palomeque, 11<\/p>\n<p>Parrilla Albarrac\u00edn. Plaza Ntra. Sra. del Carmen, 1-2-3<\/p>\n<p>Pepito ternera. Calle de Mariano Superv\u00eda, 58<\/p>\n<p>Quema. Paseo Mar\u00eda Agust\u00edn, 20<\/p>\n<p>Restaurante Las Torres. Calle Aguar\u00f3n, 16<\/p>\n<p>Restaurante Sentinel. Calle Ildefonso Manuel Gil, 36<\/p>\n<p>Rinconete. Calle Bilbao, 13<\/p>\n<p>Taberna 1941 A Pulper\u00eda. Calle M\u00e1rtires, 2, Plaza Espa\u00f1a<\/p>\n<p>Taberna El Clavel. Calle R. Jord\u00e1n de Urri\u00e9s, 8<\/p>\n<p>Taberna Gran, Calle Mat\u00edas Pastor Sancho, 2<\/p>\n<p>Taberna La Piedra. Calle Cortes de Arag\u00f3n, 64<\/p>\n<p>Taberna Morroputa. Calle D. Luis Lopez Allue 2<\/p>\n<p>Teyba. Marqu\u00e9s de la Cadena, 50<\/p>\n<p>Tul\u00fa.\u00a0 Fernando El Cat\u00f3lico, 32<\/p>\n<p>Vinos Moneva. Calle Estebanes, 9<\/p>\n<p>Vorare. Calle Bielsa, 25 \/ Calle Las Chimeneas<\/p>\n<p>**Vinotecas asociadas a la Campa\u00f1a:<\/p>\n<p>Bodegas El Pilar. Paseo de Fernando el Cat\u00f3lico, 50<\/p>\n<p>Bodegas El Pilar. Calle Mar\u00eda Lostal, 3<\/p>\n<p>Bodegas Lozano, Avda, Am\u00e9rica, 7<\/p>\n<p>Bodegas Perdiguer. Calle San Pablo, 39<\/p>\n<p>Bodegas Perdiguer. Calle Desiderio Escosura, 65<\/p>\n<p>Bodegas Perdiguer.\u00a0 Avda. de Santa Isabel,72<\/p>\n<p>La Alacena de Arag\u00f3n, Don Jaime I, 38<\/p>\n<p>La Espa\u00f1ola.\u00a0Conde Aranda, 61<\/p>\n<p>Pasteler\u00eda\u00a0Capricho. Calle Don Jaime,25<\/p>\n<p>Vinario. \u00a0Calle de Reina Fabiola, 3<\/p>\n<p>Vinos Botica Calle V\u00edrgenes,3<\/p>\n<hr>\n<figure id=\"attachment_490\" aria-describedby=\"caption-attachment-490\" style=\"width: 300px\" class=\"wp-caption alignnone\"><a href=\"\/_archivos\/imagenes\/3618.jpg\" target=\"_blank\" rel=\"noopener noreferrer\"><img decoding=\"async\" class=\"size-medium\" src=\"\/_archivos\/imagenes\/300\/3618.jpg\" alt=\"cartel embajadores copia\" title=\"cartel embajadores copia\" width=\"300\" height=\"auto\" \/><\/a><figcaption id=\"caption-attachment-490\" class=\"wp-caption-text\"><a href=\"\/_archivos\/imagenes\/3618.jpg\" target=\"_blank\" rel=\"noopener noreferrer\">Descargar imagen<\/a><\/figcaption><\/figure>\n<figure id=\"attachment_490\" aria-describedby=\"caption-attachment-490\" style=\"width: 300px\" class=\"wp-caption alignnone\"><a href=\"\/_archivos\/imagenes\/3619.jpg\" target=\"_blank\" rel=\"noopener noreferrer\"><img decoding=\"async\" class=\"size-medium\" src=\"\/_archivos\/imagenes\/300\/3619.jpg\" alt=\"todos Cari\u00f1enas\" title=\"todos Cari\u00f1enas\" width=\"300\" height=\"auto\" \/><\/a><figcaption id=\"caption-attachment-490\" class=\"wp-caption-text\"><a href=\"\/_archivos\/imagenes\/3619.jpg\" target=\"_blank\" rel=\"noopener noreferrer\">Descargar imagen<\/a><\/figcaption><\/figure>    \t<\/p>\n","protected":false},"excerpt":{"rendered":"<p>Cari\u00f1ena da nombre a una uva, algo \u00fanico en\u00a0todo el mundo y para la Bodega Grandes Vinos, \u00a0de la Denominaci\u00f3n de Origen Protegida Cari\u00f1ena, \u00a0la mejor forma de expresar la uni\u00f3n de su tierra con el vino. En Grandes Vinos llevan elaborando monovarietales de\u00a0Cari\u00f1ena desde hace m\u00e1s de 20 a\u00f1os y estos siguen formando la &hellip;<\/p>\n","protected":false},"author":6,"featured_media":4115,"comment_status":"closed","ping_status":"closed","sticky":false,"template":"","format":"standard","meta":{"_genesis_hide_title":false,"_genesis_hide_breadcrumbs":false,"_genesis_hide_singular_image":false,"_genesis_hide_footer_widgets":false,"_genesis_custom_body_class":"","_genesis_custom_post_class":"","_genesis_layout":"","ngg_post_thumbnail":0,"footnotes":""},"categories":[1],"tags":[],"class_list":{"0":"post-4114","1":"post","2":"type-post","3":"status-publish","4":"format-standard","5":"has-post-thumbnail","7":"category-noticias","8":"entry"},"_links":{"self":[{"href":"https:\/\/elvinodelaspiedras.es\/en\/wp-json\/wp\/v2\/posts\/4114"}],"collection":[{"href":"https:\/\/elvinodelaspiedras.es\/en\/wp-json\/wp\/v2\/posts"}],"about":[{"href":"https:\/\/elvinodelaspiedras.es\/en\/wp-json\/wp\/v2\/types\/post"}],"author":[{"embeddable":true,"href":"https:\/\/elvinodelaspiedras.es\/en\/wp-json\/wp\/v2\/users\/6"}],"replies":[{"embeddable":true,"href":"https:\/\/elvinodelaspiedras.es\/en\/wp-json\/wp\/v2\/comments?post=4114"}],"version-history":[{"count":1,"href":"https:\/\/elvinodelaspiedras.es\/en\/wp-json\/wp\/v2\/posts\/4114\/revisions"}],"predecessor-version":[{"id":5840,"href":"https:\/\/elvinodelaspiedras.es\/en\/wp-json\/wp\/v2\/posts\/4114\/revisions\/5840"}],"wp:featuredmedia":[{"embeddable":true,"href":"https:\/\/elvinodelaspiedras.es\/en\/wp-json\/wp\/v2\/media\/4115"}],"wp:attachment":[{"href":"https:\/\/elvinodelaspiedras.es\/en\/wp-json\/wp\/v2\/media?parent=4114"}],"wp:term":[{"taxonomy":"category","embeddable":true,"href":"https:\/\/elvinodelaspiedras.es\/en\/wp-json\/wp\/v2\/categories?post=4114"},{"taxonomy":"post_tag","embeddable":true,"href":"https:\/\/elvinodelaspiedras.es\/en\/wp-json\/wp\/v2\/tags?post=4114"}],"curies":[{"name":"wp","href":"https:\/\/api.w.org\/{rel}","templated":true}]}}