{"id":4118,"date":"2019-04-13T00:00:00","date_gmt":"2019-04-13T00:00:00","guid":{"rendered":"http:\/\/elvinodelaspiedras.local\/duret-los-terroirs-de-la-dop-carinena-se-caracterizan-por-la-diversidad\/"},"modified":"2020-11-13T12:29:27","modified_gmt":"2020-11-13T12:29:27","slug":"duret-los-terroirs-de-la-dop-carinena-se-caracterizan-por-la-diversidad","status":"publish","type":"post","link":"https:\/\/elvinodelaspiedras.es\/en\/comunicacion\/noticias\/duret-los-terroirs-de-la-dop-carinena-se-caracterizan-por-la-diversidad\/","title":{"rendered":"Duret: \u201clos terroirs de la D.O.P. Cari\u00f1ena se caracterizan por la diversidad\u201d"},"content":{"rendered":"<p>Los en\u00f3logos y t\u00e9cnicos del Consejo Regulador y de las bodegas de la <strong>Denominaci\u00f3n<\/strong><strong> de Origen Protegida Cari\u00f1ena<\/strong> han catado esta semana seis vinos cultivados en el territorio pero elaborados en una bodega experimental en Montpellier, en la presentaci\u00f3n de <strong>los primeros resultados<\/strong> de un ambicioso <strong>estudio<\/strong> para buscar las <strong>variedades y t\u00e9cnicas<\/strong> m\u00e1s adecuadas en cada parcela. Los trabajos no concluir\u00e1n hasta dentro de cuatro a\u00f1os, pero su m\u00e1ximo <strong>responsable<\/strong>, <strong>Laurent Duret<\/strong>, <strong>ingeniero agr\u00f3nomo, en\u00f3logo y asesor en viticultura de la empresa francesa Groupe ICV<\/strong>, ya destaca el <strong>&#8220;gran potencial&#8221; de los Vinos de las Piedras<\/strong>, por la <strong>diversidad de terrenos y variedades de uva<\/strong> cultivada que caracterizan a la mayor Denominaci\u00f3n de Arag\u00f3n.<\/p>\n<p>En el mundo del vino, la <strong>palabra francesa &#8220;<em>terroir<\/em>&#8220;<\/strong> se usa para definir la <strong>combinaci\u00f3n de los m\u00faltiples factores que caracterizan a un vi\u00f1edo<\/strong>, desde el suelo y el clima hasta el trabajo del hombre, pasando por la pendiente o el tipo de vid. Con el <strong>proyecto &#8220;Caracterizaci\u00f3n y potenciales viticulturales y enol\u00f3gicos de los <em>terroirs<\/em> de la D.O.P. Cari\u00f1ena&#8221;<\/strong> se busca diferenciarlos para <strong>aprovechar<\/strong> de la mejor manera sus particularidades.<\/p>\n<p>&#8220;Comenc\u00e9 a trabajar a finales de 2017 para la  Denominaci\u00f3n de Origen Protegida Cari\u00f1ena y, aunque es pronto para sacar conclusiones, ya puedo decir que <strong>se caracteriza por la diversidad<\/strong>. Me parece que hay una <strong>gran diversidad de <em>terroirs<\/em>, mucho m\u00e1s compleja que en otras denominaciones de Arag\u00f3n<\/strong>&#8220;. As\u00ed de contundente es la afirmaci\u00f3n de <strong>Duret<\/strong>, que durante <strong>cinco a\u00f1os<\/strong> va a realizar un trabajo de <strong>an\u00e1lisis de los suelos, vi\u00f1as, climatolog\u00eda de &#8220;El Vino de las Piedras&#8221; -la marca con la que se conoce toda la producci\u00f3n de la  Denominaci\u00f3n-<\/strong> para\u00a0 identificar y <strong>caracterizar los diferentes <em>terroirs<\/em><\/strong> y, de esa forma, &#8220;decidir <strong>qu\u00e9 plantar en cada situaci\u00f3n&#8221;<\/strong>.<\/p>\n<p>Los <strong>objetivos y primeros datos<\/strong> aportados por este estudio de <strong>&#8220;Caracterizaci\u00f3n de los potenciales vit\u00edcolas y enol\u00f3gicos de los <em>terroir<\/em> de la D.O.P. Cari\u00f1ena&#8221;<\/strong> que realiza Groupe ICV se dieron a conocer en el <strong>XII Congreso Internacional sobre el <em>Terroir<\/em><\/strong> que se celebr\u00f3 en junio del pasado a\u00f1o en Zaragoza. Ese encuentro, en el que se da cita la comunidad cient\u00edfica cada dos a\u00f1os <strong>desde 1996<\/strong>, cuenta con el <strong>respaldo de la Organizaci\u00f3n  Mundial de la  Vi\u00f1a y el Vino<\/strong> y reuni\u00f3 en la capital aragonesa a <strong>m\u00e1s de 200 expertos de una veintena de pa\u00edses relacionados con el vino<\/strong>.<\/p>\n<p>&#8220;La D.O.P. Cari\u00f1ena es compleja porque tiene muchos suelos diferentes, muchas variedades&#8230; y tiene que <strong>aprovechar esa enorme diversidad para diferenciarse&#8221;<\/strong>, asegura el ingeniero de Groupe ICV Laurent Duret. Este experto recuerda que <strong>&#8220;hay 14 variedades de uva en la Denominaci\u00f3n, eso es mucho, un gran potencial&#8221;<\/strong> y, por eso, a\u00f1ade que &#8220;hay que plantar teniendo en cuenta la mejor adaptaci\u00f3n de la planta, del tipo de suelo, los niveles h\u00eddricos, etc&#8221;.<\/p>\n<p>El <strong>estudio<\/strong> que est\u00e1 desarrollando Laurent Duret se prolongar\u00e1 <strong>hasta 2022<\/strong>. Cada a\u00f1o est\u00e1 previsto que realice visitas a unas 100 parcelas de la D.O.P. Cari\u00f1ena y mantenga un <strong>seguimiento<\/strong>, a trav\u00e9s de la <strong>observaci\u00f3n y los an\u00e1lisis del suelo, la vid y la uva, para poder clasificar los diferentes <em>terroirs<\/em>.<\/strong> De forma paralela, un jurado experto catar\u00e1 muestras de vinos de diferentes bodegas para estudiar y clasificarlos en condiciones normales de producci\u00f3n y vinificaci\u00f3n.<\/p>\n<p>En este sentido, el ingeniero agr\u00f3nomo y en\u00f3logo franc\u00e9s explica <strong>que ya se han tomado &#8220;<\/strong><strong>100 muestras <\/strong>de parcelas, pero es demasiado temprano para que aporten datos de los <em>terroirs<\/em>&#8220;. &#8220;De momento, sirven para tener datos de la variedad, pero <strong>hay que esperar a los a\u00f1os siguientes para estudiar la vinificaci\u00f3n en cada bodega y por cada vino y, si es posible, por <em>terroir<\/em>&#8220;<\/strong>, a\u00f1ade Laurent Duret. El objetivo para esas <strong>pr\u00f3ximas temporadas<\/strong> es realizar visitas durante el desarrollo vegetativo de la vi\u00f1a para <strong>identificar<\/strong> par\u00e1metros como <strong>el vigor de la planta, la sensibilidad al estr\u00e9s h\u00eddrico y la precocidad<\/strong>. Esos datos se recoger\u00e1n <strong>durante el ciclo de la vi\u00f1a y tambi\u00e9n durante las vendimias<\/strong> para lograr un an\u00e1lisis m\u00e1s completo y detallado.<\/p>\n<p><strong>Identificadas seis unidades de <em>terroir<\/em><\/strong><\/p>\n<p>El trabajo llevado a cabo a lo largo de este a\u00f1o ya est\u00e1 dando algunos frutos. &#8220;Hemos <strong>identificado ya las principales unidades de <em>terroir<\/em><\/strong> con un an\u00e1lisis basado en la observaci\u00f3n y anotaciones del suelo y los par\u00e1metros de la vid, como el vigor de la planta, que nos ha aportado <strong>una clasificaci\u00f3n b\u00e1sica<\/strong>, pero que ya puede comenzar a utilizar la  Denominaci\u00f3n&#8221;, ha afirmado.<\/p>\n<p>De hecho, ya ha identificado y descrito <strong>seis principales unidades de <em>terroir<\/em><\/strong>. Son las siguientes: la primera unidad clasificada corresponde a <strong>suelos aluviales recientes<\/strong> -con suelos pardos limoso-arcillosos profundos y poco pedregosos-, la segunda <strong>presenta suelos de terrazas pedregosas de llanura<\/strong> -con suelos pardos o rojizos y muy pedregosos-, la tercera unidad identificada es de <strong>suelos rojos oxidados de terrazas<\/strong> -con suelos rojos, arcillosos profundos y pedregosos-, la cuarta unidad es de <strong>suelos de semiladeras y vertientes<\/strong> -de suelos pardos heterog\u00e9neos, arcillosos y pedregosos-, la quinta corresponde a <strong>suelos de mesetas de calizas<\/strong> -con suelos blancuzcos grumosos, muy calizos y pedregosos- y la sexta unidad presenta <strong>suelos de laderas con pizarras<\/strong> -de suelos pardos o grises, arcilloso-arenosos y pedregosos-.<\/p>\n<p>Tras esta primera fase, el <strong>objetivo<\/strong> es observar y analizar <strong>c\u00f3mo se desarrolla la vi\u00f1a en cada \u00e9poca<\/strong> e identificar los datos de la red de referencia de los vinos y tambi\u00e9n del <strong>ciclo de la vid, de la climatolog\u00eda<\/strong>, entre otras cuestiones. En realidad, es un ambicioso proyecto de cinco a\u00f1os de duraci\u00f3n en los que se pretende realizar una descripci\u00f3n y clasificaci\u00f3n de los <em>terroirs<\/em> para, as\u00ed, definir las mejores adaptaciones entre <em>terroir<\/em> y variedad y realizar <strong>recomendaciones agron\u00f3micas para aumentar las cualidades y valor del <em>terroir<\/em><\/strong>.<\/p>\n<p>Para ello, sobre esta zonificaci\u00f3n, que en a\u00f1os sucesivos se espera completar con subdivisiones, se han <strong>identificado 20 parcelas para formar una &#8220;red de referencia&#8221;<\/strong>, estudiando el desarrollo de las variedades de uva consideradas de m\u00e1s inter\u00e9s. La <strong>garnacha tinta, la cari\u00f1ena y la tempranillo<\/strong> se seguir\u00e1n en todos los tipos de terreno, completadas con otras uvas seg\u00fan la unidad, como la cabernet sauvignon en los suelos aluviales recientes.<\/p>\n<p>Laurent Duret recalca que <strong>&#8220;todas las unidades son interesantes y cada una tiene su potencial&#8221;<\/strong> y que el estudio de los <em>terroirs<\/em> permitir\u00e1 tanto potenciar la elaboraci\u00f3n de vinos de calidad pero para un p\u00fablico amplio como los vinos m\u00e1s selectos, sector para el que los primeros datos del estudio ya han destacado <strong>las posibilidades de la uva cari\u00f1ena en dos de los tipos de terreno, los de cascajo y los de pizarras<\/strong>, &#8220;que producen dos vinos muy equilibrados, pero muy diferentes, el primero con menos acidez&#8221;.<\/p>\n<p>Junto al seguimiento de las parcelas, el estudio incluye catas de expertos de la cosecha en las distintas bodegas de la Denominaci\u00f3n de Origen Protegida, &#8220;espec\u00edfica para caracterizar las diferencias&#8221; y se completa con <strong>microvinificaciones<\/strong>; en las que una muestra (cajas de 50 kilos de uva) de las parcelas estudiadas se traslada a la <strong>bodega experimental de Groupe ICV<\/strong> para caracterizar al m\u00e1ximo cada <em>terroir<\/em>.<\/p>\n<p>Duret se\u00f1ala que la presentaci\u00f3n de los resultados del primer a\u00f1o (<strong>an\u00e1lisis de las parcelas y minivinificaciones de 2018 y cata de los vinos de la cosecha de 2017<\/strong>) ya est\u00e1 mostrando datos de inter\u00e9s para las bodegas, como el <strong>adelantamiento de la \u00e9poca \u00f3ptima de vendimia<\/strong> con el aumento de las temperaturas.<\/p>\n<p>De todas formas, el en\u00f3logo franc\u00e9s recuerda que son impresiones tras unos primeros meses de trabajo y que las <strong>propuestas definitivas<\/strong> saldr\u00e1n del estudio completo que se va a desarrollar en la D.O.P. Cari\u00f1ena hasta 2022, y que dar\u00e1 lugar a una serie de <strong>fichas con recomendaciones sobre cultivo y vinificaci\u00f3n para que las bodegas<\/strong> las apliquen en su producci\u00f3n. &#8220;Luego hay que desarrollar el marketing, pero yo soy <strong>muy optimista<\/strong> por el potencial que hay en esta Denominaci\u00f3n&#8221;.<\/p>\n<hr>\n<figure id=\"attachment_492\" aria-describedby=\"caption-attachment-492\" style=\"width: 300px\" class=\"wp-caption alignnone\"><a href=\"\/_archivos\/imagenes\/3624.jpg\" target=\"_blank\" rel=\"noopener noreferrer\"><img decoding=\"async\" class=\"size-medium\" src=\"\/_archivos\/imagenes\/300\/3624.jpg\" alt=\"El experto Laurent Duret y el presidente de la DOP Cari\u00f1ena, Ignacio Casamitjana\" title=\"El experto Laurent Duret y el presidente de la DOP Cari\u00f1ena, Ignacio Casamitjana\" width=\"300\" height=\"auto\" \/><\/a><figcaption id=\"caption-attachment-492\" class=\"wp-caption-text\"><a href=\"\/_archivos\/imagenes\/3624.jpg\" target=\"_blank\" rel=\"noopener noreferrer\">Descargar imagen<\/a><\/figcaption><\/figure>\n<figure id=\"attachment_492\" aria-describedby=\"caption-attachment-492\" style=\"width: 300px\" class=\"wp-caption alignnone\"><a href=\"\/_archivos\/imagenes\/3625.jpg\" target=\"_blank\" rel=\"noopener noreferrer\"><img decoding=\"async\" class=\"size-medium\" src=\"\/_archivos\/imagenes\/300\/3625.jpg\" alt=\"Presentaci\u00f3n del estudio sobre terroirs al Consejo Regulador y bodegas de la DOP Cari\u00f1ena\" title=\"Presentaci\u00f3n del estudio sobre terroirs al Consejo Regulador y bodegas de la DOP Cari\u00f1ena\" width=\"300\" height=\"auto\" \/><\/a><figcaption id=\"caption-attachment-492\" class=\"wp-caption-text\"><a href=\"\/_archivos\/imagenes\/3625.jpg\" target=\"_blank\" rel=\"noopener noreferrer\">Descargar imagen<\/a><\/figcaption><\/figure>\n<figure id=\"attachment_492\" aria-describedby=\"caption-attachment-492\" style=\"width: 300px\" class=\"wp-caption alignnone\"><a href=\"\/_archivos\/imagenes\/3626.jpg\" target=\"_blank\" rel=\"noopener noreferrer\"><img decoding=\"async\" class=\"size-medium\" src=\"\/_archivos\/imagenes\/300\/3626.jpg\" alt=\"Cata de vinos de la DOP Cari\u00f1ena elaborados en Montpellier\" title=\"Cata de vinos de la DOP Cari\u00f1ena elaborados en Montpellier\" width=\"300\" height=\"auto\" \/><\/a><figcaption id=\"caption-attachment-492\" class=\"wp-caption-text\"><a href=\"\/_archivos\/imagenes\/3626.jpg\" target=\"_blank\" rel=\"noopener noreferrer\">Descargar imagen<\/a><\/figcaption><\/figure>\n<figure id=\"attachment_492\" aria-describedby=\"caption-attachment-492\" style=\"width: 300px\" class=\"wp-caption alignnone\"><a href=\"\/_archivos\/imagenes\/3627.jpg\" target=\"_blank\" rel=\"noopener noreferrer\"><img decoding=\"async\" class=\"size-medium\" src=\"\/_archivos\/imagenes\/300\/3627.jpg\" alt=\"Laurent Duret expuso en el XII Congreso Internacional del Terroir el trabajo que realiza para la D.O\" title=\"Laurent Duret expuso en el XII Congreso Internacional del Terroir el trabajo que realiza para la D.O\" width=\"300\" height=\"auto\" \/><\/a><figcaption id=\"caption-attachment-492\" class=\"wp-caption-text\"><a href=\"\/_archivos\/imagenes\/3627.jpg\" target=\"_blank\" rel=\"noopener noreferrer\">Descargar imagen<\/a><\/figcaption><\/figure>\n<figure id=\"attachment_492\" aria-describedby=\"caption-attachment-492\" style=\"width: 300px\" class=\"wp-caption alignnone\"><a href=\"\/_archivos\/imagenes\/3628.jpg\" target=\"_blank\" rel=\"noopener noreferrer\"><img decoding=\"async\" class=\"size-medium\" src=\"\/_archivos\/imagenes\/300\/3628.jpg\" alt=\"Laurent Duret expuso en el XII Congreso Internacional del Terroir el trabajo que realiza para la D.O\" title=\"Laurent Duret expuso en el XII Congreso Internacional del Terroir el trabajo que realiza para la D.O\" width=\"300\" height=\"auto\" \/><\/a><figcaption id=\"caption-attachment-492\" class=\"wp-caption-text\"><a href=\"\/_archivos\/imagenes\/3628.jpg\" target=\"_blank\" rel=\"noopener noreferrer\">Descargar imagen<\/a><\/figcaption><\/figure>    \t<\/p>\n","protected":false},"excerpt":{"rendered":"<p>Los en\u00f3logos y t\u00e9cnicos del Consejo Regulador y de las bodegas de la Denominaci\u00f3n de Origen Protegida Cari\u00f1ena han catado esta semana seis vinos cultivados en el territorio pero elaborados en una bodega experimental en Montpellier, en la presentaci\u00f3n de los primeros resultados de un ambicioso estudio para buscar las variedades y t\u00e9cnicas m\u00e1s adecuadas &hellip;<\/p>\n","protected":false},"author":6,"featured_media":4119,"comment_status":"closed","ping_status":"closed","sticky":false,"template":"","format":"standard","meta":{"_genesis_hide_title":false,"_genesis_hide_breadcrumbs":false,"_genesis_hide_singular_image":false,"_genesis_hide_footer_widgets":false,"_genesis_custom_body_class":"","_genesis_custom_post_class":"","_genesis_layout":"","ngg_post_thumbnail":0,"footnotes":""},"categories":[1],"tags":[],"class_list":{"0":"post-4118","1":"post","2":"type-post","3":"status-publish","4":"format-standard","5":"has-post-thumbnail","7":"category-noticias","8":"entry"},"_links":{"self":[{"href":"https:\/\/elvinodelaspiedras.es\/en\/wp-json\/wp\/v2\/posts\/4118"}],"collection":[{"href":"https:\/\/elvinodelaspiedras.es\/en\/wp-json\/wp\/v2\/posts"}],"about":[{"href":"https:\/\/elvinodelaspiedras.es\/en\/wp-json\/wp\/v2\/types\/post"}],"author":[{"embeddable":true,"href":"https:\/\/elvinodelaspiedras.es\/en\/wp-json\/wp\/v2\/users\/6"}],"replies":[{"embeddable":true,"href":"https:\/\/elvinodelaspiedras.es\/en\/wp-json\/wp\/v2\/comments?post=4118"}],"version-history":[{"count":1,"href":"https:\/\/elvinodelaspiedras.es\/en\/wp-json\/wp\/v2\/posts\/4118\/revisions"}],"predecessor-version":[{"id":5838,"href":"https:\/\/elvinodelaspiedras.es\/en\/wp-json\/wp\/v2\/posts\/4118\/revisions\/5838"}],"wp:featuredmedia":[{"embeddable":true,"href":"https:\/\/elvinodelaspiedras.es\/en\/wp-json\/wp\/v2\/media\/4119"}],"wp:attachment":[{"href":"https:\/\/elvinodelaspiedras.es\/en\/wp-json\/wp\/v2\/media?parent=4118"}],"wp:term":[{"taxonomy":"category","embeddable":true,"href":"https:\/\/elvinodelaspiedras.es\/en\/wp-json\/wp\/v2\/categories?post=4118"},{"taxonomy":"post_tag","embeddable":true,"href":"https:\/\/elvinodelaspiedras.es\/en\/wp-json\/wp\/v2\/tags?post=4118"}],"curies":[{"name":"wp","href":"https:\/\/api.w.org\/{rel}","templated":true}]}}