{"id":4122,"date":"2019-05-09T00:00:00","date_gmt":"2019-05-09T00:00:00","guid":{"rendered":"http:\/\/elvinodelaspiedras.local\/bodegas-san-valero-premio-aragones-del-ano-en-la-categoria-de-empresa\/"},"modified":"2020-11-13T12:29:27","modified_gmt":"2020-11-13T12:29:27","slug":"bodegas-san-valero-premio-aragones-del-ano-en-la-categoria-de-empresa","status":"publish","type":"post","link":"https:\/\/elvinodelaspiedras.es\/en\/comunicacion\/noticias\/bodegas-san-valero-premio-aragones-del-ano-en-la-categoria-de-empresa\/","title":{"rendered":"Bodegas San Valero, premio aragon\u00e9s del a\u00f1o en la categor\u00eda de empresa"},"content":{"rendered":"<p>El Peri\u00f3dico de Arag\u00f3n entreg\u00f3 este mi\u00e9rcoles sus premios a los Aragoneses del A\u00f1o, que deciden en votaci\u00f3n sus lectores. El Premio Aragon\u00e9s del A\u00f1o en la categor\u00eda de Empresa fue para Bodegas San Valero, de la Denominaci\u00f3n de Origen Protegida Cari\u00f1ena, que este a\u00f1o celebra adem\u00e1s su 75 aniversario. El presidente del Grupo BSV, Jos\u00e9 Antonio Ruiz, recogi\u00f3 el Premio de manos del ministro de Fomento, Jos\u00e9 Luis \u00c1balos. Los galardones se entregaron en el curso de una gala celebrada en el Palacio de Congresos de Zaragoza, a la que asistieron un millar de invitados.<\/p>\n<p>El coraz\u00f3n del vino aragon\u00e9s, y en particular de Cari\u00f1ena, palpita sobre el Grupo Bodegas San Valero. La cooperativa, conformada por las propias bodegas, la cooperativa original inscrita en la D.O.P. Cari\u00f1ena, y por las Bodegas Gran Ducay, inscrita en la  DO Cava, celebra este 2019 su 75 cumplea\u00f1os siendo fiel a la tradici\u00f3n sin olvidar las nuevas investigaciones en I+D+i en el sector vin\u00edcola. \u00abNuestra filosof\u00eda se basa en hacer los mejores vinos que seamos capaces de elaborar. Queremos ser un agente destacado en los mercados nacionales e internacionales. Asimismo, tenemos por bandera la innovaci\u00f3n, la tradici\u00f3n y la apuesta por la calidad en nuestros productos\u00bb, afirma el presidente del Grupo BSV, Jos\u00e9 Antonio Ruiz.<\/p>\n<p>Lo que comenz\u00f3 en 1944 con 66 agricultores que decidieron unir esfuerzos para conformar una cooperativa ha desembocado en una entidad con m\u00e1s de 700 profesionales de la vid y el vino. Del vino a granel al embotellado en 1962, su apuesta por el cava con la constituci\u00f3n de Bodegas Gran Ducay en 1984, la introducci\u00f3n de la vendimia seleccionada en el 2014 o la adquisici\u00f3n de Tierra de Cubas en el 2016 son muestras de la trayectoria ascendente de una empresa que representa cerca del 27% de todo el vino que sale con el certificado de calidad de Cari\u00f1ena. \u00abLa tierra de Cari\u00f1ena tiene todos los factores para que la vid ofrezca lo mejor de s\u00ed cada a\u00f1o. Pero adem\u00e1s de ello, la localidad tiene una capacidad humana inmensa. Por todo ello sus vinos son especiales\u00bb, expresa Ruiz.<\/p>\n<p><strong>RECONOCIMIENTOS<\/strong><\/p>\n<p>Embajadores de la uva garnacha y la uva cari\u00f1ena, sus vinos y cavas est\u00e1n presentes en m\u00e1s de 25 pa\u00edses. Comercializan m\u00e1s de ocho millones de litros al a\u00f1o de 45 marcas diferentes. A estas magn\u00edficas cifras se suman las de sus premios. M\u00e1s de 250 medallas reposan en su vitrina personal, obtenidas en concursos del sector vin\u00edcola. En este 2019, siete vinos de Bodegas San Valero lograron seis oros y una plata en el Berliner Wein Trophy. Asimismo, en el certamen Mundos Vini, se alzaron con cuatro medallas de Oro y el Gran Oro, que recay\u00f3 en Legado de Gala Placidia, uno de los tres mejores vinos de Espa\u00f1a.<\/p>\n<hr>\n<figure id=\"attachment_494\" aria-describedby=\"caption-attachment-494\" style=\"width: 300px\" class=\"wp-caption alignnone\"><a href=\"\/_archivos\/imagenes\/3631.jpg\" target=\"_blank\" rel=\"noopener noreferrer\"><img decoding=\"async\" class=\"size-medium\" src=\"\/_archivos\/imagenes\/300\/3631.jpg\" alt=\"bsv\" title=\"bsv\" width=\"300\" height=\"auto\" \/><\/a><figcaption id=\"caption-attachment-494\" class=\"wp-caption-text\"><a href=\"\/_archivos\/imagenes\/3631.jpg\" target=\"_blank\" rel=\"noopener noreferrer\">Descargar imagen<\/a><\/figcaption><\/figure>\n","protected":false},"excerpt":{"rendered":"<p>El Peri\u00f3dico de Arag\u00f3n entreg\u00f3 este mi\u00e9rcoles sus premios a los Aragoneses del A\u00f1o, que deciden en votaci\u00f3n sus lectores. El Premio Aragon\u00e9s del A\u00f1o en la categor\u00eda de Empresa fue para Bodegas San Valero, de la Denominaci\u00f3n de Origen Protegida Cari\u00f1ena, que este a\u00f1o celebra adem\u00e1s su 75 aniversario. El presidente del Grupo BSV, &hellip;<\/p>\n","protected":false},"author":6,"featured_media":4123,"comment_status":"closed","ping_status":"closed","sticky":false,"template":"","format":"standard","meta":{"_genesis_hide_title":false,"_genesis_hide_breadcrumbs":false,"_genesis_hide_singular_image":false,"_genesis_hide_footer_widgets":false,"_genesis_custom_body_class":"","_genesis_custom_post_class":"","_genesis_layout":"","ngg_post_thumbnail":0,"footnotes":""},"categories":[1],"tags":[],"class_list":{"0":"post-4122","1":"post","2":"type-post","3":"status-publish","4":"format-standard","5":"has-post-thumbnail","7":"category-noticias","8":"entry"},"_links":{"self":[{"href":"https:\/\/elvinodelaspiedras.es\/en\/wp-json\/wp\/v2\/posts\/4122"}],"collection":[{"href":"https:\/\/elvinodelaspiedras.es\/en\/wp-json\/wp\/v2\/posts"}],"about":[{"href":"https:\/\/elvinodelaspiedras.es\/en\/wp-json\/wp\/v2\/types\/post"}],"author":[{"embeddable":true,"href":"https:\/\/elvinodelaspiedras.es\/en\/wp-json\/wp\/v2\/users\/6"}],"replies":[{"embeddable":true,"href":"https:\/\/elvinodelaspiedras.es\/en\/wp-json\/wp\/v2\/comments?post=4122"}],"version-history":[{"count":1,"href":"https:\/\/elvinodelaspiedras.es\/en\/wp-json\/wp\/v2\/posts\/4122\/revisions"}],"predecessor-version":[{"id":5836,"href":"https:\/\/elvinodelaspiedras.es\/en\/wp-json\/wp\/v2\/posts\/4122\/revisions\/5836"}],"wp:featuredmedia":[{"embeddable":true,"href":"https:\/\/elvinodelaspiedras.es\/en\/wp-json\/wp\/v2\/media\/4123"}],"wp:attachment":[{"href":"https:\/\/elvinodelaspiedras.es\/en\/wp-json\/wp\/v2\/media?parent=4122"}],"wp:term":[{"taxonomy":"category","embeddable":true,"href":"https:\/\/elvinodelaspiedras.es\/en\/wp-json\/wp\/v2\/categories?post=4122"},{"taxonomy":"post_tag","embeddable":true,"href":"https:\/\/elvinodelaspiedras.es\/en\/wp-json\/wp\/v2\/tags?post=4122"}],"curies":[{"name":"wp","href":"https:\/\/api.w.org\/{rel}","templated":true}]}}