{"id":4126,"date":"2019-05-29T00:00:00","date_gmt":"2019-05-29T00:00:00","guid":{"rendered":"http:\/\/elvinodelaspiedras.local\/el-festival-de-las-piedras-de-la-dop-carinena-inundara-el-mes-de-junio-de-regalos-musica-y-degustaciones-exclusivas\/"},"modified":"2020-11-13T12:29:27","modified_gmt":"2020-11-13T12:29:27","slug":"el-festival-de-las-piedras-de-la-dop-carinena-inundara-el-mes-de-junio-de-regalos-musica-y-degustaciones-exclusivas","status":"publish","type":"post","link":"https:\/\/elvinodelaspiedras.es\/en\/comunicacion\/noticias\/el-festival-de-las-piedras-de-la-dop-carinena-inundara-el-mes-de-junio-de-regalos-musica-y-degustaciones-exclusivas\/","title":{"rendered":"El festival de las piedras inundar\u00e1 el mes de junio de regalos, m\u00fasica y degustaciones exclusivas"},"content":{"rendered":"<p>La <strong>Denominaci\u00f3n de Origen Protegida Cari\u00f1ena<\/strong> celebra a lo largo de <strong>junio<\/strong>, con la colaboraci\u00f3n de la <strong>Asociaci\u00f3n de Restaurantes Horeca Zaragoza<\/strong>, la <strong>primera edici\u00f3n<\/strong> del <strong>Festival de las Piedras<\/strong>, una original <strong>campa\u00f1a de promoci\u00f3n<\/strong> de sus vinos que fusiona dos exitosos eventos anteriores, <strong>Sorpresas en el Restaurante y el Sal\u00f3n del Vino de las Piedras<\/strong>, para animar a los consumidores a <strong>descubrir el trabajo actual de sus bodegas de la mano de la gastronom\u00eda y la m\u00fasica.<\/strong><\/p>\n<p><strong>Botellas, cenas para dos, viajes a Estocolmo y Liverpool y hasta el peso de uno de los participantes en vino<\/strong> son algunos de los premios. Mil afortunados tendr\u00e1n adem\u00e1s la posibilidad de participar en las dos <strong>degustaciones exclusivas y especiales, amenizadas con actuaciones en directo -&#8220;El Vino de las Piedras suena a m\u00fasica&#8221;-<\/strong>, con las que se cerrar\u00e1 la campa\u00f1a.<\/p>\n<p>El <strong>Festival de las Piedras<\/strong> ha sido presentado hoy por el presidente de la Denominaci\u00f3n de Origen Protegida Cari\u00f1ena, <strong>Ignacio Casamitjana<\/strong>; el director de Comunicaci\u00f3n y Marketing de la D.O.P. Cari\u00f1ena, <strong>Jos\u00e9 Luis Campos<\/strong>, y el presidente de la Asociaci\u00f3n de Restaurantes de Zaragoza (Horeca Zaragoza), <strong>Luis Vaquer.<\/strong><\/p>\n<p><strong>Del 1 al 16 de junio<\/strong>, los <strong>clientes de los 15 restaurantes zaragozanos participantes<\/strong> que acompa\u00f1en su comida o cena con El Vino de las Piedras (la marca con que se conocen todos los vinos de Cari\u00f1ena) tendr\u00e1n un <strong>regalo seguro al desvelar su tarjeta rasca<\/strong>: una <strong>botella de vino<\/strong> <strong>o una<\/strong> <strong>entrada doble<\/strong> para una de las dos degustaciones que se celebrar\u00e1n enla Multiusos del<strong> Auditorio de Zaragoza, <\/strong>el<strong> d\u00eda 28 amenizada <\/strong>con la<strong> banda de tributo a Abba<\/strong>,y el<strong> d\u00eda 29 <\/strong>con <strong>Abbey Road<\/strong>, <strong>banda de tributo a The Beatles<\/strong>.<\/p>\n<p><strong>DEGUSTACIONES EXCLUSIVAS SOLO PARA LOS PREMIADOS<\/strong><\/p>\n<p>En estas dos sesiones exclusivas, a las que solo se podr\u00e1 accceder <strong>con las invitaciones<\/strong> obtenidas en la promoci\u00f3n, los asistentes podr\u00e1n catar con cada entrada doble los <strong>14 vinos seleccionados -7 por persona- de las 7 bodegas de la Denominaci\u00f3n. Son los mismos que habr\u00e1n protagonizado <\/strong>tambi\u00e9n durante la primera quincena del mes la campa\u00f1a en los restaurantes. En los dos eventos finales, cada bodega <strong>tendr\u00e1 un stand en el recinto y ofrecer\u00e1 sus dos marcas escogidas para la campa\u00f1a, de blancos, rosados o tintos<\/strong>. Habr\u00e1 adem\u00e1s mesas y sillas, y picoteo, para disfrutar con toda comodidad de las dos veladas \u00fanicas y especiales.<\/p>\n<p>La primera parte del Festival de las Piedras mantiene un paralelismo con la anterior campa\u00f1a de Sorpresas en el Restaurante, que <strong>durante tres ediciones reuni\u00f3 a m\u00e1s de 20.000 participantes y reparti\u00f3 m\u00e1s de 6.000 regalos<\/strong>. Como en aquella, se premia a los clientes de restaurantes que mariden su comida o cena con los vinos propuestos por las bodegas de la D.O.P.<\/p>\n<p>Pero en esta ocasi\u00f3n se ampl\u00eda<strong> notablemente su duraci\u00f3n y n\u00famero de establecimientos<\/strong>. Son <strong>16 los d\u00edas (por primera vez tambi\u00e9n entre semana) y 15 los restaurantes<\/strong> para participar en el Festival de las Piedras. Los <strong>establecimientos hosteleros<\/strong>, la mayor\u00eda de ellos presentes ya en las anteriores campa\u00f1as, son: <strong>+Albarrac\u00edn, Casa Lac, D&#8217;Arte, El Cachirulo, El Candelas, El Chalet, El Foro, La Matilde, La Rinconada de Lorenzo, Los Xarmientos, Novodabo, La Parrilla de Albarrac\u00edn, Quema, Teatro Principal y Tul\u00fa<\/strong>.<\/p>\n<p>Las <strong>bodegas<\/strong> de la D.O.P. Cari\u00f1ena que colaboran son <strong>Esteban Mart\u00edn, Hermanos Torcal, Paniza, San Valero, Solar de Urbezo, Covinca y Grandes Vinos<\/strong>. Se ofrecen <strong>seis vinos blancos <\/strong>(Esteban Mart\u00edn Blanco 2018 Chardonnay Macabeo, Marqu\u00e9s de Fuendetodos Chardonnay-Macabeo, Particular Chardonnay Moscatel de Alejandr\u00eda, Urbezo Chardonnay 2018, Clave de Sol Chardonnay 2018 y Corona de Arag\u00f3n Garnacha Blanca 2017),<strong> dos vinos rosados <\/strong>(F\u00e1bula Garnacha Rosado 2018 y Esteban Mart\u00edn Rosado 2018 Garnacha Tinta)<strong> y seis tintos <\/strong>(Cachirulo Garnacha-Shyraz 2016, F\u00e1bula Garnacha Joven, Particular Tinto Garnacha Joven, Los Cabos de Urbezo Garnacha 2017, Terrai Old Vine Garnacha Roble 2017 y\u00a0Monasterio de las Vi\u00f1as Garnacha Vi\u00f1as Viejas 2016).<\/p>\n<p><strong>LA INVITACI\u00d3N DOBLE ES TRANSFERIBLE<\/strong><\/p>\n<p>Todos los comensales que elijan esos d\u00edas alguna botella de estas marcas en cualquier servicio del restaurante recibir\u00e1n una <strong>tarjeta rasca con premio seguro<\/strong>, que puede consistir en una <strong>botella de vino <\/strong>o una <strong>entrada para dos personas para una de las dos degustaciones especiales <\/strong>del Festival de las Piedras, el 28 o el 29 de junio. En el primer caso, el premio se les entregar\u00e1 en el acto y, en el segundo, el rasca premiado servir\u00e1 de entrada para el ganador y un acompa\u00f1ante o para <strong>las dos personas a las que quiera invitar si \u00e9l no puede acudir, ya que la tarjeta es transferible<\/strong>. Adem\u00e1s, todos los participantes en la campa\u00f1a pueden rellenar un <strong>cup\u00f3n para el sorteo &#8220;Tu Peso en Vino&#8221;<\/strong>, dej\u00e1ndolo en la urna del concurso del restaurante. Si el agraciado pesa por ejemplo 70 kilos recibir\u00e1 casi un centenar de botellas (de 75 cl) de Vinos de las Piedras de la Denominaci\u00f3n.<\/p>\n<p>La parte final del Festival de las Piedras se inspira en el exitoso <strong>Sal\u00f3n del Vino de las Piedras<\/strong>, que se celebr\u00f3 entre 2012 y 2015 tambi\u00e9n en la sala Multiusos de Zaragoza, <strong>convertido en un amplio y precioso espacio para la cata<\/strong> y disfrute de los vinos de Cari\u00f1ena. Pero en esta ocasi\u00f3n no hay que pagar para acceder y consumir los productos. Al contrario, con la entrada doble premiada, los dos asistentes podr\u00e1n <strong>degustar gratuitamente hasta 14 copas de vino -7 cada persona- <\/strong>mientras disfrutan de la m\u00fasica de los grupos tributo. En total ser\u00e1n 1.000 los afortunados que podr\u00e1n acceder a estas exclusivas degustaciones ya que <strong>en los rascas hay un total de 500 entradas dobles<\/strong> para los dos eventos.<\/p>\n<p>Una gran campa\u00f1a de publicidad y promociones en las redes sociales de la Denominaci\u00f3n completan <strong>esta innovadora acci\u00f3n de los Vinos de las Piedras para seguir consolidando el mercado aragon\u00e9s<\/strong>, y tambi\u00e9n de alguna forma el nacional e internacional ya que son muchos los turistas de numerosas partes de Espa\u00f1a y del mundo los que participan todos los a\u00f1os.<\/p>\n<p><strong>A trav\u00e9s de las redes sociales<\/strong> se entregar\u00e1n otras <strong>30 entradas m\u00e1s para los eventos de los d\u00edas 28 y 29<\/strong>. Para ganar una de ellas, los participantes, adem\u00e1s de ser seguidores de la Denominaci\u00f3n, deben hacerse un <strong>selfie<\/strong> en alguno de los restaurantes participantes, con una botella o copa del Vino de las Piedras, y compartirlo en <strong>Facebook, Instagram o Twitter <\/strong>con el <strong>hashtag #FestivaldelasPiedras<\/strong>. Los 10 participantes cuya <strong>foto tenga m\u00e1s interacciones en cada red social<\/strong> ganar\u00e1n las correspondientes entradas dobles.<\/p>\n<p>Los <strong>cada vez m\u00e1s reconocidos vinos de la D.O.P. Cari\u00f1ena<\/strong>, la mejor gastronom\u00eda zaragozana y las canciones de dos de los grupos m\u00e1s populares y aclamados del siglo XX se unen as\u00ed en un evento con el que la Denominaci\u00f3n y <strong>los profesionales de la hosteler\u00eda vuelven a colaborar <\/strong>para poner de manifiesto la calidad de los establecimientos aragoneses y de los modernos vinos que produce la <strong>mayor y m\u00e1s antigua Denominaci\u00f3n de la Comunidad Aut\u00f3noma. <\/strong><\/p>\n<p><strong><a href=\"https:\/\/elvinodelaspiedras.es\/en\/festivaldelaspiedras\">www.elvinodelaspiedras.es\/en\/festivaldelaspiedras<\/a> <\/strong><\/p>\n<hr>\n<figure id=\"attachment_496\" aria-describedby=\"caption-attachment-496\" style=\"width: 300px\" class=\"wp-caption alignnone\"><a href=\"\/_archivos\/imagenes\/3640.jpg\" target=\"_blank\" rel=\"noopener noreferrer\"><img decoding=\"async\" class=\"size-medium\" src=\"\/_archivos\/imagenes\/300\/3640.jpg\" alt=\"Festival de las Piedras (3)\" title=\"Festival de las Piedras (3)\" width=\"300\" height=\"auto\" \/><\/a><figcaption id=\"caption-attachment-496\" class=\"wp-caption-text\"><a href=\"\/_archivos\/imagenes\/3640.jpg\" target=\"_blank\" rel=\"noopener noreferrer\">Descargar imagen<\/a><\/figcaption><\/figure>\n<figure id=\"attachment_496\" aria-describedby=\"caption-attachment-496\" style=\"width: 300px\" class=\"wp-caption alignnone\"><a href=\"\/_archivos\/imagenes\/3641.jpg\" target=\"_blank\" rel=\"noopener noreferrer\"><img decoding=\"async\" class=\"size-medium\" src=\"\/_archivos\/imagenes\/300\/3641.jpg\" alt=\"Festival de las Piedras (1)\" title=\"Festival de las Piedras (1)\" width=\"300\" height=\"auto\" \/><\/a><figcaption id=\"caption-attachment-496\" class=\"wp-caption-text\"><a href=\"\/_archivos\/imagenes\/3641.jpg\" target=\"_blank\" rel=\"noopener noreferrer\">Descargar imagen<\/a><\/figcaption><\/figure>\n<figure id=\"attachment_496\" aria-describedby=\"caption-attachment-496\" style=\"width: 300px\" class=\"wp-caption alignnone\"><a href=\"\/_archivos\/imagenes\/3642.jpg\" target=\"_blank\" rel=\"noopener noreferrer\"><img decoding=\"async\" class=\"size-medium\" src=\"\/_archivos\/imagenes\/300\/3642.jpg\" alt=\"Festival de las Piedras (2)\" title=\"Festival de las Piedras (2)\" width=\"300\" height=\"auto\" \/><\/a><figcaption id=\"caption-attachment-496\" class=\"wp-caption-text\"><a href=\"\/_archivos\/imagenes\/3642.jpg\" target=\"_blank\" rel=\"noopener noreferrer\">Descargar imagen<\/a><\/figcaption><\/figure>\n<figure id=\"attachment_496\" aria-describedby=\"caption-attachment-496\" style=\"width: 300px\" class=\"wp-caption alignnone\"><a href=\"\/_archivos\/imagenes\/3643.jpg\" target=\"_blank\" rel=\"noopener noreferrer\"><img decoding=\"async\" class=\"size-medium\" src=\"\/_archivos\/imagenes\/300\/3643.jpg\" alt=\"Festival de las Piedras (4)\" title=\"Festival de las Piedras (4)\" width=\"300\" height=\"auto\" \/><\/a><figcaption id=\"caption-attachment-496\" class=\"wp-caption-text\"><a href=\"\/_archivos\/imagenes\/3643.jpg\" target=\"_blank\" rel=\"noopener noreferrer\">Descargar imagen<\/a><\/figcaption><\/figure>\n<figure id=\"attachment_496\" aria-describedby=\"caption-attachment-496\" style=\"width: 300px\" class=\"wp-caption alignnone\"><a href=\"\/_archivos\/imagenes\/3644.jpg\" target=\"_blank\" rel=\"noopener noreferrer\"><img decoding=\"async\" class=\"size-medium\" src=\"\/_archivos\/imagenes\/300\/3644.jpg\" alt=\"Festival de las Piedras (5)\" title=\"Festival de las Piedras (5)\" width=\"300\" height=\"auto\" \/><\/a><figcaption id=\"caption-attachment-496\" class=\"wp-caption-text\"><a href=\"\/_archivos\/imagenes\/3644.jpg\" target=\"_blank\" rel=\"noopener noreferrer\">Descargar imagen<\/a><\/figcaption><\/figure>\n<figure id=\"attachment_496\" aria-describedby=\"caption-attachment-496\" style=\"width: 300px\" class=\"wp-caption alignnone\"><a href=\"\/_archivos\/imagenes\/3645.jpg\" target=\"_blank\" rel=\"noopener noreferrer\"><img decoding=\"async\" class=\"size-medium\" src=\"\/_archivos\/imagenes\/300\/3645.jpg\" alt=\"Festival de las Piedras (6)\" title=\"Festival de las Piedras (6)\" width=\"300\" height=\"auto\" \/><\/a><figcaption id=\"caption-attachment-496\" class=\"wp-caption-text\"><a href=\"\/_archivos\/imagenes\/3645.jpg\" target=\"_blank\" rel=\"noopener noreferrer\">Descargar imagen<\/a><\/figcaption><\/figure>    \t<\/p>\n","protected":false},"excerpt":{"rendered":"<p>La Denominaci\u00f3n de Origen Protegida Cari\u00f1ena celebra a lo largo de junio, con la colaboraci\u00f3n de la Asociaci\u00f3n de Restaurantes Horeca Zaragoza, la primera edici\u00f3n del Festival de las Piedras, una original campa\u00f1a de promoci\u00f3n de sus vinos que fusiona dos exitosos eventos anteriores, Sorpresas en el Restaurante y el Sal\u00f3n del Vino de las &hellip;<\/p>\n","protected":false},"author":6,"featured_media":4127,"comment_status":"closed","ping_status":"closed","sticky":false,"template":"","format":"standard","meta":{"_genesis_hide_title":false,"_genesis_hide_breadcrumbs":false,"_genesis_hide_singular_image":false,"_genesis_hide_footer_widgets":false,"_genesis_custom_body_class":"","_genesis_custom_post_class":"","_genesis_layout":"","ngg_post_thumbnail":0,"footnotes":""},"categories":[1],"tags":[],"class_list":{"0":"post-4126","1":"post","2":"type-post","3":"status-publish","4":"format-standard","5":"has-post-thumbnail","7":"category-noticias","8":"entry"},"_links":{"self":[{"href":"https:\/\/elvinodelaspiedras.es\/en\/wp-json\/wp\/v2\/posts\/4126"}],"collection":[{"href":"https:\/\/elvinodelaspiedras.es\/en\/wp-json\/wp\/v2\/posts"}],"about":[{"href":"https:\/\/elvinodelaspiedras.es\/en\/wp-json\/wp\/v2\/types\/post"}],"author":[{"embeddable":true,"href":"https:\/\/elvinodelaspiedras.es\/en\/wp-json\/wp\/v2\/users\/6"}],"replies":[{"embeddable":true,"href":"https:\/\/elvinodelaspiedras.es\/en\/wp-json\/wp\/v2\/comments?post=4126"}],"version-history":[{"count":1,"href":"https:\/\/elvinodelaspiedras.es\/en\/wp-json\/wp\/v2\/posts\/4126\/revisions"}],"predecessor-version":[{"id":5834,"href":"https:\/\/elvinodelaspiedras.es\/en\/wp-json\/wp\/v2\/posts\/4126\/revisions\/5834"}],"wp:featuredmedia":[{"embeddable":true,"href":"https:\/\/elvinodelaspiedras.es\/en\/wp-json\/wp\/v2\/media\/4127"}],"wp:attachment":[{"href":"https:\/\/elvinodelaspiedras.es\/en\/wp-json\/wp\/v2\/media?parent=4126"}],"wp:term":[{"taxonomy":"category","embeddable":true,"href":"https:\/\/elvinodelaspiedras.es\/en\/wp-json\/wp\/v2\/categories?post=4126"},{"taxonomy":"post_tag","embeddable":true,"href":"https:\/\/elvinodelaspiedras.es\/en\/wp-json\/wp\/v2\/tags?post=4126"}],"curies":[{"name":"wp","href":"https:\/\/api.w.org\/{rel}","templated":true}]}}