{"id":4128,"date":"2019-06-07T00:00:00","date_gmt":"2019-06-07T00:00:00","guid":{"rendered":"http:\/\/elvinodelaspiedras.local\/el-festival-de-las-piedras-de-la-dop-carinena-conquista-al-publico-en-la-primera-semana-con-su-propuesta-de-regalos-seguros-al-maridar-los-vinos-de-las-piedras\/"},"modified":"2020-11-13T12:29:27","modified_gmt":"2020-11-13T12:29:27","slug":"el-festival-de-las-piedras-de-la-dop-carinena-conquista-al-publico-en-la-primera-semana-con-su-propuesta-de-regalos-seguros-al-maridar-los-vinos-de-las-piedras","status":"publish","type":"post","link":"https:\/\/elvinodelaspiedras.es\/en\/comunicacion\/noticias\/el-festival-de-las-piedras-de-la-dop-carinena-conquista-al-publico-en-la-primera-semana-con-su-propuesta-de-regalos-seguros-al-maridar-los-vinos-de-las-piedras\/","title":{"rendered":"El festival de las piedras conquista al p\u00fablico en la primera semana con su propuesta de regalos seguros al maridar los vinos de las piedras"},"content":{"rendered":"<p>La primera edici\u00f3n del <strong>Festival de las Piedras<\/strong>, la nueva campa\u00f1a de la <strong>Denominaci\u00f3n<\/strong><strong> de Origen Protegida Cari\u00f1ena <\/strong>con la colaboraci\u00f3n de la <strong>Asociaci\u00f3n<\/strong><strong> de Restaurantes Horeca Zaragoza<\/strong>, se ha revelado como un <strong>\u00e9xito<\/strong> desde su mismo inicio. &#8220;Muy contentos&#8221; o &#8220;muy buena iniciativa&#8221; han sido dos de las frases m\u00e1s repetidas entre los cientos de personas que ya han recibido un <strong>premio por pedir El Vino de las Piedras en alguno de los 15 restaurantes participantes<\/strong>.<\/p>\n<p>Con el Festival de las Piedras se quiere animar a descubrir el trabajo actual de las bodegas de la D.O.P. Cari\u00f1ena, representadas por una <strong>selecci\u00f3n de 14 vinos de siete de ellas<\/strong>, de la mano de la gastronom\u00eda y la m\u00fasica. <strong>La campa\u00f1a comenz\u00f3 el s\u00e1bado d\u00eda 1 de junio y <\/strong>contin\u00faa, sin interrupci\u00f3n,<strong> hasta el pr\u00f3ximo d\u00eda 16. <\/strong>Durante todos estos d\u00edas, los <strong>clientes de los 15 restaurantes zaragozanos participantes<\/strong> que acompa\u00f1en su comida o cena con El Vino de las Piedras (la marca con que se conocen todos los vinos de Cari\u00f1ena) tendr\u00e1n un tarjeta rasca con <strong>regalo seguro<\/strong>: una <strong>botella de vino<\/strong> <strong>o una<\/strong> <strong>entrada doble<\/strong> para una de las dos degustaciones que se celebrar\u00e1n enla <strong>sala Multiusos del Auditorio de Zaragoza, <\/strong>el<strong> d\u00eda 28 amenizada <\/strong>con la<strong> banda de tributo a Abba<\/strong>,y el<strong> d\u00eda 29 <\/strong>con Abbey Road, <strong>banda de tributo a The Beatles<\/strong>.<\/p>\n<p>En estas dos sesiones exclusivas, a las que solo se podr\u00e1 acceder <strong>con las 500 invitaciones dobles<\/strong> obtenidas en la promoci\u00f3n, los asistentes podr\u00e1n degustar con cada entrada doble los <strong>14 vinos seleccionados <\/strong>(siete por persona), en un cuidado ambiente. Adem\u00e1s, la entrada incluye un n\u00famero para participar en el <strong>sorteo de cenas para dos<\/strong> en los restaurantes y un <strong>viaje<\/strong>: el viernes 28, a Estocolmo y el s\u00e1bado 29, a Liverpool.<\/p>\n<p>El Festival de las Piedras ha servido para descubrir los vinos de Cari\u00f1ena a clientes como <strong>Pablo y Estefan\u00eda<\/strong>, que declaraban en <strong>Los Xarmientos<\/strong> que &#8220;nunca lo hab\u00edamos probado y nos ha encantado&#8221;. Tras ganar una entrada a la cata y concierto del tributo a <strong>The Beatles<\/strong> aseguraban que nunca hab\u00edan visto una campa\u00f1a como esta antes y mostraban su satisfacci\u00f3n por haber sido <strong>&#8220;recompensados con una actividad tan interesante&#8221;<\/strong>.<\/p>\n<p>Tambi\u00e9n los conocedores de la Denominaci\u00f3n destacan que han aprovechado para <strong>probar nuevas marcas<\/strong>. Por ejemplo, en <strong>El Candelas<\/strong>, <strong>Manuel,<\/strong> <strong>Jos\u00e9 Ram\u00f3n, Soraya y Maite<\/strong> comentaban que se han dejado asesorar con la lista de vinos &#8220;porque con un Cari\u00f1ena <strong>siempre satisface la elecci\u00f3n<\/strong>&#8220;. O los <strong>hermanos Pascual<\/strong>, en el <strong>restaurante Novodabo<\/strong>, se\u00f1alaban que la marca que han probado muestra c\u00f3mo los vinos de la D.O.P. &#8220;han mejorado mucho&#8221; y que &#8220;como dir\u00eda Labordeta, este vino es bueno para comer y para cantar despu\u00e9s&#8221;.<\/p>\n<p>Los m\u00e1s entusiastas de los <strong>Vinos de las Piedras<\/strong> tambi\u00e9n han mostrado por supuesto su apoyo a esta promoci\u00f3n. Como <strong>\u00c1ngel,<\/strong> que tras contar en <strong>La Matilde<\/strong> que hac\u00eda apenas una semana que hab\u00eda encargado una caja de vinos de\u00a0 Cari\u00f1ena para su casa, a\u00f1ad\u00eda que <strong>&#8220;todos son buenos&#8221;<\/strong> y que la promoci\u00f3n del Festival de las Piedras es &#8220;<strong>una muy buena manera de dar a conocer una marca<\/strong> <strong>y que la gente se interese por ella&#8221;.<\/strong><\/p>\n<p>Sobre todo, la campa\u00f1a ha servido para dar <strong>muchas alegr\u00edas con un obsequio inesperado<\/strong>. <strong>Ernesto Rodr\u00edguez<\/strong> se\u00f1alaba en <strong>El Foro<\/strong>: &#8220;Hab\u00eda escuchado algo de la campa\u00f1a por la radio, pero desconoc\u00eda que nos pudiera <strong>tocar un premio como cuatro botellas de vino<\/strong>; estupendo porque a todos nos gusta el vino de la Denominaci\u00f3n Cari\u00f1ena. <strong>Jos\u00e9 Antonio<\/strong> contaba en el <strong>restaurante Tul\u00fa<\/strong> que estaba celebrando su cumplea\u00f1os en familia y la botella que hab\u00eda ganado era &#8220;un buen regalo&#8221;. Y <strong>Juan y Mar\u00eda Pilar<\/strong> aseguraban que siempre piden Cari\u00f1ena, pero que al hacerlo en la celebraci\u00f3n familiar de sus bodas de oro en <strong>La Rinconada de Lorenzo<\/strong> se han llevado cuatro botellas de vino &#8220;para seguir celebrando otros cincuenta a\u00f1os m\u00e1s&#8221;.<\/p>\n<p>El calendario ha hecho que el Vino de las Piedras estuviera presente en las comidas con que varios j\u00f3venes celebraban su graduaci\u00f3n en Medicina. As\u00ed, <strong>Isabel Mar\u00eda, de Almer\u00eda,<\/strong> contaba en <strong>La Rinconada de Lorenzo<\/strong>: &#8220;Estoy muy contenta de celebrarlo con mi familia y adem\u00e1s nos llevamos una botella&#8221;. Y de la misma manera, <strong>Leyre <\/strong>lo hac\u00eda en <strong>Novodabo<\/strong>, y a\u00f1ad\u00eda que sus padres viven en Navarra, y que <strong>siempre que pasan por la zona compran Vino de las Piedras<\/strong>.<\/p>\n<p>Los premios del Festival de las Piedras tambi\u00e9n han hecho <strong>m\u00e1s especial cualquier reuni\u00f3n<\/strong>. <strong>Irene y Jes\u00fas<\/strong> son de Fuentes Claras (Teruel) y pasaban el s\u00e1bado en Zaragoza con sus amigos <strong>Elena y Juli\u00e1n<\/strong>. Los cuatro se consideran entusiastas del vino por lo que la campa\u00f1a es, a su juicio, &#8220;ideal&#8221; y que la botella ganada en <strong>+Albarrac\u00edn<\/strong> la iban a compartir esta noche muy gustosamente ya que &#8220;los vinos de esta Denominaci\u00f3n, sobre todo la garnacha, son muy buenos&#8221;.<\/p>\n<p>La selecci\u00f3n de vinos con los que se pueden ganar premios incluye <strong>tintos, rosados y blancos<\/strong>, y todos <strong>cuentan con entusiastas<\/strong>. Jos\u00e9 Mar\u00eda Plano, tras ganar una botella junto a sus amigos en <strong>+Albarrac\u00edn<\/strong> aseguraba que <strong>&#8220;el mejor vino blanco de Espa\u00f1a se hace en Cari\u00f1ena&#8221;. <\/strong>Y <strong>Ram\u00f3n y Carlos Mart\u00ednez<\/strong>, se\u00f1alaban en <strong>El Candelas<\/strong> que si en su comida se hab\u00edan decantado por un tinto, no olvidaban &#8220;los buenos rosados&#8221; de la D.O.P.<\/p>\n<p>Entre las an\u00e9cdotas de los primeros d\u00edas se puede destacar la <strong>despedida de soltera<\/strong> de <strong>Mari Carmen Cucal\u00f3n<\/strong> en la <strong>Parrilla de Albarrac\u00edn<\/strong>. Como consumidoras habituales, califican la campa\u00f1a de &#8220;un acierto para que todos puedan conocer estos vinos&#8221;, y explican que el <strong>premio sin rascar<\/strong> y a modo de sorpresa, han decidido <strong>cederlo a los novios<\/strong>.<\/p>\n<p>El <strong>premio de la entrada a la degustaci\u00f3n con concierto<\/strong> ha sido, desde luego, muy bien recibido. <strong>Jose Lu\u00eds y Anabel<\/strong> acud\u00edan al restaurante <strong>D&#8217;Arte <\/strong>tras saber los premios que pod\u00edan ganar, &#8220;de propio, porque nos encanta el vino de Cari\u00f1ena&#8221;, y han visto recompensado su inter\u00e9s, al tener la ocasi\u00f3n de seguir degustando vinos en la velada del d\u00eda 29: <strong>&#8220;Estamos muy contentos por el regalo, adem\u00e1s nos encanta la m\u00fasica de The Beatles&#8221;.<\/strong><\/p>\n<p><strong>Carmen Santiago Mart\u00ednez y Luis Gonz\u00e1lez Ayuso<\/strong> son un matrimonio que vino el domingo desde Barcelona a visitar la ciudad y as\u00ed prob\u00f3 uno de los vinos en <strong>La Parrilla de Albarrac\u00edn<\/strong>, que se\u00f1alan que es &#8220;muy bueno, deja un sabor en la boca muy rico&#8221;. Tras ganar una invitaci\u00f3n a la degustaci\u00f3n con el grupo tributo a Abba del pr\u00f3ximo 28 de junio dicen: &#8220;Estamos muy contentos, nos ha tocado el premio gordo y ya tenemos <strong>una raz\u00f3n m\u00e1s para volver a Zaragoza<\/strong>&#8220;.<\/p>\n<p><strong>LOS HOSTELEROS CON LA D.O.P. CARI\u00d1ENA<\/strong><\/p>\n<p>Si el Festival de las Piedras ha recibido el aplauso del p\u00fablico, no ha sido menor el apoyo de los <strong>establecimientos hosteleros<\/strong> que participan. De forma un\u00e1nime todos destacan que supone un interesante <strong>aliciente para atraer clientes<\/strong> y muestran sus <strong>buenas expectativas ante esta campa\u00f1a<\/strong>; pero adem\u00e1s, de la misma manera, destacan su aprecio, y el de sus clientes, a los Vinos de las Piedras.<\/p>\n<p>As\u00ed, como muestra, <strong>Emilio Blanes<\/strong>, gerente de <strong>Xarmientos<\/strong>, resalta la positiva <strong>evoluci\u00f3n<\/strong> del vino de la D.O.P. Cari\u00f1ena &#8220;a\u00f1o tras a\u00f1o, <strong>tanto en producto como en dise\u00f1o<\/strong>&#8220;; <strong>\u00d3scar Gargallo<\/strong>, de <strong>Tul\u00fa<\/strong>, resalta que lo que m\u00e1s valoran los clientes es &#8220;la <strong>relaci\u00f3n calidad-precio<\/strong>&#8220;; y los responsables de <strong>Casa Lac<\/strong>, <strong>Patxi Jim\u00e9nez y Elena Lapetra<\/strong>, explican que con esta campa\u00f1a solo han a\u00f1adido dos vinos a su carta, &#8220;porque los otros cinco <strong>los tenemos durante el resto del a\u00f1o<\/strong>&#8220;.<\/p>\n<p>Como <strong>resumen<\/strong> de la <strong>relaci\u00f3n entre la D.O.P. Cari\u00f1ena y los hosteleros<\/strong> de Zaragoza, <strong>Luis Puyuelo<\/strong>, que en <strong>La Matilde<\/strong> cuenta con una famosa bodega con m\u00e1s de 20.000 referencias, se\u00f1ala: &#8220;Es un vino hist\u00f3rico en el panorama nacional y un <strong>gran representante a nivel internacional<\/strong> de la Comunidad de Arag\u00f3n. Tienen <strong>productos de lujo<\/strong>, pero su carta es precisamente conocida porque cualquiera puede comprarlo y disfrutarlo&#8221;.<\/p>\n<p><strong>LOS RESTAURANTES Y LAS BODEGAS DEL FESTIVAL DE LAS PIEDRAS<\/strong><\/p>\n<p>Esta campa\u00f1a contin\u00faa la tradicional colaboraci\u00f3n de la D.O.P. Cari\u00f1ena y los restaurantes de Zaragoza, pero aumenta notablemente su<strong> duraci\u00f3n y n\u00famero de establecimientos<\/strong>. Son 16 los d\u00edas (por primera vez tambi\u00e9n entre semana) y<strong> 15 los restaurantes<\/strong> para participar en el Festival de las Piedras. Los <strong>establecimientos hosteleros<\/strong>, la mayor\u00eda de ellos participantes ya en las anteriores campa\u00f1as, son: <strong>+Albarrac\u00edn, Casa Lac, D&#8217;Arte, El Cachirulo, El Candelas, El Chalet, El Foro, La Matilde, La Rinconada de Lorenzo, Los Xarmientos, Novodabo, La Parrilla de Albarrac\u00edn, Quema, Teatro Principal y Tul\u00fa<\/strong>.<\/p>\n<p>Las <strong>bodegas<\/strong> de la D.O.P. Cari\u00f1ena que colaboran son <strong>Esteban Mart\u00edn, Hermanos Torcal, Paniza, San Valero, Solar de Urbezo, Covinca y Grandes Vinos<\/strong>. Se ofrecen <strong>cinco vinos blancos <\/strong>(Esteban Mart\u00edn Blanco 2018 Chardonnay Macabeo, Marqu\u00e9s de Fuendetodos Chardonnay-Macabeo, Particular Chardonnay Moscatel de Alejandr\u00eda, Urbezo Chardonnay 2018, Clave de Sol Chardonnay 2018 y Corona de Arag\u00f3n Garnacha Blanca 2017),<strong> dos vinos rosados <\/strong>(F\u00e1bula Garnacha Rosado 2018 y Esteban Mart\u00edn Rosado 2018 Garnacha Tinta)<strong> y cinco tintos <\/strong>(Cachirulo Garnacha-Syrah 2016, F\u00e1bula Garnacha Joven, Particular Tinto Garnacha Joven, Los Cabos de Urbezo Garnacha 2017, Terrai Old Vine Garnacha Roble 2017 y\u00a0Monasterio de las Vi\u00f1as Garnacha Vi\u00f1as Viejas 2016).<\/p>\n<p>Junto con uno de los dos regalos seguros que se ofrecen, todos los participantes en la campa\u00f1a pueden rellenar un <strong>cup\u00f3n para el sorteo &#8220;Tu Peso en Vino&#8221;<\/strong>, dej\u00e1ndolo en la urna del concurso del restaurante. Por otra parte, a trav\u00e9s de las <strong>redes sociales<\/strong> se entregar\u00e1n otras <strong>30 entradas<\/strong> entre los clientes que compartan una imagen con el Vino de las Piedras y el <strong>hashtag #FestivaldelasPiedras<\/strong>. Todos los detalles de la campa\u00f1a se pueden consultar en la <strong>web<\/strong> <strong><a href=\"http:\/\/www.elvinodelaspiedras\/festivaldelaspiedras\">www.elvinodelaspiedras\/festivaldelaspiedras<\/a><\/strong><\/p>\n<hr>\n<figure id=\"attachment_497\" aria-describedby=\"caption-attachment-497\" style=\"width: 300px\" class=\"wp-caption alignnone\"><a href=\"\/_archivos\/imagenes\/3647.jpg\" target=\"_blank\" rel=\"noopener noreferrer\"><img decoding=\"async\" class=\"size-medium\" src=\"\/_archivos\/imagenes\/300\/3647.jpg\" alt=\"La campa\u00f1a del Festival de las Piedras en restaurantes tiene premio seguro\" title=\"La campa\u00f1a del Festival de las Piedras en restaurantes tiene premio seguro\" width=\"300\" height=\"auto\" \/><\/a><figcaption id=\"caption-attachment-497\" class=\"wp-caption-text\"><a href=\"\/_archivos\/imagenes\/3647.jpg\" target=\"_blank\" rel=\"noopener noreferrer\">Descargar imagen<\/a><\/figcaption><\/figure>\n<figure id=\"attachment_497\" aria-describedby=\"caption-attachment-497\" style=\"width: 300px\" class=\"wp-caption alignnone\"><a href=\"\/_archivos\/imagenes\/3648.jpg\" target=\"_blank\" rel=\"noopener noreferrer\"><img decoding=\"async\" class=\"size-medium\" src=\"\/_archivos\/imagenes\/300\/3648.jpg\" alt=\"Entrega del premio de una botella de Vino de las Piedras\" title=\"Entrega del premio de una botella de Vino de las Piedras\" width=\"300\" height=\"auto\" \/><\/a><figcaption id=\"caption-attachment-497\" class=\"wp-caption-text\"><a href=\"\/_archivos\/imagenes\/3648.jpg\" target=\"_blank\" rel=\"noopener noreferrer\">Descargar imagen<\/a><\/figcaption><\/figure>\n<figure id=\"attachment_497\" aria-describedby=\"caption-attachment-497\" style=\"width: 300px\" class=\"wp-caption alignnone\"><a href=\"\/_archivos\/imagenes\/3649.jpg\" target=\"_blank\" rel=\"noopener noreferrer\"><img decoding=\"async\" class=\"size-medium\" src=\"\/_archivos\/imagenes\/300\/3649.jpg\" alt=\"Ganador de una botella del Vino de las Piedras\" title=\"Ganador de una botella del Vino de las Piedras\" width=\"300\" height=\"auto\" \/><\/a><figcaption id=\"caption-attachment-497\" class=\"wp-caption-text\"><a href=\"\/_archivos\/imagenes\/3649.jpg\" target=\"_blank\" rel=\"noopener noreferrer\">Descargar imagen<\/a><\/figcaption><\/figure>\n<figure id=\"attachment_497\" aria-describedby=\"caption-attachment-497\" style=\"width: 300px\" class=\"wp-caption alignnone\"><a href=\"\/_archivos\/imagenes\/3650.jpg\" target=\"_blank\" rel=\"noopener noreferrer\"><img decoding=\"async\" class=\"size-medium\" src=\"\/_archivos\/imagenes\/300\/3650.jpg\" alt=\"Ganadora de una degustaci\u00f3n exclusiva\" title=\"Ganadora de una degustaci\u00f3n exclusiva\" width=\"300\" height=\"auto\" \/><\/a><figcaption id=\"caption-attachment-497\" class=\"wp-caption-text\"><a href=\"\/_archivos\/imagenes\/3650.jpg\" target=\"_blank\" rel=\"noopener noreferrer\">Descargar imagen<\/a><\/figcaption><\/figure>\n<figure id=\"attachment_497\" aria-describedby=\"caption-attachment-497\" style=\"width: 300px\" class=\"wp-caption alignnone\"><a href=\"\/_archivos\/imagenes\/3651.jpg\" target=\"_blank\" rel=\"noopener noreferrer\"><img decoding=\"async\" class=\"size-medium\" src=\"\/_archivos\/imagenes\/300\/3651.jpg\" alt=\"La campa\u00f1a en restaurantes comenz\u00f3 el d\u00eda 1 de junio y se prolonga hasta el 16\" title=\"La campa\u00f1a en restaurantes comenz\u00f3 el d\u00eda 1 de junio y se prolonga hasta el 16\" width=\"300\" height=\"auto\" \/><\/a><figcaption id=\"caption-attachment-497\" class=\"wp-caption-text\"><a href=\"\/_archivos\/imagenes\/3651.jpg\" target=\"_blank\" rel=\"noopener noreferrer\">Descargar imagen<\/a><\/figcaption><\/figure>\n<figure id=\"attachment_497\" aria-describedby=\"caption-attachment-497\" style=\"width: 300px\" class=\"wp-caption alignnone\"><a href=\"\/_archivos\/imagenes\/3652.jpg\" target=\"_blank\" rel=\"noopener noreferrer\"><img decoding=\"async\" class=\"size-medium\" src=\"\/_archivos\/imagenes\/300\/3652.jpg\" alt=\"La tarjeta rasca tiene premio seguro\" title=\"La tarjeta rasca tiene premio seguro\" width=\"300\" height=\"auto\" \/><\/a><figcaption id=\"caption-attachment-497\" class=\"wp-caption-text\"><a href=\"\/_archivos\/imagenes\/3652.jpg\" target=\"_blank\" rel=\"noopener noreferrer\">Descargar imagen<\/a><\/figcaption><\/figure>\n<figure id=\"attachment_497\" aria-describedby=\"caption-attachment-497\" style=\"width: 300px\" class=\"wp-caption alignnone\"><a href=\"\/_archivos\/imagenes\/3653.jpg\" target=\"_blank\" rel=\"noopener noreferrer\"><img decoding=\"async\" class=\"size-medium\" src=\"\/_archivos\/imagenes\/300\/3653.jpg\" alt=\"Un grupo disfrutando de la cena maridada con El Vino de las Piedras\" title=\"Un grupo disfrutando de la cena maridada con El Vino de las Piedras\" width=\"300\" height=\"auto\" \/><\/a><figcaption id=\"caption-attachment-497\" class=\"wp-caption-text\"><a href=\"\/_archivos\/imagenes\/3653.jpg\" target=\"_blank\" rel=\"noopener noreferrer\">Descargar imagen<\/a><\/figcaption><\/figure>    \t<\/p>\n","protected":false},"excerpt":{"rendered":"<p>La primera edici\u00f3n del Festival de las Piedras, la nueva campa\u00f1a de la Denominaci\u00f3n de Origen Protegida Cari\u00f1ena con la colaboraci\u00f3n de la Asociaci\u00f3n de Restaurantes Horeca Zaragoza, se ha revelado como un \u00e9xito desde su mismo inicio. &#8220;Muy contentos&#8221; o &#8220;muy buena iniciativa&#8221; han sido dos de las frases m\u00e1s repetidas entre los cientos &hellip;<\/p>\n","protected":false},"author":6,"featured_media":4129,"comment_status":"closed","ping_status":"closed","sticky":false,"template":"","format":"standard","meta":{"_genesis_hide_title":false,"_genesis_hide_breadcrumbs":false,"_genesis_hide_singular_image":false,"_genesis_hide_footer_widgets":false,"_genesis_custom_body_class":"","_genesis_custom_post_class":"","_genesis_layout":"","ngg_post_thumbnail":0,"footnotes":""},"categories":[1],"tags":[],"class_list":{"0":"post-4128","1":"post","2":"type-post","3":"status-publish","4":"format-standard","5":"has-post-thumbnail","7":"category-noticias","8":"entry"},"_links":{"self":[{"href":"https:\/\/elvinodelaspiedras.es\/en\/wp-json\/wp\/v2\/posts\/4128"}],"collection":[{"href":"https:\/\/elvinodelaspiedras.es\/en\/wp-json\/wp\/v2\/posts"}],"about":[{"href":"https:\/\/elvinodelaspiedras.es\/en\/wp-json\/wp\/v2\/types\/post"}],"author":[{"embeddable":true,"href":"https:\/\/elvinodelaspiedras.es\/en\/wp-json\/wp\/v2\/users\/6"}],"replies":[{"embeddable":true,"href":"https:\/\/elvinodelaspiedras.es\/en\/wp-json\/wp\/v2\/comments?post=4128"}],"version-history":[{"count":1,"href":"https:\/\/elvinodelaspiedras.es\/en\/wp-json\/wp\/v2\/posts\/4128\/revisions"}],"predecessor-version":[{"id":5833,"href":"https:\/\/elvinodelaspiedras.es\/en\/wp-json\/wp\/v2\/posts\/4128\/revisions\/5833"}],"wp:featuredmedia":[{"embeddable":true,"href":"https:\/\/elvinodelaspiedras.es\/en\/wp-json\/wp\/v2\/media\/4129"}],"wp:attachment":[{"href":"https:\/\/elvinodelaspiedras.es\/en\/wp-json\/wp\/v2\/media?parent=4128"}],"wp:term":[{"taxonomy":"category","embeddable":true,"href":"https:\/\/elvinodelaspiedras.es\/en\/wp-json\/wp\/v2\/categories?post=4128"},{"taxonomy":"post_tag","embeddable":true,"href":"https:\/\/elvinodelaspiedras.es\/en\/wp-json\/wp\/v2\/tags?post=4128"}],"curies":[{"name":"wp","href":"https:\/\/api.w.org\/{rel}","templated":true}]}}