{"id":4130,"date":"2019-06-17T00:00:00","date_gmt":"2019-06-17T00:00:00","guid":{"rendered":"http:\/\/elvinodelaspiedras.local\/casi-7000-clientes-de-restaurantes-de-zaragoza-han-disfrutado-los-vinos-y-premios-del-festival-de-las-piedras\/"},"modified":"2020-11-13T12:29:27","modified_gmt":"2020-11-13T12:29:27","slug":"casi-7000-clientes-de-restaurantes-de-zaragoza-han-disfrutado-los-vinos-y-premios-del-festival-de-las-piedras","status":"publish","type":"post","link":"https:\/\/elvinodelaspiedras.es\/en\/comunicacion\/noticias\/casi-7000-clientes-de-restaurantes-de-zaragoza-han-disfrutado-los-vinos-y-premios-del-festival-de-las-piedras\/","title":{"rendered":"Casi 7.000 clientes de restaurantes de Zaragoza han disfrutado los vinos y premios del festival de las piedras"},"content":{"rendered":"<p>La <strong>Denominaci\u00f3n<\/strong><strong> de Origen Protegida Cari\u00f1ena <\/strong>ha <strong>entregado 2.500 premios<\/strong> en la <strong>primera edici\u00f3n<\/strong> del <strong>Festival de las Piedras<\/strong>, su nueva campa\u00f1a con la colaboraci\u00f3n de la  <strong>Asociaci\u00f3n<\/strong><strong> de Restaurantes Horeca Zaragoza<\/strong>. Con esta promoci\u00f3n, se ha propuesto a lo largo de <strong>16 d\u00edas<\/strong>, del 1 al 16 de junio, a <strong>todos los clientes<\/strong> de <strong>15 reconocidos restaurantes<\/strong> zaragozanos maridar su comida o cena con <strong>Vino de las Piedras<\/strong> -la marca con que se conocen todos los vinos de Cari\u00f1ena- eligiendo entre una selecci\u00f3n de <strong>14 marcas de siete bodegas<\/strong> distintas. Con cada botella, los comensales han obtenido una tarjeta rasca con <strong>obsequio seguro<\/strong> y as\u00ed se han repartido <strong>500 invitaciones dobles<\/strong> a las <strong>dos degustaciones exclusivas<\/strong> con las que se cerrar\u00e1 la campa\u00f1a y <strong>2.000<\/strong> <strong> botellas de vino<\/strong> de la Denominaci\u00f3n.<\/p>\n<p><strong>Jos\u00e9 Luis Campos<\/strong>, <strong>director de Comunicaci\u00f3n y Marketing<\/strong> de la D.O.P. Cari\u00f1ena, ha realizado una positiva valoraci\u00f3n de esta primera fase: &#8220;El <strong>objetivo del Festival de las Piedras<\/strong> es que el <strong>p\u00fablico conozca la variedad y calidad de los vinos<\/strong> que elaboran actualmente las bodegas de la Denominaci\u00f3n y no podemos estar m\u00e1s satisfechos. Las 2.500 botellas consumidas suponen que hemos <strong>llegado a cerca de 7.000 clientes<\/strong>, desde turistas con poco conocimiento del Vino de las Piedras, a aficionados que son consumidores habituales pero que con la campa\u00f1a se han decidido, por ejemplo, <strong>a probar nuevas marcas que no conoc\u00edan<\/strong>&#8220;.<\/p>\n<p>Campos ha destacado la excelente recepci\u00f3n de la campa\u00f1a, tanto en n\u00famero de participantes, &#8220;y as\u00ed en <strong>muchos establecimientos <\/strong>se ha rondado en<strong> bastantes momentos el 100% de mesas ocupadas con vinos de la Denominaci\u00f3n<\/strong>&#8220;, como en los <strong>comentarios<\/strong> de los participantes, &#8220;que han sido un\u00e1nimes en alabar la <strong>calidad y sabor de los vinos<\/strong> servidos, por eso ahora confiamos en que todos se <strong>conviertan en prescriptores de Cari\u00f1ena<\/strong>&#8220;.<\/p>\n<p>El fin de la promoci\u00f3n en restaurantes, no supone sin embargo el del Festival de las Piedras, ya que el elemento m\u00e1s original de esta promoci\u00f3n, y que ha despertado <strong>gran inter\u00e9s entre los participantes<\/strong>, son las <strong>dos degustaciones exclusivas amenizadas con m\u00fasica<\/strong> que se ofrec\u00edan como premio y que tendr\u00e1n lugar en la <strong>sala Multiusos del Auditorio de Zaragoza<\/strong>, los pr\u00f3ximos <strong>d\u00edas 28 y 29<\/strong>.<\/p>\n<p>En estas dos veladas, quienes hayan conseguido su invitaci\u00f3n para dos personas en el restaurante podr\u00e1n <strong>degustar gratuitamente los 14 vinos de la promoci\u00f3n -siete cada persona- en un cuidado ambiente<\/strong>, con mesas, sillas y picoteo para catarlos c\u00f3modamente. Adem\u00e1s, cada tarde estar\u00e1 amenizada por una gran <strong>actuaci\u00f3n musical<\/strong>: el <strong>d\u00eda 28 <\/strong>con la<strong> banda de tributo a Abba<\/strong>,y el<strong> d\u00eda 29 <\/strong>con Abbey Road, <strong>banda de tributo a The Beatles<\/strong>. Como \u00faltimo aliciente, con la invitaci\u00f3n <strong>se sortear\u00e1n valiosos premios<\/strong>: <strong>cenas<\/strong> <strong>para dos<\/strong> en los restaurantes participantes y un viaje cada d\u00eda, el viernes a Estocolmo y el s\u00e1bado a Liverpool.<\/p>\n<p>El director de Comunicaci\u00f3n de la D.O.P. Cari\u00f1ena ha destacado que este <strong>premio<\/strong> ha sido <strong>muy bien valorado por los participantes<\/strong> en la campa\u00f1a y ha dado lugar a an\u00e9cdotas como mesas pidiendo m\u00e1s botellas de Vino de las Piedras para <strong>conseguir invitaciones para todo el grupo<\/strong> o turistas que volver\u00e1n a Zaragoza solo para disfrutar su premio, &#8220;y que as\u00ed van a seguir manteniendo la atenci\u00f3n sobre nuestros vinos&#8221;.<\/p>\n<p>Jos\u00e9 Luis Campos recuerda que la <strong>entrada a estas dos degustaciones solo<\/strong> se ha podido conseguir <strong>participando en la campa\u00f1a del Festival de las Piedras<\/strong>. Pero quienes no lo hayan logrado con su rasca ganador en el restaurante, tienen una <strong>\u00faltima oportunidad,<\/strong> participando en los concursos que todav\u00eda se organizar\u00e1n a trav\u00e9s de las <strong>redes sociales -Twitter, Facebook e Instagram- del Vino de las Piedras. <\/strong><\/p>\n<p>En la degustaci\u00f3n del s\u00e1bado se dar\u00e1 tambi\u00e9n a conocer al ganador del \u00faltimo premio del Festival de las Piedras, ya que junto con el regalo seguro de botella o invitaci\u00f3n, los participantes en la campa\u00f1a han podido rellenar un <strong>cup\u00f3n para el sorteo &#8220;Tu Peso en Vino&#8221;<\/strong>; una posibilidad que tambi\u00e9n ha atra\u00eddo a todos. Para la entrega, se preparar\u00e1 un acto que ser\u00e1 el colof\u00f3n a una promoci\u00f3n que se destaca como un hito entre las actividades de la Denominaci\u00f3n de Origen Protegida Cari\u00f1ena.<\/p>\n<p><strong>LA DENOMINACI\u00d3N CARI\u00d1ENA EN LOS RESTAURANTES<\/strong><\/p>\n<p>El <strong>Festival de las Piedras<\/strong> es <strong>heredero<\/strong> de la <strong>anterior campa\u00f1a<\/strong> de la D.O.P. en colaboraci\u00f3n con Horeca Zaragoza, <strong>&#8220;Sorpresas en el Restaurante&#8221;<\/strong>, que celebr\u00f3 tres ediciones entre 2016 y 2018, y tambi\u00e9n ofrec\u00eda un regalo seguro a los clientes de restaurantes que eleg\u00edan el Vino de las Piedras.<\/p>\n<p>El <strong>\u00e9xito<\/strong> de esta promoci\u00f3n <strong>entre los clientes y los establecimientos<\/strong> llev\u00f3 a plantear este <strong>nuevo formato<\/strong>, que, como principal novedad, ha <strong>aumentado notablemente la duraci\u00f3n<\/strong>, pasando <strong>de dos fines de semana<\/strong>, de viernes a domingo, <strong>a 16 d\u00edas<\/strong> <strong>consecutivos<\/strong>, por primera vez tambi\u00e9n de lunes a jueves. Y ha recuperado adem\u00e1s, con el broche de oro de las dos degustaciones, <strong>el esp\u00edritu del Sal\u00f3n del Vino de las Piedras<\/strong>, otra exitosa iniciativa que durante tres a\u00f1os puso en marcha la Denominaci\u00f3n.<\/p>\n<p>Con estos cambios, se han consumido <strong>m\u00e1s del doble de botellas que en la edici\u00f3n de 2018<\/strong>. As\u00ed, el <strong>a\u00f1o pasado<\/strong> se repartieron <strong>1.200 rascas<\/strong> con premio seguro.<\/p>\n<p>Las <strong>bodegas<\/strong> de la D.O.P. Cari\u00f1ena que participan en el Festival de las Piedras son <strong>Esteban Mart\u00edn, Hermanos Torcal, Paniza, San Valero, Solar de Urbezo, Covinca y Grandes Vinos<\/strong>; cada una est\u00e1 presente con dos de sus marcas, que son los que se pudieron consumir en los restaurantes y se podr\u00e1n catar en las dos degustaciones amenizadas con m\u00fasica. En concreto, son <strong>cinco vinos blancos <\/strong>(Esteban Mart\u00edn Blanco 2018 Chardonnay Macabeo, Marqu\u00e9s de Fuendetodos Chardonnay-Macabeo, Particular Chardonnay Moscatel de Alejandr\u00eda, Urbezo Chardonnay 2018, Clave de Sol Chardonnay 2018 y Corona de Arag\u00f3n Garnacha Blanca 2017),<strong> dos vinos rosados <\/strong>(F\u00e1bula Garnacha Rosado 2018 y Esteban Mart\u00edn Rosado 2018 Garnacha Tinta)<strong> y cinco tintos <\/strong>(Cachirulo Garnacha-Syrah 2016, F\u00e1bula Garnacha Joven, Particular Tinto Garnacha Joven, Los Cabos de Urbezo Garnacha 2017, Terrai Old Vine Garnacha Roble 2017 y Monasterio de las Vi\u00f1as Garnacha Vi\u00f1as Viejas 2016).<\/p>\n<p>Por otra parte, los restaurantes en donde se han repartido los premios han sido este a\u00f1o <strong>+Albarrac\u00edn, Casa Lac, D&#8217;Arte, El Cachirulo, El Candelas, El Chalet, El Foro, La Matilde, La Rinconada de Lorenzo, Los Xarmientos, Novodabo, La Parrilla de Albarrac\u00edn, Quema, Teatro Principal y Tul\u00fa<\/strong>. La mayor\u00eda de ellos ya fueron participantes ya en las anteriores campa\u00f1as, lo que muestra el inter\u00e9s de los establecimientos hosteleros por esta iniciativa.<\/p>\n<p>Tanto desde la D.O.P. Cari\u00f1ena como desde Horeca Zaragoza se ha destacado el \u00e9xito de la campa\u00f1a. <strong>Luis Vaquer, presidente de la Asociaci\u00f3n de Restaurantes de Zaragoza<\/strong>, ha subrayado que los vinos de Cari\u00f1ena &#8220;son una parte principal de la bodega de cualquier restaurante porque los profesionales sabemos de su calidad&#8221;.<\/p>\n<hr>\n<figure id=\"attachment_498\" aria-describedby=\"caption-attachment-498\" style=\"width: 300px\" class=\"wp-caption alignnone\"><a href=\"\/_archivos\/imagenes\/3654.jpg\" target=\"_blank\" rel=\"noopener noreferrer\"><img decoding=\"async\" class=\"size-medium\" src=\"\/_archivos\/imagenes\/300\/3654.jpg\" alt=\"El Festival de las Piedras de la D.O.P. Cari\u00f1ena ha repartido 2.500 premios en restaurantes de Zarag\" title=\"El Festival de las Piedras de la D.O.P. Cari\u00f1ena ha repartido 2.500 premios en restaurantes de Zarag\" width=\"300\" height=\"auto\" \/><\/a><figcaption id=\"caption-attachment-498\" class=\"wp-caption-text\"><a href=\"\/_archivos\/imagenes\/3654.jpg\" target=\"_blank\" rel=\"noopener noreferrer\">Descargar imagen<\/a><\/figcaption><\/figure>\n<figure id=\"attachment_498\" aria-describedby=\"caption-attachment-498\" style=\"width: 300px\" class=\"wp-caption alignnone\"><a href=\"\/_archivos\/imagenes\/3655.jpg\" target=\"_blank\" rel=\"noopener noreferrer\"><img decoding=\"async\" class=\"size-medium\" src=\"\/_archivos\/imagenes\/300\/3655.jpg\" alt=\"El Festival de las Piedras de la D.O.P. Cari\u00f1ena ha repartido 2.500 premios en restaurantes de Zarag\" title=\"El Festival de las Piedras de la D.O.P. Cari\u00f1ena ha repartido 2.500 premios en restaurantes de Zarag\" width=\"300\" height=\"auto\" \/><\/a><figcaption id=\"caption-attachment-498\" class=\"wp-caption-text\"><a href=\"\/_archivos\/imagenes\/3655.jpg\" target=\"_blank\" rel=\"noopener noreferrer\">Descargar imagen<\/a><\/figcaption><\/figure>\n<figure id=\"attachment_498\" aria-describedby=\"caption-attachment-498\" style=\"width: 300px\" class=\"wp-caption alignnone\"><a href=\"\/_archivos\/imagenes\/3656.jpg\" target=\"_blank\" rel=\"noopener noreferrer\"><img decoding=\"async\" class=\"size-medium\" src=\"\/_archivos\/imagenes\/300\/3656.jpg\" alt=\"El Festival de las Piedras de la D.O.P. Cari\u00f1ena ha repartido 2.500 premios en restaurantes de Zarag\" title=\"El Festival de las Piedras de la D.O.P. Cari\u00f1ena ha repartido 2.500 premios en restaurantes de Zarag\" width=\"300\" height=\"auto\" \/><\/a><figcaption id=\"caption-attachment-498\" class=\"wp-caption-text\"><a href=\"\/_archivos\/imagenes\/3656.jpg\" target=\"_blank\" rel=\"noopener noreferrer\">Descargar imagen<\/a><\/figcaption><\/figure>\n<figure id=\"attachment_498\" aria-describedby=\"caption-attachment-498\" style=\"width: 300px\" class=\"wp-caption alignnone\"><a href=\"\/_archivos\/imagenes\/3657.jpg\" target=\"_blank\" rel=\"noopener noreferrer\"><img decoding=\"async\" class=\"size-medium\" src=\"\/_archivos\/imagenes\/300\/3657.jpg\" alt=\"El Festival de las Piedras de la D.O.P. Cari\u00f1ena ha repartido 2.500 premios en restaurantes de Zarag\" title=\"El Festival de las Piedras de la D.O.P. Cari\u00f1ena ha repartido 2.500 premios en restaurantes de Zarag\" width=\"300\" height=\"auto\" \/><\/a><figcaption id=\"caption-attachment-498\" class=\"wp-caption-text\"><a href=\"\/_archivos\/imagenes\/3657.jpg\" target=\"_blank\" rel=\"noopener noreferrer\">Descargar imagen<\/a><\/figcaption><\/figure>\n<figure id=\"attachment_498\" aria-describedby=\"caption-attachment-498\" style=\"width: 300px\" class=\"wp-caption alignnone\"><a href=\"\/_archivos\/imagenes\/3658.jpg\" target=\"_blank\" rel=\"noopener noreferrer\"><img decoding=\"async\" class=\"size-medium\" src=\"\/_archivos\/imagenes\/300\/3658.jpg\" alt=\"El Festival de las Piedras de la D.O.P. Cari\u00f1ena ha repartido 2.500 premios en restaurantes de Zarag\" title=\"El Festival de las Piedras de la D.O.P. Cari\u00f1ena ha repartido 2.500 premios en restaurantes de Zarag\" width=\"300\" height=\"auto\" \/><\/a><figcaption id=\"caption-attachment-498\" class=\"wp-caption-text\"><a href=\"\/_archivos\/imagenes\/3658.jpg\" target=\"_blank\" rel=\"noopener noreferrer\">Descargar imagen<\/a><\/figcaption><\/figure>\n<figure id=\"attachment_498\" aria-describedby=\"caption-attachment-498\" style=\"width: 300px\" class=\"wp-caption alignnone\"><a href=\"\/_archivos\/imagenes\/3659.jpg\" target=\"_blank\" rel=\"noopener noreferrer\"><img decoding=\"async\" class=\"size-medium\" src=\"\/_archivos\/imagenes\/300\/3659.jpg\" alt=\"El Festival de las Piedras de la D.O.P. Cari\u00f1ena ha repartido 2.500 premios en restaurantes de Zarag\" title=\"El Festival de las Piedras de la D.O.P. Cari\u00f1ena ha repartido 2.500 premios en restaurantes de Zarag\" width=\"300\" height=\"auto\" \/><\/a><figcaption id=\"caption-attachment-498\" class=\"wp-caption-text\"><a href=\"\/_archivos\/imagenes\/3659.jpg\" target=\"_blank\" rel=\"noopener noreferrer\">Descargar imagen<\/a><\/figcaption><\/figure>\n<figure id=\"attachment_498\" aria-describedby=\"caption-attachment-498\" style=\"width: 300px\" class=\"wp-caption alignnone\"><a href=\"\/_archivos\/imagenes\/3660.jpg\" target=\"_blank\" rel=\"noopener noreferrer\"><img decoding=\"async\" class=\"size-medium\" src=\"\/_archivos\/imagenes\/300\/3660.jpg\" alt=\"El Festival de las Piedras de la D.O.P. Cari\u00f1ena ha repartido 2.500 premios en restaurantes de Zarag\" title=\"El Festival de las Piedras de la D.O.P. Cari\u00f1ena ha repartido 2.500 premios en restaurantes de Zarag\" width=\"300\" height=\"auto\" \/><\/a><figcaption id=\"caption-attachment-498\" class=\"wp-caption-text\"><a href=\"\/_archivos\/imagenes\/3660.jpg\" target=\"_blank\" rel=\"noopener noreferrer\">Descargar imagen<\/a><\/figcaption><\/figure>\n<figure id=\"attachment_498\" aria-describedby=\"caption-attachment-498\" style=\"width: 300px\" class=\"wp-caption alignnone\"><a href=\"\/_archivos\/imagenes\/3661.jpg\" target=\"_blank\" rel=\"noopener noreferrer\"><img decoding=\"async\" class=\"size-medium\" src=\"\/_archivos\/imagenes\/300\/3661.jpg\" alt=\"El Festival de las Piedras de la D.O.P. Cari\u00f1ena ha repartido 2.500 premios en restaurantes de Zarag\" title=\"El Festival de las Piedras de la D.O.P. Cari\u00f1ena ha repartido 2.500 premios en restaurantes de Zarag\" width=\"300\" height=\"auto\" \/><\/a><figcaption id=\"caption-attachment-498\" class=\"wp-caption-text\"><a href=\"\/_archivos\/imagenes\/3661.jpg\" target=\"_blank\" rel=\"noopener noreferrer\">Descargar imagen<\/a><\/figcaption><\/figure>\n<figure id=\"attachment_498\" aria-describedby=\"caption-attachment-498\" style=\"width: 300px\" class=\"wp-caption alignnone\"><a href=\"\/_archivos\/imagenes\/3662.jpg\" target=\"_blank\" rel=\"noopener noreferrer\"><img decoding=\"async\" class=\"size-medium\" src=\"\/_archivos\/imagenes\/300\/3662.jpg\" alt=\"El Festival de las Piedras de la D.O.P. Cari\u00f1ena ha repartido 2.500 premios en restaurantes de Zarag\" title=\"El Festival de las Piedras de la D.O.P. Cari\u00f1ena ha repartido 2.500 premios en restaurantes de Zarag\" width=\"300\" height=\"auto\" \/><\/a><figcaption id=\"caption-attachment-498\" class=\"wp-caption-text\"><a href=\"\/_archivos\/imagenes\/3662.jpg\" target=\"_blank\" rel=\"noopener noreferrer\">Descargar imagen<\/a><\/figcaption><\/figure>    \t<\/p>\n","protected":false},"excerpt":{"rendered":"<p>La Denominaci\u00f3n de Origen Protegida Cari\u00f1ena ha entregado 2.500 premios en la primera edici\u00f3n del Festival de las Piedras, su nueva campa\u00f1a con la colaboraci\u00f3n de la Asociaci\u00f3n de Restaurantes Horeca Zaragoza. Con esta promoci\u00f3n, se ha propuesto a lo largo de 16 d\u00edas, del 1 al 16 de junio, a todos los clientes de &hellip;<\/p>\n","protected":false},"author":6,"featured_media":4131,"comment_status":"closed","ping_status":"closed","sticky":false,"template":"","format":"standard","meta":{"_genesis_hide_title":false,"_genesis_hide_breadcrumbs":false,"_genesis_hide_singular_image":false,"_genesis_hide_footer_widgets":false,"_genesis_custom_body_class":"","_genesis_custom_post_class":"","_genesis_layout":"","ngg_post_thumbnail":0,"footnotes":""},"categories":[1],"tags":[],"class_list":{"0":"post-4130","1":"post","2":"type-post","3":"status-publish","4":"format-standard","5":"has-post-thumbnail","7":"category-noticias","8":"entry"},"_links":{"self":[{"href":"https:\/\/elvinodelaspiedras.es\/en\/wp-json\/wp\/v2\/posts\/4130"}],"collection":[{"href":"https:\/\/elvinodelaspiedras.es\/en\/wp-json\/wp\/v2\/posts"}],"about":[{"href":"https:\/\/elvinodelaspiedras.es\/en\/wp-json\/wp\/v2\/types\/post"}],"author":[{"embeddable":true,"href":"https:\/\/elvinodelaspiedras.es\/en\/wp-json\/wp\/v2\/users\/6"}],"replies":[{"embeddable":true,"href":"https:\/\/elvinodelaspiedras.es\/en\/wp-json\/wp\/v2\/comments?post=4130"}],"version-history":[{"count":1,"href":"https:\/\/elvinodelaspiedras.es\/en\/wp-json\/wp\/v2\/posts\/4130\/revisions"}],"predecessor-version":[{"id":5832,"href":"https:\/\/elvinodelaspiedras.es\/en\/wp-json\/wp\/v2\/posts\/4130\/revisions\/5832"}],"wp:featuredmedia":[{"embeddable":true,"href":"https:\/\/elvinodelaspiedras.es\/en\/wp-json\/wp\/v2\/media\/4131"}],"wp:attachment":[{"href":"https:\/\/elvinodelaspiedras.es\/en\/wp-json\/wp\/v2\/media?parent=4130"}],"wp:term":[{"taxonomy":"category","embeddable":true,"href":"https:\/\/elvinodelaspiedras.es\/en\/wp-json\/wp\/v2\/categories?post=4130"},{"taxonomy":"post_tag","embeddable":true,"href":"https:\/\/elvinodelaspiedras.es\/en\/wp-json\/wp\/v2\/tags?post=4130"}],"curies":[{"name":"wp","href":"https:\/\/api.w.org\/{rel}","templated":true}]}}