{"id":4132,"date":"2019-06-27T00:00:00","date_gmt":"2019-06-27T00:00:00","guid":{"rendered":"http:\/\/elvinodelaspiedras.local\/el-festival-de-las-piedras-pone-su-broche-final-con-dos-degustaciones-exclusivas-en-las-que-sus-vinos-se-unen-con-la-mejor-musica-y-grandes-premios\/"},"modified":"2020-11-13T12:29:27","modified_gmt":"2020-11-13T12:29:27","slug":"el-festival-de-las-piedras-pone-su-broche-final-con-dos-degustaciones-exclusivas-en-las-que-sus-vinos-se-unen-con-la-mejor-musica-y-grandes-premios","status":"publish","type":"post","link":"https:\/\/elvinodelaspiedras.es\/en\/comunicacion\/noticias\/el-festival-de-las-piedras-pone-su-broche-final-con-dos-degustaciones-exclusivas-en-las-que-sus-vinos-se-unen-con-la-mejor-musica-y-grandes-premios\/","title":{"rendered":"El festival de las piedras pone su broche final con dos degustaciones exclusivas en las que sus vinos se unen con la mejor m\u00fasica y grandes premios"},"content":{"rendered":"<p><strong>Mil afortunados<\/strong> disfrutar\u00e1n este <strong>fin de semana<\/strong> de las <strong>dos degustaciones con concierto<\/strong> que ponen el <strong>&#8220;broche de oro&#8221;<\/strong> al <strong>Festival de las Piedras<\/strong>, la <strong>campa\u00f1a promocional<\/strong> que ha desarrollado durante junio la <strong>Denominaci\u00f3n de Origen Protegida Cari\u00f1ena<\/strong>. Un acontecimiento que ha causado gran expectaci\u00f3n y <strong>nadie querr\u00e1 perderse<\/strong> porque <strong>suma tres alicientes<\/strong>: catar una amplia variedad de <strong>Vinos de las Piedras de Cari\u00f1ena<\/strong> en un cuidado ambiente, escuchar la <strong>m\u00fasica<\/strong> de dos de los grupos m\u00e1s aplaudidos del siglo XX y optar a ganar <strong>valiosos premios<\/strong>.<\/p>\n<p>Estas dos degustaciones amenizadas con m\u00fasica en directo son el <strong>culmen de la campa\u00f1a Festival de las Piedras<\/strong> tras la <strong>fase en restaurantes<\/strong>, que se ha celebr\u00f3 <strong>del 1 al 16 de junio<\/strong>, en <strong>15 reconocidos restaurantes zaragozanos<\/strong>. Durante estos d\u00edas, todos los clientes tuvieron un <strong>regalo seguro<\/strong> por elegir para acompa\u00f1ar su comida o cena entre una <strong>selecci\u00f3n de 14 marcas<\/strong> de <strong>siete bodegas<\/strong> de la <strong>D.O.P. Cari\u00f1ena<\/strong>. As\u00ed, se han <strong>entregaron 2.500 premios<\/strong>: <strong>2.000 botellas de vino<\/strong> de la Denominaci\u00f3n y <strong>500 invitaciones dobles, <\/strong>250 para cada sesi\u00f3n, que permiten el acceso exclusivo. No obstante, si el ganador finalmente no pudiera acudir, <strong>puede transferir su entrada doble<\/strong> a otras personas.<\/p>\n<p><strong>7.000 PERSONAS PARTICIPARON EN LA CAMPA\u00d1A DESARROLLADA EN RESTAURANTES DE ZARAGOZA<\/strong><\/p>\n<p>La fase en restaurantes ya ha permitido que unos <strong>7.000 participantes en la campa\u00f1a realizada en restaurantes<\/strong> conozcan la <strong>variedad y calidad de los actuales vinos de Cari\u00f1ena<\/strong>. Estas dos veladas de cierre aspiran a convertir a los asistentes en &#8220;embajadores de la Denominaci\u00f3n&#8221;, a la vez que muestran que &#8220;<strong>el vino es cultura<\/strong>&#8220;, seg\u00fan destaca el <strong>presidente del Consejo Regulador, Ignacio Casamitjana<\/strong>. As\u00ed, con la invitaci\u00f3n se podr\u00e1n <strong>degustar gratuitamente los vinos de la promoci\u00f3n en un cuidado ambiente<\/strong>, con mesas, sillas y picoteo para catarlos c\u00f3modamente. Adem\u00e1s, cada tarde estar\u00e1 amenizada por una gran <strong>actuaci\u00f3n musical<\/strong>, y se sortear\u00e1n los <strong>premios<\/strong> de <strong>cenas<\/strong> para dos personas en los restaurantes participantes y un <strong>viaje internacional<\/strong>.<\/p>\n<p>Las dos degustaciones se celebran en la <strong>sala Multiusos del Auditorio de Zaragoza<\/strong>, convertido para la ocasi\u00f3n en un <strong>Sal\u00f3n del Vino de las Piedras<\/strong>. El <strong>d\u00eda 28<\/strong>, <strong>viernes<\/strong>, abrir\u00e1 sus puertas, a las 20.00 horas, con la actuaci\u00f3n de la<strong> banda Tribut Abba<\/strong>, uno de las mejores grupos de tributo al grupo sueco y as\u00ed el destino del <strong>premio del viaje<\/strong> ser\u00e1 <strong>Estocolmo<\/strong>.<\/p>\n<p>Al d\u00eda siguiente,<strong> s\u00e1bado 29<\/strong>, los afortunados con otras 250 entradas dobles catar\u00e1n los Vinos de las Piedras con la actuaci\u00f3n musical de Abbey Road, <strong>banda de tributo a The Beatles<\/strong>. No faltar\u00e1n tampoco los sorteos de cenas y el <strong>viaje<\/strong>, que, naturalmente, este d\u00eda permitir\u00e1 a los ganadores conocer<strong> Liverpool<\/strong>.<\/p>\n<p>Los dos d\u00edas abrir\u00e1n su stand propio las siete <strong>bodegas<\/strong> de la D.O.P. Cari\u00f1ena que participan en el Festival de las Piedras <strong>Esteban Mart\u00edn, Hermanos Torcal, Paniza, San Valero, Solar de Urbezo, Covinca y Grandes Vinos<\/strong>. Cada una servir\u00e1 dos de sus marcas, las que ya se pudieron consumir en los restaurantes.<\/p>\n<p>As\u00ed, se podr\u00e1n degustar <strong>cinco vinos blancos <\/strong>(Esteban Mart\u00edn Blanco 2018 Chardonnay Macabeo, Marqu\u00e9s de Fuendetodos Chardonnay-Macabeo, Particular Chardonnay Moscatel de Alejandr\u00eda, Urbezo Chardonnay 2018, Clave de Sol Chardonnay 2018 y Corona de Arag\u00f3n Garnacha Blanca 2017),<strong> dos vinos rosados <\/strong>(F\u00e1bula Garnacha Rosado 2018 y Esteban Mart\u00edn Rosado 2018 Garnacha Tinta)<strong> y cinco tintos <\/strong>(Cachirulo Garnacha-Syrah 2016, F\u00e1bula Garnacha Joven, Particular Tinto Garnacha Joven, Los Cabos de Urbezo Garnacha 2017, Terrai Old Vine Garnacha Roble 2017 y Monasterio de las Vi\u00f1as Garnacha Vi\u00f1as Viejas 2016).<\/p>\n<p>Este <strong>original premio<\/strong>, ha sido <strong>muy bien valorado <\/strong>por los participantes en la campa\u00f1a en la fase de restaurantes, tambi\u00e9n ha despertado gran <strong>atenci\u00f3n en las redes sociales<\/strong>, donde se han sorteado m\u00e1s invitaciones dobles entre los seguidores de las cuentas de Facebook, Twitter e Instagram. Declaraciones como <strong>&#8220;una sorpresa muy agradable, me encanta el vino, me gusta probarlos y soy muy fan tanto de los Beatles como de Abba&#8221;<\/strong>, resumen la alegr\u00eda de quienes se han encontrado con este premio, conscientes de que se trata de una <strong>oportunidad \u00fanica<\/strong> con su <strong>combinaci\u00f3n<\/strong> de los excelentes <strong>vinos de la D.O.P. Cari\u00f1ena y las canciones de dos cl\u00e1sicos<\/strong> que siguen entusiasmando a fans de todas las edades.<\/p>\n<p><strong>SORTEO DE &#8220;TU PESO EN VINO&#8221; ENTRE TODOS LOS PARTICIPANTES<\/strong><\/p>\n<p><strong>Jos\u00e9 Luis Campos<\/strong>, <strong>director de Comunicaci\u00f3n y Marketing<\/strong> <strong>de la D.O.P. Cari\u00f1ena<\/strong>, ha destacado que <strong>el gran inter\u00e9s que han despertado las dos degustaciones<\/strong> ya que durante la fase de restaurantes ha habido quienes han <strong>acudido expresamente para conseguir su invitaci\u00f3n<\/strong>, grupos de comensales sorte\u00e1ndose entre ellos qui\u00e9n se quedaba con la obtenida o <strong>turistas planeando su vuelta a Zaragoza<\/strong> para no perderse la ocasi\u00f3n. &#8220;Como las <strong>entradas son transferibles<\/strong> y los ganadores que no puedan asistir se la han podido ceder a quien deseen, <strong>nadie se va a perder el evento<\/strong> y los <strong>Vinos de las Piedras van ser los protagonistas <\/strong>de este fin de semana&#8221;, se\u00f1ala.<\/p>\n<p>En la <strong>degustaci\u00f3n del s\u00e1bado 29<\/strong> se dar\u00e1 tambi\u00e9n a conocer al ganador del \u00faltimo premio del Festival de las Piedras, ya que <strong>junto con el regalo seguro de botella de vino o invitaci\u00f3n<\/strong>, los participantes en la campa\u00f1a han podido rellenar un <strong>cup\u00f3n para el sorteo &#8220;Tu Peso en Vino&#8221;<\/strong>. As\u00ed por ejemplo, una persona que pese unos <strong>70 kilos podr\u00eda ganar hasta un centenar de botellas<\/strong> -de 75 cl- del Vino de las Piedras. Una posibilidad que tambi\u00e9n ha atra\u00eddo a todos. Para la entrega, se preparar\u00e1 un acto que ser\u00e1 el <strong>colof\u00f3n a una promoci\u00f3n que ya es un nuevo hito <\/strong>entre las actividades de la Denominaci\u00f3n de Origen Protegida Cari\u00f1ena.<\/p>\n<hr>\n<figure id=\"attachment_499\" aria-describedby=\"caption-attachment-499\" style=\"width: 300px\" class=\"wp-caption alignnone\"><a href=\"\/_archivos\/imagenes\/2350.jpg\" target=\"_blank\" rel=\"noopener noreferrer\"><img decoding=\"async\" class=\"size-medium\" src=\"\/_archivos\/imagenes\/300\/2350.jpg\" alt=\"Sal\u00f3n Vino Piedras\" title=\"Sal\u00f3n Vino Piedras\" width=\"300\" height=\"auto\" \/><\/a><figcaption id=\"caption-attachment-499\" class=\"wp-caption-text\"><a href=\"\/_archivos\/imagenes\/2350.jpg\" target=\"_blank\" rel=\"noopener noreferrer\">Descargar imagen<\/a><\/figcaption><\/figure>\n<figure id=\"attachment_499\" aria-describedby=\"caption-attachment-499\" style=\"width: 300px\" class=\"wp-caption alignnone\"><a href=\"\/_archivos\/imagenes\/2601.jpg\" target=\"_blank\" rel=\"noopener noreferrer\"><img decoding=\"async\" class=\"size-medium\" src=\"\/_archivos\/imagenes\/300\/2601.jpg\" alt=\"11\" title=\"11\" width=\"300\" height=\"auto\" \/><\/a><figcaption id=\"caption-attachment-499\" class=\"wp-caption-text\"><a href=\"\/_archivos\/imagenes\/2601.jpg\" target=\"_blank\" rel=\"noopener noreferrer\">Descargar imagen<\/a><\/figcaption><\/figure>\n<figure id=\"attachment_499\" aria-describedby=\"caption-attachment-499\" style=\"width: 300px\" class=\"wp-caption alignnone\"><a href=\"\/_archivos\/imagenes\/2608.jpg\" target=\"_blank\" rel=\"noopener noreferrer\"><img decoding=\"async\" class=\"size-medium\" src=\"\/_archivos\/imagenes\/300\/2608.jpg\" alt=\"18\" title=\"18\" width=\"300\" height=\"auto\" \/><\/a><figcaption id=\"caption-attachment-499\" class=\"wp-caption-text\"><a href=\"\/_archivos\/imagenes\/2608.jpg\" target=\"_blank\" rel=\"noopener noreferrer\">Descargar imagen<\/a><\/figcaption><\/figure>    \t<\/p>\n","protected":false},"excerpt":{"rendered":"<p>Mil afortunados disfrutar\u00e1n este fin de semana de las dos degustaciones con concierto que ponen el &#8220;broche de oro&#8221; al Festival de las Piedras, la campa\u00f1a promocional que ha desarrollado durante junio la Denominaci\u00f3n de Origen Protegida Cari\u00f1ena. Un acontecimiento que ha causado gran expectaci\u00f3n y nadie querr\u00e1 perderse porque suma tres alicientes: catar una &hellip;<\/p>\n","protected":false},"author":6,"featured_media":4133,"comment_status":"closed","ping_status":"closed","sticky":false,"template":"","format":"standard","meta":{"_genesis_hide_title":false,"_genesis_hide_breadcrumbs":false,"_genesis_hide_singular_image":false,"_genesis_hide_footer_widgets":false,"_genesis_custom_body_class":"","_genesis_custom_post_class":"","_genesis_layout":"","ngg_post_thumbnail":0,"footnotes":""},"categories":[1],"tags":[],"class_list":{"0":"post-4132","1":"post","2":"type-post","3":"status-publish","4":"format-standard","5":"has-post-thumbnail","7":"category-noticias","8":"entry"},"_links":{"self":[{"href":"https:\/\/elvinodelaspiedras.es\/en\/wp-json\/wp\/v2\/posts\/4132"}],"collection":[{"href":"https:\/\/elvinodelaspiedras.es\/en\/wp-json\/wp\/v2\/posts"}],"about":[{"href":"https:\/\/elvinodelaspiedras.es\/en\/wp-json\/wp\/v2\/types\/post"}],"author":[{"embeddable":true,"href":"https:\/\/elvinodelaspiedras.es\/en\/wp-json\/wp\/v2\/users\/6"}],"replies":[{"embeddable":true,"href":"https:\/\/elvinodelaspiedras.es\/en\/wp-json\/wp\/v2\/comments?post=4132"}],"version-history":[{"count":1,"href":"https:\/\/elvinodelaspiedras.es\/en\/wp-json\/wp\/v2\/posts\/4132\/revisions"}],"predecessor-version":[{"id":5831,"href":"https:\/\/elvinodelaspiedras.es\/en\/wp-json\/wp\/v2\/posts\/4132\/revisions\/5831"}],"wp:featuredmedia":[{"embeddable":true,"href":"https:\/\/elvinodelaspiedras.es\/en\/wp-json\/wp\/v2\/media\/4133"}],"wp:attachment":[{"href":"https:\/\/elvinodelaspiedras.es\/en\/wp-json\/wp\/v2\/media?parent=4132"}],"wp:term":[{"taxonomy":"category","embeddable":true,"href":"https:\/\/elvinodelaspiedras.es\/en\/wp-json\/wp\/v2\/categories?post=4132"},{"taxonomy":"post_tag","embeddable":true,"href":"https:\/\/elvinodelaspiedras.es\/en\/wp-json\/wp\/v2\/tags?post=4132"}],"curies":[{"name":"wp","href":"https:\/\/api.w.org\/{rel}","templated":true}]}}