{"id":4134,"date":"2019-07-01T00:00:00","date_gmt":"2019-07-01T00:00:00","guid":{"rendered":"http:\/\/elvinodelaspiedras.local\/el-festival-de-las-piedras-concluye-su-primera-edicion-con-un-balance-de-25000-copas-servidas-y-2600-premios-repartidos\/"},"modified":"2020-11-13T12:29:27","modified_gmt":"2020-11-13T12:29:27","slug":"el-festival-de-las-piedras-concluye-su-primera-edicion-con-un-balance-de-25000-copas-servidas-y-2600-premios-repartidos","status":"publish","type":"post","link":"https:\/\/elvinodelaspiedras.es\/en\/comunicacion\/noticias\/el-festival-de-las-piedras-concluye-su-primera-edicion-con-un-balance-de-25000-copas-servidas-y-2600-premios-repartidos\/","title":{"rendered":"El festival de las piedras concluye su primera edici\u00f3n con un balance de 25.000 copas servidas y 2.600 premios repartidos"},"content":{"rendered":"<p>El\u00a0<strong>Festival de las Piedras<\/strong>, la nueva campa\u00f1a promocional de la\u00a0<strong>Denominaci\u00f3n de Origen Protegida Cari\u00f1ena<\/strong>,\u00a0<strong>cerr\u00f3<\/strong> este fin de semana su\u00a0<strong>primera edici\u00f3n<\/strong> tras haber hecho de\u00a0<strong>junio<\/strong> el\u00a0<strong>mes del Vino de las Piedras en Zaragoza. <\/strong>El broche de oro lo pusieron\u00a0<strong>dos espectaculares degustaciones<\/strong> celebradas viernes y s\u00e1bado en la sala Multiusos con la m\u00fasica en vivo de dos bandas tributo a Abba y The Beatles,\u00a0<strong>que encandilaron a los 1.000 asistentes<\/strong>.<\/p>\n<p>El balance final\u00a0<strong>de copas servidas asciende a 25.000, unas 7.000 de ellas durante las dos degustaciones <\/strong>y el resto durante los 16 d\u00edas de la campa\u00f1a celebrada en restaurantes. En ella\u00a0<strong>se entregaron m\u00e1s de 2.500 premios (botellas de vino e invitaciones para las degustaciones)<\/strong> que junto con los nuevos regalos sorteados este fin de semana (cenas para dos, viajes internacionales y &#8220;Tu peso en vino&#8221;<strong>) elevan la cifra final a 2.600<\/strong>. Por todo ello, la organizaci\u00f3n considera un\u00a0<strong>&#8220;\u00e9xito total&#8221;<\/strong> esta nueva iniciativa de promoci\u00f3n.<\/p>\n<p><strong>El Festival de las Piedras<\/strong>, realizado en colaboraci\u00f3n de la\u00a0<strong>Asociaci\u00f3n de Restaurantes Horeca Zaragoza, empez\u00f3 <\/strong>del 1 al 16 de junio, cuando se propuso a\u00a0<strong>todos los clientes<\/strong> de\u00a0<strong>15 reconocidos restaurantes<\/strong> zaragozanos maridar su comida o cena con\u00a0<strong>Vino de las Piedras<\/strong> -la marca con que se conocen todos los vinos de Cari\u00f1ena- eligiendo entre una selecci\u00f3n de\u00a0<strong>14 marcas de siete bodegas<\/strong> distintas, siempre con un\u00a0<strong>obsequio seguro<\/strong>. Participaron en total 7.000 personas que consumieron\u00a0<strong>2.500 botellas, y se entregaron otros tantos regalos<\/strong>.<\/p>\n<p>Los premios repartidos en los restaurantes inclu\u00edan\u00a0<strong>500 invitaciones dobles<\/strong>, 250 para cada una, a las\u00a0<strong>dos degustaciones exclusivas<\/strong> en la sala Multiusos del Auditorio de Zaragoza con las que se ha cerrado la campa\u00f1a. En estas dos veladas, de acceso limitado a los ganadores o a quienes estos cedieran la invitaci\u00f3n, los afortunados pudieron\u00a0<strong>catar los 14 vinos<\/strong> de la campa\u00f1a en un<strong>ambiente \u00fanico<\/strong>, que ha\u00a0<strong>incluido m\u00fasica en directo<\/strong> y el\u00a0<strong>sorteo de nuevos premios<\/strong>. Las veladas se celebraron el viernes 27, con la actuaci\u00f3n de una banda de tributo a Abba, y el s\u00e1bado 28, con un grupo tributo a The Beatles.<\/p>\n<p>El Festival de las Piedras a\u00fan ha dado muchas m\u00e1s oportunidades de disfrutar del vino de la D.O.P. Cari\u00f1ena, ya que los<strong>2.000 clientes en restaurantes<\/strong> que no consiguieron invitaci\u00f3n se llevaron una\u00a0<strong>botella gratis<\/strong> para seguir probando en sus casas los vinos participantes. Por otra parte, las tarjetas de premio tambi\u00e9n inclu\u00edan un cup\u00f3n para optar al\u00a0<strong>sorteo <\/strong>especial\u00a0<strong>&#8220;Tu Peso en Vino&#8221;<\/strong>; una original posibilidad que tambi\u00e9n ha atra\u00eddo a todos. En la degustaci\u00f3n del s\u00e1bado se extrajo el cup\u00f3n con el nombre del<strong>ganador, quien recibi\u00f3 la noticia en directo, a trav\u00e9s de una llamada de tel\u00e9fono durante el evento celebrado en la sala Multiusos. El ganador se\u00f1al\u00f3 que pesa 102 kilos<\/strong>, con lo que se llevar\u00e1 unas\u00a0<strong>140 botellas<\/strong> de 75 cl del Vino de las Piedras.<\/p>\n<p><strong>APLAUSOS A LA UNI\u00d3N DE VINO Y M\u00daSICA<\/strong><\/p>\n<p>Las dos\u00a0<strong>degustaciones con concierto<\/strong> tambi\u00e9n han permitido ganar otros atractivos\u00a0<strong>premios a los asistentes<\/strong>, ya que entre los dos d\u00edas se han sorteado\u00a0<strong>quince cenas para dos personas<\/strong> en uno de los restaurantes participantes y cada d\u00eda un viaje internacional, tambi\u00e9n para dos personas, sumando un nuevo aliciente al Festival de las Piedras. As\u00ed,\u00a0<strong>Mar\u00eda Dolores Esponeda <\/strong>consigui\u00f3 el viernes el<strong> viaje a Estocolmo y Mar\u00eda Jes\u00fas Margalejos <\/strong>se llev\u00f3 el s\u00e1bado el viaje a<strong> Liverpool<\/strong>.<\/p>\n<p>Tras ganar el\u00a0<strong>viaje a Estocolmo<\/strong>, gracias a una amiga que le pas\u00f3 su invitaci\u00f3n por estar en la playa,\u00a0<strong>Mar\u00eda Dolores Esponeda<\/strong> calificaba el premio de &#8220;genial&#8221;. Pero adem\u00e1s destacaba la iniciativa del Festival de las Piedras y la calidad de los vinos de la D.O.P. Cari\u00f1ena. &#8220;Los conozco, los tomo normalmente y he estado en alguna bodega y en otros eventos de la Denominaci\u00f3n; pero ha sido una tarde encantadora. Hemos venido cuatro amigas y como todas conoc\u00edamos algunas marcas hemos estado probando y comparando&#8221;, explicaba.<\/p>\n<p>De la misma manera, la ganadora del\u00a0<strong>viaje a Liverpool, Mar\u00eda Jes\u00fas Margalejos<\/strong>, que consigui\u00f3 una de las 50 entradas reservadas para los seguidores del Vino de las Piedras en las redes sociales resaltaba el gran ambiente de la degustaci\u00f3n\u00a0 y que &#8220;los Vinos de las Piedras son estupendos&#8221;.<\/p>\n<p>No fue menor la alegr\u00eda entre los ganadores de las cenas, donde un premio\u00a0<strong>lleg\u00f3 hasta Italia, donde vive el matrimonio formado por Daniela y Jan Franco<\/strong>, que explicaban que han ganado el premio en unas vacaciones, en la que ya es su tercera visita a la ciudad, por lo que ya han probado varias veces los Vinos de las Piedras, &#8220;que\u00a0<strong>son verdaderamente buenos, tanto los tintos, como los rosados y los blancos<\/strong>&#8220;. Otros de los favorecidos con una nueva cena destacaban el &#8220;ambiente tan especial&#8221;, &#8220;la organizaci\u00f3n de diez&#8221; o que &#8220;todos los vinos de Cari\u00f1ena son muy ricos&#8221;.<\/p>\n<p><strong>AFORO COMPLETO LOS DOS D\u00cdAS<\/strong><\/p>\n<p>Fuera de los premiados, la\u00a0<strong>iniciativa del Festival de las Piedras<\/strong> ha sido igualmente\u00a0<strong>aplaudida por todos los participantes<\/strong> por la calidad de los vinos que se han servido y la\u00a0<strong>original experiencia<\/strong> de\u00a0<strong>uni\u00f3n<\/strong> de los\u00a0<strong>vinos<\/strong> de Cari\u00f1ena con gastronom\u00eda y m\u00fasica.\u00a0La ola de calor no desanim\u00f3 a los ganadores de las invitaciones a acudir al Auditorio y los dos d\u00edas se complet\u00f3 desde el primero momento el aforo.<\/p>\n<p>&#8220;Es una magn\u00edfica idea y una forma muy original de dar a conocer los vinos de Cari\u00f1ena,\u00a0<strong>tenemos una Denominaci\u00f3n de Origen excelente y que tiene que ser m\u00e1s conocida<\/strong>&#8220;; &#8220;conozco bien la Denominaci\u00f3n, pero he podido probar aqu\u00ed tres blancos muy distintos e interesantes; los vinos de Cari\u00f1ena han mejorado mucho en poco tiempo&#8221;; &#8220;esta es una forma\u00a0<strong>estupenda de degustar y disfrutar los Vinos de las Piedras<\/strong>&#8220;&#8230; eran algunos de los comentarios de los asistentes.<\/p>\n<p>Como resumen de todas estas valoraciones, el\u00a0<strong>alcalde de Cari\u00f1ena, Sergio Ortiz,<\/strong> tambi\u00e9n presente en el Festival de las Piedras se\u00f1alaba: &#8220;Es un formato diferente y acertado, el p\u00fablico ha disfrutado con el maridaje de vino y m\u00fasica, y es\u00a0<strong>una buena plataforma para mostrar los vinos de la Denominaci\u00f3n <\/strong>porque las siete bodegas que participan representan la calidad del vino que se est\u00e1 elaborando&#8221;.<\/p>\n<p><strong>OBJETIVO: MOSTRAR LA VARIEDAD Y CALIDAD DE LA D.O.P. CARI\u00d1ENA<\/strong><\/p>\n<p>Por parte de la organizaci\u00f3n,<strong> Jos\u00e9 Luis Campos<\/strong>,\u00a0<strong>director de Comunicaci\u00f3n y Marketing<\/strong> de la D.O.P. Cari\u00f1ena, ha se\u00f1alado: &#8220;El\u00a0<strong>objetivo del Festival de las Piedras<\/strong> era que el\u00a0<strong>p\u00fablico conozca la variedad y calidad de los vinos<\/strong> que elaboran actualmente las bodegas de la Denominaci\u00f3n y no podemos estar m\u00e1s satisfechos. Hemos\u00a0<strong>llegado a miles de personas<\/strong>, desde turistas con poco conocimiento del Vino de las Piedras, a aficionados que son consumidores habituales pero que con la campa\u00f1a y sobre todo con la degustaci\u00f3n han podido<strong> probar nuevas marcas que no conoc\u00edan<\/strong>&#8220;.<\/p>\n<p>Tambi\u00e9n el\u00a0<strong>presidente del Consejo Regulador de la D.O.P. Cari\u00f1ena, Ignacio Casamitjana<\/strong>, ha destacado que la campa\u00f1a ha sido &#8220;un\u00a0<strong>\u00e9xito total<\/strong>, como avalan tanto el n\u00famero de personas que han visitado los restaurantes que participaban, el consumo que nos aseguran las bodegas y estos dos actos finales que unen cultura y vino&#8221;.<\/p>\n<p>El presidente de la D.O.P. ha incidido en el\u00a0<strong>objetivo<\/strong> dar a conocer, a trav\u00e9s de la muestra de 14 vinos participantes, &#8220;lo que distingue a Cari\u00f1ena frente a cualquier otra zona vin\u00edcola que son las\u00a0<strong>numerosas posibilidades de elaboraci\u00f3n de nuestros vinos<\/strong>. Tenemos diferentes alturas, climatolog\u00eda, suelos y variedades y as\u00ed elaboramos una extens\u00edsima gama de vinos, nos une el esfuerzo de viticultores y bodegas por el\u00a0<strong>objetivo de la calidad<\/strong>&#8220;.<\/p>\n<p>Las siete\u00a0<strong>bodegas<\/strong> de la D.O.P. Cari\u00f1ena que han participado en el I Festival de las Piedras son\u00a0<strong>Esteban Mart\u00edn, Hermanos Torcal, Paniza, San Valero, Solar de Urbezo, Covinca y Grandes Vinos<\/strong>. Cada una ha estado presente con dos de sus marcas, tanto en los restaurantes como en las dos degustaciones de la sala Multiusos. As\u00ed, los participantes en la campa\u00f1a han podido probar\u00a0<strong>cinco vinos blancos <\/strong>(Esteban Mart\u00edn Blanco 2018 Chardonnay Macabeo, Marqu\u00e9s de Fuendetodos Chardonnay-Macabeo, Particular Chardonnay Moscatel de Alejandr\u00eda, Urbezo Chardonnay 2018, Clave de Sol Chardonnay 2018 y Corona de Arag\u00f3n Garnacha Blanca 2017),<strong> dos vinos rosados <\/strong>(F\u00e1bula Garnacha Rosado 2018 y Esteban Mart\u00edn Rosado 2018 Garnacha Tinta)<strong> y cinco tintos <\/strong>(Cachirulo Garnacha-Syrah 2016, F\u00e1bula Garnacha Joven, Particular Tinto Garnacha Joven, Los Cabos de Urbezo Garnacha 2017, Terrai Old Vine Garnacha Roble 2017 y Monasterio de las Vi\u00f1as Garnacha Vi\u00f1as Viejas 2016).<\/p>\n<p>Jos\u00e9 Luis Campos, ha resaltado finalmente que tras la acogida y resultados del Festival de las Piedras se\u00a0<strong>piensa ya en una nueva edici\u00f3n<\/strong>, en la que se estudian introducir algunas\u00a0<strong>novedades<\/strong>. &#8220;Cuando la organizaci\u00f3n y el equipo de colaboradores ponen todo su esmero hasta el vino gana prestigio, pero siempre hay aspectos que uno mejorar\u00eda y algunos los tenemos ya en la cabeza para seguir promocionando nuestros vinos,\u00a0<strong>siempre<\/strong> <strong>de la mano de la hosteler\u00eda<\/strong>&#8220;, ha se\u00f1alado.<\/p>\n<hr>\n<figure id=\"attachment_500\" aria-describedby=\"caption-attachment-500\" style=\"width: 300px\" class=\"wp-caption alignnone\"><a href=\"\/_archivos\/imagenes\/3669.jpg\" target=\"_blank\" rel=\"noopener noreferrer\"><img decoding=\"async\" class=\"size-medium\" src=\"\/_archivos\/imagenes\/300\/3669.jpg\" alt=\"El Festival de las Piedras se cerr\u00f3 con dos degustaciones de Vinos de las Piedras amenizadas con m\u00fas\" title=\"El Festival de las Piedras se cerr\u00f3 con dos degustaciones de Vinos de las Piedras amenizadas con m\u00fas\" width=\"300\" height=\"auto\" \/><\/a><figcaption id=\"caption-attachment-500\" class=\"wp-caption-text\"><a href=\"\/_archivos\/imagenes\/3669.jpg\" target=\"_blank\" rel=\"noopener noreferrer\">Descargar imagen<\/a><\/figcaption><\/figure>\n<figure id=\"attachment_500\" aria-describedby=\"caption-attachment-500\" style=\"width: 300px\" class=\"wp-caption alignnone\"><a href=\"\/_archivos\/imagenes\/3670.jpg\" target=\"_blank\" rel=\"noopener noreferrer\"><img decoding=\"async\" class=\"size-medium\" src=\"\/_archivos\/imagenes\/300\/3670.jpg\" alt=\"El Festival de las Piedras se cerr\u00f3 con dos degustaciones de Vinos de las Piedras amenizadas con m\u00fas\" title=\"El Festival de las Piedras se cerr\u00f3 con dos degustaciones de Vinos de las Piedras amenizadas con m\u00fas\" width=\"300\" height=\"auto\" \/><\/a><figcaption id=\"caption-attachment-500\" class=\"wp-caption-text\"><a href=\"\/_archivos\/imagenes\/3670.jpg\" target=\"_blank\" rel=\"noopener noreferrer\">Descargar imagen<\/a><\/figcaption><\/figure>\n<figure id=\"attachment_500\" aria-describedby=\"caption-attachment-500\" style=\"width: 300px\" class=\"wp-caption alignnone\"><a href=\"\/_archivos\/imagenes\/3671.jpg\" target=\"_blank\" rel=\"noopener noreferrer\"><img decoding=\"async\" class=\"size-medium\" src=\"\/_archivos\/imagenes\/300\/3671.jpg\" alt=\"El Festival de las Piedras se cerr\u00f3 con dos degustaciones de Vinos de las Piedras amenizadas con m\u00fas\" title=\"El Festival de las Piedras se cerr\u00f3 con dos degustaciones de Vinos de las Piedras amenizadas con m\u00fas\" width=\"300\" height=\"auto\" \/><\/a><figcaption id=\"caption-attachment-500\" class=\"wp-caption-text\"><a href=\"\/_archivos\/imagenes\/3671.jpg\" target=\"_blank\" rel=\"noopener noreferrer\">Descargar imagen<\/a><\/figcaption><\/figure>\n<figure id=\"attachment_500\" aria-describedby=\"caption-attachment-500\" style=\"width: 300px\" class=\"wp-caption alignnone\"><a href=\"\/_archivos\/imagenes\/3672.jpg\" target=\"_blank\" rel=\"noopener noreferrer\"><img decoding=\"async\" class=\"size-medium\" src=\"\/_archivos\/imagenes\/300\/3672.jpg\" alt=\"El Festival de las Piedras se cerr\u00f3 con dos degustaciones de Vinos de las Piedras amenizadas con m\u00fas\" title=\"El Festival de las Piedras se cerr\u00f3 con dos degustaciones de Vinos de las Piedras amenizadas con m\u00fas\" width=\"300\" height=\"auto\" \/><\/a><figcaption id=\"caption-attachment-500\" class=\"wp-caption-text\"><a href=\"\/_archivos\/imagenes\/3672.jpg\" target=\"_blank\" rel=\"noopener noreferrer\">Descargar imagen<\/a><\/figcaption><\/figure>\n<figure id=\"attachment_500\" aria-describedby=\"caption-attachment-500\" style=\"width: 300px\" class=\"wp-caption alignnone\"><a href=\"\/_archivos\/imagenes\/3673.jpg\" target=\"_blank\" rel=\"noopener noreferrer\"><img decoding=\"async\" class=\"size-medium\" src=\"\/_archivos\/imagenes\/300\/3673.jpg\" alt=\"El Festival de las Piedras se cerr\u00f3 con dos degustaciones de Vinos de las Piedras amenizadas con m\u00fas\" title=\"El Festival de las Piedras se cerr\u00f3 con dos degustaciones de Vinos de las Piedras amenizadas con m\u00fas\" width=\"300\" height=\"auto\" \/><\/a><figcaption id=\"caption-attachment-500\" class=\"wp-caption-text\"><a href=\"\/_archivos\/imagenes\/3673.jpg\" target=\"_blank\" rel=\"noopener noreferrer\">Descargar imagen<\/a><\/figcaption><\/figure>    \t<\/p>\n","protected":false},"excerpt":{"rendered":"<p>El\u00a0Festival de las Piedras, la nueva campa\u00f1a promocional de la\u00a0Denominaci\u00f3n de Origen Protegida Cari\u00f1ena,\u00a0cerr\u00f3 este fin de semana su\u00a0primera edici\u00f3n tras haber hecho de\u00a0junio el\u00a0mes del Vino de las Piedras en Zaragoza. El broche de oro lo pusieron\u00a0dos espectaculares degustaciones celebradas viernes y s\u00e1bado en la sala Multiusos con la m\u00fasica en vivo de dos &hellip;<\/p>\n","protected":false},"author":6,"featured_media":4135,"comment_status":"closed","ping_status":"closed","sticky":false,"template":"","format":"standard","meta":{"_genesis_hide_title":false,"_genesis_hide_breadcrumbs":false,"_genesis_hide_singular_image":false,"_genesis_hide_footer_widgets":false,"_genesis_custom_body_class":"","_genesis_custom_post_class":"","_genesis_layout":"","ngg_post_thumbnail":0,"footnotes":""},"categories":[1],"tags":[],"class_list":{"0":"post-4134","1":"post","2":"type-post","3":"status-publish","4":"format-standard","5":"has-post-thumbnail","7":"category-noticias","8":"entry"},"_links":{"self":[{"href":"https:\/\/elvinodelaspiedras.es\/en\/wp-json\/wp\/v2\/posts\/4134"}],"collection":[{"href":"https:\/\/elvinodelaspiedras.es\/en\/wp-json\/wp\/v2\/posts"}],"about":[{"href":"https:\/\/elvinodelaspiedras.es\/en\/wp-json\/wp\/v2\/types\/post"}],"author":[{"embeddable":true,"href":"https:\/\/elvinodelaspiedras.es\/en\/wp-json\/wp\/v2\/users\/6"}],"replies":[{"embeddable":true,"href":"https:\/\/elvinodelaspiedras.es\/en\/wp-json\/wp\/v2\/comments?post=4134"}],"version-history":[{"count":1,"href":"https:\/\/elvinodelaspiedras.es\/en\/wp-json\/wp\/v2\/posts\/4134\/revisions"}],"predecessor-version":[{"id":5830,"href":"https:\/\/elvinodelaspiedras.es\/en\/wp-json\/wp\/v2\/posts\/4134\/revisions\/5830"}],"wp:featuredmedia":[{"embeddable":true,"href":"https:\/\/elvinodelaspiedras.es\/en\/wp-json\/wp\/v2\/media\/4135"}],"wp:attachment":[{"href":"https:\/\/elvinodelaspiedras.es\/en\/wp-json\/wp\/v2\/media?parent=4134"}],"wp:term":[{"taxonomy":"category","embeddable":true,"href":"https:\/\/elvinodelaspiedras.es\/en\/wp-json\/wp\/v2\/categories?post=4134"},{"taxonomy":"post_tag","embeddable":true,"href":"https:\/\/elvinodelaspiedras.es\/en\/wp-json\/wp\/v2\/tags?post=4134"}],"curies":[{"name":"wp","href":"https:\/\/api.w.org\/{rel}","templated":true}]}}