{"id":4138,"date":"2019-07-26T00:00:00","date_gmt":"2019-07-26T00:00:00","guid":{"rendered":"http:\/\/elvinodelaspiedras.local\/la-dop-carinena-entrega-102-botellas-de-vino-de-las-piedras-al-ganador-del-premio-tu-peso-en-vino\/"},"modified":"2020-11-13T12:29:27","modified_gmt":"2020-11-13T12:29:27","slug":"la-dop-carinena-entrega-102-botellas-de-vino-de-las-piedras-al-ganador-del-premio-tu-peso-en-vino","status":"publish","type":"post","link":"https:\/\/elvinodelaspiedras.es\/en\/comunicacion\/noticias\/la-dop-carinena-entrega-102-botellas-de-vino-de-las-piedras-al-ganador-del-premio-tu-peso-en-vino\/","title":{"rendered":"La D.O.P Cari\u00f1ena entrega 102 botellas de vino de las piedras al ganador del premio \u201ctu peso en vino\u201d"},"content":{"rendered":"<p><strong>Un peso de 106,5 kilos<\/strong> ha servido a <strong>Alberto Vi\u00f1ado<\/strong> para llevarse a casa 17 cajas, <strong>102 botellas<\/strong>, de<strong> vinos de la Denominaci\u00f3n de Origen Protegida Cari\u00f1ena<\/strong>, como <strong>ganador del sorteo &#8220;Tu peso en vino&#8221;<\/strong>, el premio m\u00e1s original de la <strong>campa\u00f1a<\/strong> promocional \u00a0<strong>Festival de las Piedras<\/strong>, celebrada el pasado mes de junio en colaboraci\u00f3n con Horeca Zaragoza. El nombre del ganador se eligi\u00f3 por sorteo en la gala de clausura de la promoci\u00f3n entre los <strong>2.500 participantes<\/strong> y este <strong>viernes<\/strong> se ha hecho el acto de <strong>entrega<\/strong>.<\/p>\n<p>En un acto celebrado en el <strong>hotel Palafox de Zaragoza,<\/strong> con la presencia de <strong>Jos\u00e9 Luis Campos<\/strong>, <strong>director de Comunicaci\u00f3n y Marketing<\/strong> de la D.O.P. Cari\u00f1ena, <strong>Alberto Vi\u00f1ado se ha subido a la b\u00e1scula<\/strong> para demostrar su peso: m\u00e1s de <strong>106 kilos<\/strong>, que equivalen a <strong>unas 90 botellas de tres cuartos<\/strong> de litro. La <strong>Denominaci\u00f3n<\/strong> ha <strong>redondeado<\/strong> este n\u00famero al alza, compensando as\u00ed el cartonaje y las diferencias entre las botellas de las distintas marcas, entreg\u00e1ndole un total de <strong>17 cajas de seis botellas<\/strong> de <strong>El Vino de las Piedras<\/strong> -la marca con que se conocen todos los vinos de Cari\u00f1ena- para llegar a las <strong>102 botellas<\/strong>.<\/p>\n<p>Alberto Vi\u00f1ado ha explicado al recoger su premio que aunque reside en Zaragoza, conoce bien los vinos de la D.O.P. Cari\u00f1ena por ser natural de Longares &#8220;y me ha tocado m\u00e1s de una vez trabajar en la vi\u00f1a&#8221;. Por ello ha se\u00f1alado: &#8220;Tenemos un <strong>vino de gran calidad<\/strong> y que est\u00e1 teniendo una <strong>evoluci\u00f3n muy positiva<\/strong>; lo que nos falta es que <strong>se conozca m\u00e1s<\/strong>, por eso hay que seguir haciendo acciones de marketing como esta&#8221;.<\/p>\n<p>Sobre el premio que se lleva, el ganador ha destacado la satisfacci\u00f3n por su suerte, asegurando que va a disfrutarlo con su familia. &#8220;Mi mujer y yo tomamos vino, as\u00ed que <strong>a dos vasos diarios y con alguna cena que se haga en casa, es vino para un a\u00f1o<\/strong>&#8220;, ha comentado. Adem\u00e1s ha animado a quienes no lo conozcan a probar El Vino de las Piedras.<\/p>\n<p>Las cajas entregadas contienen vinos de las <strong>siete<\/strong> <strong>bodegas<\/strong> de la D.O.P. Cari\u00f1ena que han participado en el I Festival de las Piedras: <strong>Esteban Mart\u00edn, Hermanos Torcal, Paniza, San Valero, Solar de Urbezo, Covinca y Grandes Vinos<\/strong>. Son los mismos vinos que han estado presentes en los distintos actos de la campa\u00f1a y que incluyen <strong>seis vinos blancos <\/strong>(Esteban Mart\u00edn Blanco 2018 Chardonnay Macabeo, Marqu\u00e9s de Fuendetodos Chardonnay-Macabeo, Particular Chardonnay Moscatel de Alejandr\u00eda, Urbezo Chardonnay 2018, Clave de Sol Chardonnay 2018 y Corona de Arag\u00f3n Garnacha Blanca 2017),<strong> dos vinos rosados <\/strong>(F\u00e1bula Garnacha Rosado 2018 y Esteban Mart\u00edn Rosado 2018 Garnacha Tinta)<strong> y seis tintos <\/strong>(Cachirulo Garnacha-Syrah 2016, F\u00e1bula Garnacha Joven, Particular Tinto Garnacha Joven, Los Cabos de Urbezo Garnacha 2017, Terrai Old Vine Garnacha Roble 2017 y Monasterio de las Vi\u00f1as Garnacha Vi\u00f1as Viejas 2016).<\/p>\n<p><strong>2.600 REGALOS CON EL FESTIVAL DE LAS PIEDRAS<\/strong><\/p>\n<p><strong>El Festival de las Piedras<\/strong>, realizado en colaboraci\u00f3n con la <strong>Asociaci\u00f3n de Restaurantes Horeca Zaragoza, <\/strong>propuso durante 17 d\u00edas del pasado mes de <strong>junio<\/strong> a todos los<strong> clientes<\/strong> de <strong>15 reconocidos restaurantes<\/strong> zaragozanos maridar su comida o cena con uno de los vinos seleccionados. Todos los que lo eligieron, recibieron un <strong>obsequio seguro<\/strong>; as\u00ed como un cup\u00f3n para participar en este sorteo especial &#8220;Tu peso en vino&#8221;.<\/p>\n<p>En total, en esta fase se <strong>consumieron<\/strong> m\u00e1s de <strong>2.500 botellas<\/strong>, y se<strong> entregaron otros tantos regalos<\/strong>: dos mil nuevas <strong>botellas<\/strong> y quinientas <strong>invitaciones<\/strong> dobles para las dos <strong>degustaciones exclusivas con conciertos en directo<\/strong> con las que se cerr\u00f3 la campa\u00f1a. Los afortunados con este \u00faltimo premio, uno de ellos tambi\u00e9n Alberto Vi\u00f1ado, no solo pudieron catar todos los vinos de la promoci\u00f3n en un ambiente muy especial, sino que entre ellos se sortearon tambi\u00e9n nuevos premios, con dos <strong>viajes<\/strong> por Europa (uno a Estocolmo y otro a Liverpool) y 15 <strong>cenas en restaurantes<\/strong>.<\/p>\n<p>En la degustaci\u00f3n del \u00faltimo d\u00eda, se eligi\u00f3 adem\u00e1s el cup\u00f3n del premio &#8220;Tu peso en vino&#8221;. As\u00ed, en total el <strong>Festival de las Piedras<\/strong> ha repartido casi <strong>2.600 regalos<\/strong>, y, sin contar el centenar de botellas entregadas ahora, ha repartido <strong>25.000 copas<\/strong> de Cari\u00f1ena entre m\u00e1s de <strong>7.000 participantes<\/strong>, que han podido conocer y disfrutar del trabajo actual de las bodegas de la Denominaci\u00f3n.<\/p>\n<p>El <strong>director de Comunicaci\u00f3n y Marketing<\/strong> de la D.O.P. Cari\u00f1ena, ha se\u00f1alado que con la <strong>entrega del premio<\/strong> &#8220;Tu peso en vino&#8221; se ha dado cumplimiento &#8220;al <strong>\u00faltimo compromiso<\/strong> que ten\u00edamos en la <strong>campa\u00f1a<\/strong> del Festival de las Piedras&#8221;. Adem\u00e1s ha resaltado el \u00e9xito de esta promoci\u00f3n, de la que ha destacado que no solo ha logrado plenamente &#8220;el objetivo de trasladar a los <strong>clientes del canal de restauraci\u00f3n<\/strong> el <strong>conocimiento de nuestros vinos<\/strong>&#8220;, sino que ha sido muy bien recibida por su original enfoque &#8220;y la gente agradeci\u00f3 el <strong>clima<\/strong> tan sensacional de las dos grandes <strong>degustaciones <\/strong>celebradas en la<strong> Sala Multiusos<\/strong><strong> del Auditorio de Zaragoza <\/strong>&#8220;.<\/p>\n<hr>\n<figure id=\"attachment_502\" aria-describedby=\"caption-attachment-502\" style=\"width: 300px\" class=\"wp-caption alignnone\"><a href=\"\/_archivos\/imagenes\/3681.jpg\" target=\"_blank\" rel=\"noopener noreferrer\"><img decoding=\"async\" class=\"size-medium\" src=\"\/_archivos\/imagenes\/300\/3681.jpg\" alt=\"Jos\u00e9 Luis Campos, director de Comunicaci\u00f3n de la DOP Cari\u00f1ena, y el ganador del premio Alberto Vi\u00f1ad\" title=\"Jos\u00e9 Luis Campos, director de Comunicaci\u00f3n de la DOP Cari\u00f1ena, y el ganador del premio Alberto Vi\u00f1ad\" width=\"300\" height=\"auto\" \/><\/a><figcaption id=\"caption-attachment-502\" class=\"wp-caption-text\"><a href=\"\/_archivos\/imagenes\/3681.jpg\" target=\"_blank\" rel=\"noopener noreferrer\">Descargar imagen<\/a><\/figcaption><\/figure>\n<figure id=\"attachment_502\" aria-describedby=\"caption-attachment-502\" style=\"width: 300px\" class=\"wp-caption alignnone\"><a href=\"\/_archivos\/imagenes\/3682.jpg\" target=\"_blank\" rel=\"noopener noreferrer\"><img decoding=\"async\" class=\"size-medium\" src=\"\/_archivos\/imagenes\/300\/3682.jpg\" alt=\"Alberto Vi\u00f1ado pes\u00f3 en la b\u00e1scula m\u00e1s de 106 kilos\" title=\"Alberto Vi\u00f1ado pes\u00f3 en la b\u00e1scula m\u00e1s de 106 kilos\" width=\"300\" height=\"auto\" \/><\/a><figcaption id=\"caption-attachment-502\" class=\"wp-caption-text\"><a href=\"\/_archivos\/imagenes\/3682.jpg\" target=\"_blank\" rel=\"noopener noreferrer\">Descargar imagen<\/a><\/figcaption><\/figure>\n<figure id=\"attachment_502\" aria-describedby=\"caption-attachment-502\" style=\"width: 300px\" class=\"wp-caption alignnone\"><a href=\"\/_archivos\/imagenes\/3683.jpg\" target=\"_blank\" rel=\"noopener noreferrer\"><img decoding=\"async\" class=\"size-medium\" src=\"\/_archivos\/imagenes\/300\/3683.jpg\" alt=\"El ganador con las 17 cajas, 102 botellas de Vino de las Piedras\" title=\"El ganador con las 17 cajas, 102 botellas de Vino de las Piedras\" width=\"300\" height=\"auto\" \/><\/a><figcaption id=\"caption-attachment-502\" class=\"wp-caption-text\"><a href=\"\/_archivos\/imagenes\/3683.jpg\" target=\"_blank\" rel=\"noopener noreferrer\">Descargar imagen<\/a><\/figcaption><\/figure>    \t<\/p>\n","protected":false},"excerpt":{"rendered":"<p>Un peso de 106,5 kilos ha servido a Alberto Vi\u00f1ado para llevarse a casa 17 cajas, 102 botellas, de vinos de la Denominaci\u00f3n de Origen Protegida Cari\u00f1ena, como ganador del sorteo &#8220;Tu peso en vino&#8221;, el premio m\u00e1s original de la campa\u00f1a promocional \u00a0Festival de las Piedras, celebrada el pasado mes de junio en colaboraci\u00f3n &hellip;<\/p>\n","protected":false},"author":6,"featured_media":4139,"comment_status":"closed","ping_status":"closed","sticky":false,"template":"","format":"standard","meta":{"_genesis_hide_title":false,"_genesis_hide_breadcrumbs":false,"_genesis_hide_singular_image":false,"_genesis_hide_footer_widgets":false,"_genesis_custom_body_class":"","_genesis_custom_post_class":"","_genesis_layout":"","ngg_post_thumbnail":0,"footnotes":""},"categories":[1],"tags":[],"class_list":{"0":"post-4138","1":"post","2":"type-post","3":"status-publish","4":"format-standard","5":"has-post-thumbnail","7":"category-noticias","8":"entry"},"_links":{"self":[{"href":"https:\/\/elvinodelaspiedras.es\/en\/wp-json\/wp\/v2\/posts\/4138"}],"collection":[{"href":"https:\/\/elvinodelaspiedras.es\/en\/wp-json\/wp\/v2\/posts"}],"about":[{"href":"https:\/\/elvinodelaspiedras.es\/en\/wp-json\/wp\/v2\/types\/post"}],"author":[{"embeddable":true,"href":"https:\/\/elvinodelaspiedras.es\/en\/wp-json\/wp\/v2\/users\/6"}],"replies":[{"embeddable":true,"href":"https:\/\/elvinodelaspiedras.es\/en\/wp-json\/wp\/v2\/comments?post=4138"}],"version-history":[{"count":1,"href":"https:\/\/elvinodelaspiedras.es\/en\/wp-json\/wp\/v2\/posts\/4138\/revisions"}],"predecessor-version":[{"id":5828,"href":"https:\/\/elvinodelaspiedras.es\/en\/wp-json\/wp\/v2\/posts\/4138\/revisions\/5828"}],"wp:featuredmedia":[{"embeddable":true,"href":"https:\/\/elvinodelaspiedras.es\/en\/wp-json\/wp\/v2\/media\/4139"}],"wp:attachment":[{"href":"https:\/\/elvinodelaspiedras.es\/en\/wp-json\/wp\/v2\/media?parent=4138"}],"wp:term":[{"taxonomy":"category","embeddable":true,"href":"https:\/\/elvinodelaspiedras.es\/en\/wp-json\/wp\/v2\/categories?post=4138"},{"taxonomy":"post_tag","embeddable":true,"href":"https:\/\/elvinodelaspiedras.es\/en\/wp-json\/wp\/v2\/tags?post=4138"}],"curies":[{"name":"wp","href":"https:\/\/api.w.org\/{rel}","templated":true}]}}