{"id":4142,"date":"2019-09-15T00:00:00","date_gmt":"2019-09-15T00:00:00","guid":{"rendered":"http:\/\/elvinodelaspiedras.local\/el-escritor-y-periodista-anton-castro-sera-el-invitado-de-honor-de-la-53-fiesta-de-la-vendimia\/"},"modified":"2020-11-13T12:29:26","modified_gmt":"2020-11-13T12:29:26","slug":"el-escritor-y-periodista-anton-castro-sera-el-invitado-de-honor-de-la-53-fiesta-de-la-vendimia","status":"publish","type":"post","link":"https:\/\/elvinodelaspiedras.es\/en\/comunicacion\/noticias\/el-escritor-y-periodista-anton-castro-sera-el-invitado-de-honor-de-la-53-fiesta-de-la-vendimia\/","title":{"rendered":"El escritor y periodista Ant\u00f3n Castro ser\u00e1 el invitado de honor de la 53\u00aa fiesta de la vendimia"},"content":{"rendered":"<p>La <strong>Denominaci\u00f3n de Origen Protegida Cari\u00f1ena<\/strong> celebra el pr\u00f3ximo fin de semana la <strong>53\u00aa edici\u00f3n<\/strong> de su emblem\u00e1tica <strong>Fiesta de la Vendimia<\/strong>, que marca todos los a\u00f1os el inicio de la cosecha y permite conocer y disfrutar los Vinos de las Piedras y la cultura del vino. Reconocida como <strong>Fiesta de Inter\u00e9s Tur\u00edstico de Arag\u00f3n<\/strong>, este a\u00f1o la celebraci\u00f3n contar\u00e1 como <strong>Invitado de Honor<\/strong> con el <strong>escritor y periodista Ant\u00f3n Castro<\/strong>, quien se encargar\u00e1 de <strong>&#8220;encender&#8221; la Fuente de la Mora<\/strong> para que <strong>mane vino<\/strong> en vez de agua durante toda la jornada del domingo.<\/p>\n<p>Desde la Denominaci\u00f3n de Origen Cari\u00f1ena se ha resaltado la elecci\u00f3n de Ant\u00f3n Castro como un <strong>reconocimiento a su destacada trayectoria<\/strong>, durante m\u00e1s de cuarenta a\u00f1os, en el <strong>mundo cultural period\u00edstico<\/strong> y a su <strong>especial vinculaci\u00f3n con la Denominaci\u00f3n<\/strong>, que tiene sus mejores muestras en la novela <strong>&#8220;Cari\u00f1ena&#8221; <\/strong>y en su \u00faltima obra, el poemario<strong> &#8220;Vino del mar&#8221;.<\/strong><\/p>\n<p>Los paisajes y los habitantes de Arag\u00f3n son una presencia constante en la literatura de Ant\u00f3n Castro. As\u00ed, la <strong>obra &#8220;Cari\u00f1ena&#8221; <\/strong>est\u00e1 <strong>basada en su experiencia personal<\/strong>, cuando con 19 a\u00f1os trabaj\u00f3 en la vendimia. El autor la ha definido como <strong>&#8220;una novela de amor<\/strong> al paisaje, al territorio, <strong>a Cari\u00f1ena y a Zaragoza&#8221;<\/strong>. La obra fue publicada en 2012 por la Denominaci\u00f3n de Origen Protegida y en 2018 lleg\u00f3 una segunda edici\u00f3n, en Pregunta Ediciones, ampliada con un relato in\u00e9dito, &#8220;Un artista en el vi\u00f1edo&#8221;. &#8220;Cari\u00f1ena&#8221; <strong>podr\u00eda ser llevada tambi\u00e9n al cine<\/strong> <strong>pr\u00f3ximamente<\/strong>.<\/p>\n<p>El <strong>territorio y las gentes<\/strong> de Cari\u00f1ena y los <strong>Vinos de las Piedras<\/strong> de la D.O.P. tambi\u00e9n son protagonistas del libro de poemas <strong>&#8220;Vino del mar&#8221;,<\/strong> la \u00faltima obra de Ant\u00f3n Castro, reci\u00e9n editada.<\/p>\n<p><strong>PROGRAMA DE ACTOS<\/strong><\/p>\n<p>La Fiesta de la Vendimia comenzar\u00e1 el <strong>s\u00e1bado 21<\/strong> a las 19,00 horas, con la <strong>primera apertura<\/strong> de la <strong>Plaza del Vino<\/strong>, en la plaza Campo de Toro, con la participaci\u00f3n de 18 bodegas y establecimientos hosteleros para <strong>degustar<\/strong> los diferentes vinos de la Denominaci\u00f3n junto a sabrosas tapas y raciones. La fiesta estar\u00e1 amenizada con la <strong>actuaci\u00f3n musical<\/strong> de <strong>&#8220;Los Tres Norteamericanos&#8221;<\/strong> y sus versiones de conocidos cl\u00e1sicos de d\u00e9cadas pasadas. Como novedad en esta edici\u00f3n, la diversi\u00f3n continuar\u00e1 por la noche en el nuevo espacio Garnacha Forum, con una <strong>verbena popular<\/strong>, desde las 23,30 horas, con el grupo <strong>&#8220;Mala vida&#8221;<\/strong> y sesi\u00f3n de discom\u00f3vil con <strong>Kilo Teste DJ.<\/strong><\/p>\n<p>El <strong>domingo 22<\/strong>, el <strong>acto principal de Exaltaci\u00f3n del Vino<\/strong> comenzar\u00e1 a las <strong>10,30 horas<\/strong>, con la llegada de autoridades e invitados a la <strong>plaza Espa\u00f1a<\/strong>, tras haber sido recibidos en el Museo del Vino de Cari\u00f1ena, sede del Consejo Regulador.<\/p>\n<p>Tras la bienvenida del alcalde de Cari\u00f1ena, <strong>Sergio Ortiz<\/strong>, y la intervenci\u00f3n del presidente del Consejo Regulador, <strong>Ignacio Casamitjana<\/strong>, la fiesta seguir\u00e1 con el tradicional <strong>pisado<\/strong> ante el p\u00fablico de las <strong>uvas<\/strong> para recoger el <strong>primer mosto del a\u00f1o<\/strong> y ofrecerlo al <strong>patr\u00f3n de Cari\u00f1ena<\/strong>, el <strong>Santo Cristo de Santiago<\/strong>. En esta edici\u00f3n, ser\u00e1n dos vecinos de la localidad de <strong>Cari\u00f1ena<\/strong>, <strong>Esperanza Garc\u00eda y Javier Vicente<\/strong>, los encargados de esta tarea.<\/p>\n<p>En uno de los actos m\u00e1s entra\u00f1ables de la celebraci\u00f3n, los dos representantes de los viticultores <strong>pisar\u00e1n las uvas al son de la jota del Toro<\/strong> para <strong>extraer el mosto y ofrecerlo a la imagen del Cristo<\/strong> -llevado previamente en procesi\u00f3n desde su cercana capilla- para su bendici\u00f3n por el p\u00e1rroco de Cari\u00f1ena.<\/p>\n<p>Por \u00faltimo, el<strong> Invitado de Honor<\/strong> de este a\u00f1o, Ant\u00f3n Castro, dirigir\u00e1\u00a0 unas <strong>palabras al p\u00fablico<\/strong> presente y protagonizar\u00e1 el <strong>momento<\/strong> m\u00e1s esperado y <strong>emblem\u00e1tico<\/strong> de la fiesta, cuando junto al presidente del Consejo Regulador accione el interruptor que har\u00e1 que durante <strong>todo el d\u00eda<\/strong> mane <strong>vino de la Fuente de la Mora<\/strong> en la plaza de Espa\u00f1a.<\/p>\n<p>Seguidamente, a las 11,30 h la fiesta se trasladar\u00e1 al <strong>Paseo de las Estrellas<\/strong>, donde <strong>Ant\u00f3n Castro impondr\u00e1 sus manos<\/strong>, sum\u00e1ndose a todas las <strong>celebridades<\/strong> que desde 2014 han visitado la Denominaci\u00f3n de Origen Protegida Cari\u00f1ena. Nombres tan conocidos del <strong>mundo de la cultura, el cine o el periodismo<\/strong> como <strong>Jos\u00e9 Ram\u00f3n de la Morena, Santiago Segura, Cristina del Valle, David Trueba, Eduardo Noriega, Elvira Lindo, Paula Ortiz, Miguel \u00c1ngel Lamata, Gabino Diego, Luisa Gavasa o Manuel Vilas<\/strong>. El Invitado de Honor de este a\u00f1o firmar\u00e1 tambi\u00e9n a su llegada al Consejo Regulador, en torno a las <strong>10 h, en el Libro de Oro de la Denominaci\u00f3n<\/strong>.<\/p>\n<p>Tras el fin de este acto institucional, la celebraci\u00f3n continuar\u00e1 todo el d\u00eda con la apertura de las <strong>casetas de la plaza del Vino<\/strong>, de 12,00 a 15,00 h y de 18,30 a 22,00 horas, para seguir catando los vinos de la Denominaci\u00f3n; este d\u00eda con la actuaci\u00f3n, ma\u00f1ana y tarde, de <strong>Emociones a la carta<\/strong>. Adem\u00e1s, de 12,00 a 17,00 horas <strong>se podr\u00e1 visitar gratuitamente el Museo del Vino<\/strong> de Cari\u00f1ena.<\/p>\n<p>Con esta celebraci\u00f3n, la Denominaci\u00f3n de Origen solemniza los trabajos de la vendimia, como <strong>se\u00f1a de identidad de la vocaci\u00f3n vitivin\u00edcola de su territorio<\/strong> y reivindica tambi\u00e9n el vino como elemento de cultura.<\/p>\n<p><strong>ANT\u00d3N CASTRO, GALLEGO Y ARAGON\u00c9S<\/strong><\/p>\n<p>Aunque <strong>nacido<\/strong> en Santa Mar\u00eda de La\u00f1as, en el concejo de <strong>Arteixo, La Coru\u00f1a<\/strong>, <strong>Ant\u00f3n Castro<\/strong> (Antonio Rodr\u00edguez Castro) est\u00e1 afincado en Arag\u00f3n desde joven y, sin olvidar su tierra y lengua natales, se ha convertido en uno de los <strong>autores aragoneses m\u00e1s destacados<\/strong>, tanto por su <strong>faceta literaria<\/strong>, como por su <strong>labor period\u00edstica<\/strong> y su trayectoria de impulso y fomento de la cultura.<\/p>\n<p>Su extensa obra incluye <strong>novelas<\/strong> (&#8220;Cari\u00f1ena&#8221; o &#8220;El \u00e1lbum del solitario&#8221;), libros de <strong>relatos<\/strong> (&#8220;Los seres imposibles&#8221;, &#8220;El testamento de amor de Patricio Julve&#8221; o &#8220;Los pasajeros del est\u00edo&#8221;) y <strong>poemarios<\/strong> (&#8220;El musgo del bosque&#8221;, &#8220;Vivir del aire&#8221; o &#8220;Vino del mar&#8221;); adem\u00e1s de ensayos, libros de viajes, recopilaciones de cr\u00f3nicas y entrevistas o traducciones.<\/p>\n<p>La faceta period\u00edstica de Ant\u00f3n Castro est\u00e1 representada en vol\u00famenes como &#8220;Veneno en la boca&#8221; y su labor en distintos medios. En prensa, <strong>dirigi\u00f3 los suplementos culturales de El D\u00eda y El Peri\u00f3dico de Arag\u00f3n<\/strong> y desde 2001 es el responsable de &#8220;Artes y Letras&#8221;, del peri\u00f3dico <strong>Heraldo de Arag\u00f3n<\/strong>. Tambi\u00e9n ha dirigido y presentado <strong>programas de televisi\u00f3n<\/strong> como &#8220;Borradores&#8221; y &#8220;Sin cobertura&#8221;, en Arag\u00f3n TV. Asimismo, es un participante asiduo en toda clase de actividades y eventos culturales en Arag\u00f3n.<\/p>\n<p>En <strong>2013<\/strong> gan\u00f3 el <strong>Premio Nacional de Periodismo Cultural<\/strong>, concedido por el <strong>Ministerio de Educaci\u00f3n, Cultura y Deporte<\/strong>, como reconocimiento a toda esta labor de fomento de la cultura, de la que el jurado destaco tanto su &#8220;destacada participaci\u00f3n en los medios&#8221; como &#8220;el uso de su blog personal y sus perfiles en redes sociales&#8221; como herramienta de divulgaci\u00f3n.<\/p>\n<p>Ant\u00f3n Castro ha asegurado que haber sido elegido <strong>Invitado de Honor<\/strong> le produce &#8220;una <strong>gran emoci\u00f3n<\/strong>, porque <strong>siento <\/strong>de <strong>manera muy especial<\/strong> el<strong> Campo de Cari\u00f1ena y su paisaje<\/strong>&#8220;. El autor ha se\u00f1alado que no solo trabaj\u00f3 en la vendimia &#8220;la primera vez que vine a Zaragoza; hace ahora 40 o 41 a\u00f1os&#8221;, sino que ha mantenido la relaci\u00f3n &#8220;y esta misma semana he vuelto a los campos de Alfamen, a recorrer aquel espacio&#8221;, que tambi\u00e9n es el protagonista de &#8220;Vino del mar&#8221;, s\u00fa \u00faltima obra publicada &#8220;un <strong>libro de poes\u00eda dedicado todo<\/strong>, como detalle de correspondencia al <strong>Campo de Cari\u00f1ena<\/strong>, a sus <strong>personajes<\/strong>, a sus <strong>vinos <\/strong>hablando con en\u00f3logos&#8230;&#8221;. En referencia a los <strong>Vinos de las Piedras<\/strong>, Castro ha destacado tambi\u00e9n: &#8220;Me ha <strong>impresionado la evoluci\u00f3n<\/strong> de sus vinos, tienen una <strong>calidad<\/strong> y una <strong>exquisitez <\/strong>que me encantan y los bebo constantemente&#8221;.<\/p>\n<p><strong>UNA CAMPA\u00d1A CON MENOS UVA PERO GRAN CALIDAD<\/strong><\/p>\n<p>La 53\u00aa Fiesta de la Vendimia celebra as\u00ed el trascendental momento de la cosecha de la uva. Una actividad que ocupa ya a las 14 localidades que integran <strong>la Denominaci\u00f3n de Origen Protegida<\/strong>, en una superficie total de vi\u00f1edos de casi <strong>14.300 hect\u00e1reas<\/strong>. A <strong>finales de agosto<\/strong> arranc\u00f3 la <strong>recolecci\u00f3n<\/strong> de las <strong>primeras variedades blancas (chardonnay y garnacha blanca)<\/strong> y desde <strong>septiembre<\/strong> se recogen ya uvas <strong>tintas (merlot, syrah, garnacha o tempranillo) <\/strong>y otras variedades de blancas como<strong> macabeo<\/strong>. La vendimia se prolongar\u00e1 al menos un mes, hasta mitad o finales de octubre.<\/p>\n<p>Las <strong>estimaciones de campa\u00f1a<\/strong> prev\u00e9n una cosecha en 2019 de unos <strong>66 millones de kilos de uva<\/strong>, un <strong>23,5% menos<\/strong> de la <strong>media<\/strong> de la \u00faltima d\u00e9cada, tras un a\u00f1o con temperaturas irregulares y pocas precipitaciones. Pero a la vez, los informes t\u00e9cnicos destacan las<strong> condiciones muy buenas de la uva<\/strong>.<\/p>\n<p>Estos datos permiten augurar que <strong>los mostos que ya est\u00e1n entrando<\/strong> a las bodegas de la D.O.P. dar\u00e1n lugar a <strong>una gran a\u00f1ada de vinos<\/strong> con las que Cari\u00f1ena seguir\u00e1 sumando mercados y premios.<\/p>\n<p>La Fiesta de la Vendimia 2019 ha sido presentada hoy en la sede del Gobierno de Arag\u00f3n por <strong>Joaqu\u00edn Olona<\/strong>, consejero de Agricultura, Ganader\u00eda y Medio Ambiente del Ejecutivo; <strong>Ignacio Casamitjana<\/strong>, presidente de la D.O.P. Cari\u00f1ena; <strong>Claudio Herrero<\/strong>, secretario general; <strong>Jos\u00e9 Luis Campos<\/strong>, director de Comunicaci\u00f3n y Marketing, y el Invitado de Honor, <strong>Ant\u00f3n Castro<\/strong>.<\/p>\n<p>En la presentaci\u00f3n, Jos\u00e9 Luis <strong>Campos <\/strong>destacado el <strong>realce <\/strong>que para la Fiesta de la Vendimia supone la <strong>presencia de Ant\u00f3n Castro<\/strong> &#8220;un invitado que va a paralizar la ciudad&#8221; y ha destacado tambi\u00e9n que la fiesta lleva tambi\u00e9n el nombre de <strong>Feria del Vino<\/strong>, &#8220;porque es un punto importante para <strong>promocionar <\/strong>los exquisitos <strong>vinos de la Denominaci\u00f3n de Origen Protegida Cari\u00f1ena<\/strong>&#8220;. En esta l\u00ednea, el director de Comunicaci\u00f3n de la DOP se ha referido tambi\u00e9n al <strong>proyecto <\/strong>de &#8220;crear el <strong>club premium <\/strong>de los vinos de Cari\u00f1ena con la <strong>distinci\u00f3n<\/strong> del <strong>Vino de las Piedras<\/strong>&#8220;.<\/p>\n<p>Por su parte, el <strong>consejero de Agricultura<\/strong> ha reivindicado el <strong>\u00e9xito del nombre del Vino de las Piedras<\/strong> y ha asegurado que la Denominaci\u00f3n &#8220;ha sabido <strong>resumir en un concepto<\/strong> y llegar a la opini\u00f3n p\u00fablica y al mundo&#8221;. As\u00ed, ha pedido que sea &#8220;<strong>tarjeta de presentaci\u00f3n<\/strong> para a la vez que se apuesta por la promoci\u00f3n de Cari\u00f1ena se <strong>ayude al resto de nuestros productos <\/strong>alimentarios&#8221;.<\/p>\n<p>Finalmente, el <strong>presidente de la Denominaci\u00f3n de Origen<\/strong> ha <strong>animado <\/strong>a <strong>asistir <\/strong>a la Fiesta de la Vendimia &#8220;un d\u00eda que preparamos con todo el cari\u00f1o y que creo que tiene <strong>actos en el programa de inter\u00e9s para todo el mundo<\/strong> y para que pueda <strong>conocer m\u00e1s el vino <\/strong>de Cari\u00f1ena&#8221;.<\/p>\n<hr>\n<figure id=\"attachment_504\" aria-describedby=\"caption-attachment-504\" style=\"width: 300px\" class=\"wp-caption alignnone\"><a href=\"\/_archivos\/imagenes\/3690.jpg\" target=\"_blank\" rel=\"noopener noreferrer\"><img decoding=\"async\" class=\"size-medium\" src=\"\/_archivos\/imagenes\/300\/3690.jpg\" alt=\"Jos\u00e9 Luis Campos, Ignacio Casamitjana, Joaqu\u00edn Olona, Ant\u00f3n Castro y Claudio Herrero brindan tras la\" title=\"Jos\u00e9 Luis Campos, Ignacio Casamitjana, Joaqu\u00edn Olona, Ant\u00f3n Castro y Claudio Herrero brindan tras la\" width=\"300\" height=\"auto\" \/><\/a><figcaption id=\"caption-attachment-504\" class=\"wp-caption-text\"><a href=\"\/_archivos\/imagenes\/3690.jpg\" target=\"_blank\" rel=\"noopener noreferrer\">Descargar imagen<\/a><\/figcaption><\/figure>\n<figure id=\"attachment_504\" aria-describedby=\"caption-attachment-504\" style=\"width: 300px\" class=\"wp-caption alignnone\"><a href=\"\/_archivos\/imagenes\/3691.jpg\" target=\"_blank\" rel=\"noopener noreferrer\"><img decoding=\"async\" class=\"size-medium\" src=\"\/_archivos\/imagenes\/300\/3691.jpg\" alt=\"Presentaci\u00f3n de la 53 Fiesta de la Vendimia en la sede del Gobierno de Arag\u00f3n\" title=\"Presentaci\u00f3n de la 53 Fiesta de la Vendimia en la sede del Gobierno de Arag\u00f3n\" width=\"300\" height=\"auto\" \/><\/a><figcaption id=\"caption-attachment-504\" class=\"wp-caption-text\"><a href=\"\/_archivos\/imagenes\/3691.jpg\" target=\"_blank\" rel=\"noopener noreferrer\">Descargar imagen<\/a><\/figcaption><\/figure>\n<figure id=\"attachment_504\" aria-describedby=\"caption-attachment-504\" style=\"width: 300px\" class=\"wp-caption alignnone\"><a href=\"\/_archivos\/imagenes\/3692.jpg\" target=\"_blank\" rel=\"noopener noreferrer\"><img decoding=\"async\" class=\"size-medium\" src=\"\/_archivos\/imagenes\/300\/3692.jpg\" alt=\"Ant\u00f3n Castro es el Invitado de Honor de la 53 Fiesta de la Vendimia de la DOP Cari\u00f1ena (1)\" title=\"Ant\u00f3n Castro es el Invitado de Honor de la 53 Fiesta de la Vendimia de la DOP Cari\u00f1ena (1)\" width=\"300\" height=\"auto\" \/><\/a><figcaption id=\"caption-attachment-504\" class=\"wp-caption-text\"><a href=\"\/_archivos\/imagenes\/3692.jpg\" target=\"_blank\" rel=\"noopener noreferrer\">Descargar imagen<\/a><\/figcaption><\/figure>    \t<\/p>\n","protected":false},"excerpt":{"rendered":"<p>La Denominaci\u00f3n de Origen Protegida Cari\u00f1ena celebra el pr\u00f3ximo fin de semana la 53\u00aa edici\u00f3n de su emblem\u00e1tica Fiesta de la Vendimia, que marca todos los a\u00f1os el inicio de la cosecha y permite conocer y disfrutar los Vinos de las Piedras y la cultura del vino. Reconocida como Fiesta de Inter\u00e9s Tur\u00edstico de Arag\u00f3n, &hellip;<\/p>\n","protected":false},"author":6,"featured_media":4143,"comment_status":"closed","ping_status":"closed","sticky":false,"template":"","format":"standard","meta":{"_genesis_hide_title":false,"_genesis_hide_breadcrumbs":false,"_genesis_hide_singular_image":false,"_genesis_hide_footer_widgets":false,"_genesis_custom_body_class":"","_genesis_custom_post_class":"","_genesis_layout":"","ngg_post_thumbnail":0,"footnotes":""},"categories":[1],"tags":[],"class_list":{"0":"post-4142","1":"post","2":"type-post","3":"status-publish","4":"format-standard","5":"has-post-thumbnail","7":"category-noticias","8":"entry"},"_links":{"self":[{"href":"https:\/\/elvinodelaspiedras.es\/en\/wp-json\/wp\/v2\/posts\/4142"}],"collection":[{"href":"https:\/\/elvinodelaspiedras.es\/en\/wp-json\/wp\/v2\/posts"}],"about":[{"href":"https:\/\/elvinodelaspiedras.es\/en\/wp-json\/wp\/v2\/types\/post"}],"author":[{"embeddable":true,"href":"https:\/\/elvinodelaspiedras.es\/en\/wp-json\/wp\/v2\/users\/6"}],"replies":[{"embeddable":true,"href":"https:\/\/elvinodelaspiedras.es\/en\/wp-json\/wp\/v2\/comments?post=4142"}],"version-history":[{"count":1,"href":"https:\/\/elvinodelaspiedras.es\/en\/wp-json\/wp\/v2\/posts\/4142\/revisions"}],"predecessor-version":[{"id":5826,"href":"https:\/\/elvinodelaspiedras.es\/en\/wp-json\/wp\/v2\/posts\/4142\/revisions\/5826"}],"wp:featuredmedia":[{"embeddable":true,"href":"https:\/\/elvinodelaspiedras.es\/en\/wp-json\/wp\/v2\/media\/4143"}],"wp:attachment":[{"href":"https:\/\/elvinodelaspiedras.es\/en\/wp-json\/wp\/v2\/media?parent=4142"}],"wp:term":[{"taxonomy":"category","embeddable":true,"href":"https:\/\/elvinodelaspiedras.es\/en\/wp-json\/wp\/v2\/categories?post=4142"},{"taxonomy":"post_tag","embeddable":true,"href":"https:\/\/elvinodelaspiedras.es\/en\/wp-json\/wp\/v2\/tags?post=4142"}],"curies":[{"name":"wp","href":"https:\/\/api.w.org\/{rel}","templated":true}]}}