{"id":4144,"date":"2019-09-18T00:00:00","date_gmt":"2019-09-18T00:00:00","guid":{"rendered":"http:\/\/elvinodelaspiedras.local\/la-bodega-esteban-martin-presenta-su-nuevo-vino-ulula\/"},"modified":"2020-11-13T12:29:26","modified_gmt":"2020-11-13T12:29:26","slug":"la-bodega-esteban-martin-presenta-su-nuevo-vino-ulula","status":"publish","type":"post","link":"https:\/\/elvinodelaspiedras.es\/en\/comunicacion\/noticias\/la-bodega-esteban-martin-presenta-su-nuevo-vino-ulula\/","title":{"rendered":"La bodega Esteban Mart\u00edn presenta su nuevo vino \u201culula\u201d"},"content":{"rendered":"<p><strong>Bodegas Esteban Mart\u00edn<\/strong>, perteneciente a la <strong>Denominaci\u00f3n de Origen Protegida Cari\u00f1ena<\/strong>, ha presentado hoy en la <strong>Enoteca Khantaros<\/strong> de Zaragoza a los medios de comunicaci\u00f3n, sumilleres y diversos agentes del sector hostelero su nuevo vino &#8220;<strong>ULULA&#8221;<\/strong>.<\/p>\n<p>Este vino <strong>hecho principalmente con Garnacha y un toque de Syrah<\/strong>, presenta las caracter\u00edsticas propias del terreno agreste y pedregoso de donde surge, de la climatolog\u00eda propia de Cari\u00f1ena y del trabajo de muchas personas que consiguen sacar lo mejor de la vi\u00f1a, aun teniendo en cuenta estas condiciones. &#8220;<strong>ULULA&#8221;<\/strong> es el resultado de todo esto, un <strong>vino joven, fresco y alegre, con un paso por barrica de roble durante tres meses<\/strong> sobre l\u00edas de vino blanco, usando la t\u00e9cnica del &#8220;batonage&#8221;. Un vino que mira a la naturaleza y escucha sus sonidos, que percibe los ecos y los murmullos.<\/p>\n<p>El <strong>nombre del nuevo vino viene del verbo ulular<\/strong>, que es el sonido tipo silbido o alarido. Lo emite el viento, el cierzo por ejemplo, y lo emiten algunos animales, como el mochuelo, tan com\u00fan por estos lares. La bodega ha \u00a0querido hacer as\u00ed un <strong>homenaje a los sonidos del campo y del vi\u00f1edo<\/strong>.<\/p>\n<p>La buena valoraci\u00f3n de los vinos de Bodegas Esteban Mart\u00edn en prestigiosos concursos internacionales as\u00ed como de cr\u00edticos especializados convierten a su en\u00f3logo <strong>Jorge Barber\u00eda <\/strong>en un avezado y creativo hacedor de vinos. Adem\u00e1s, el reconocido periodista gastron\u00f3mico de <strong>Heraldo de Arag\u00f3n<\/strong>, <strong>Jose Luis Solanilla<\/strong>, presta sus palabras para arropar este maravilloso proyecto, que tendr\u00e1 solamente <strong>una peque\u00f1a producci\u00f3n de 7.000 botellas<\/strong>. En el nuevo vino de Bodegas Esteban Mart\u00edn se ven integrados los elementos de esta zona de la provincia de Zaragoza, la vegetaci\u00f3n, la fauna, la flora, el suelo y el clima.<\/p>\n<p><strong>UNA BODEGA FAMILAR QUE VENDE CASI TODA SU PRODUCCI\u00d3N A M\u00c1S DE 35 PA\u00cdSES<\/strong><\/p>\n<p>Bodegas Esteban Mart\u00edn es una empresa familiar <strong>ubicada en Alfam\u00e9n<\/strong> (Zaragoza), en el coraz\u00f3n de la D.O.P. Cari\u00f1ena. Los vi\u00f1edos, <strong>casi 300 hect\u00e1reas<\/strong>, son propiedad de la familia y en las labores diarias se involucran ya todos los miembros de la misma, tres generaciones. La bodega comercializa\u00a0 unas <strong>3.500.000 botellas al a\u00f1o<\/strong> y est\u00e1 presente <strong>en m\u00e1s de 35 pa\u00edses<\/strong> en el mundo. Casi el 99% se destina a la exportaci\u00f3n.<\/p>\n<hr>\n<figure id=\"attachment_505\" aria-describedby=\"caption-attachment-505\" style=\"width: 300px\" class=\"wp-caption alignnone\"><a href=\"\/_archivos\/imagenes\/3693.jpg\" target=\"_blank\" rel=\"noopener noreferrer\"><img decoding=\"async\" class=\"size-medium\" src=\"\/_archivos\/imagenes\/300\/3693.jpg\" alt=\"El en\u00f3logo Jorge Barber\u00eda y  periodista gastron\u00f3mico Jos\u00e9 Luis Solanilla con el nuevo vino Ulula\" title=\"El en\u00f3logo Jorge Barber\u00eda y  periodista gastron\u00f3mico Jos\u00e9 Luis Solanilla con el nuevo vino Ulula\" width=\"300\" height=\"auto\" \/><\/a><figcaption id=\"caption-attachment-505\" class=\"wp-caption-text\"><a href=\"\/_archivos\/imagenes\/3693.jpg\" target=\"_blank\" rel=\"noopener noreferrer\">Descargar imagen<\/a><\/figcaption><\/figure>\n<figure id=\"attachment_505\" aria-describedby=\"caption-attachment-505\" style=\"width: 300px\" class=\"wp-caption alignnone\"><a href=\"\/_archivos\/imagenes\/3694.jpg\" target=\"_blank\" rel=\"noopener noreferrer\"><img decoding=\"async\" class=\"size-medium\" src=\"\/_archivos\/imagenes\/300\/3694.jpg\" alt=\"La responsable de Exportaci\u00f3n Eva Roy, El en\u00f3logo Jorge Barber\u00eda y el periodista gastron\u00f3mico Jos\u00e9 L\" title=\"La responsable de Exportaci\u00f3n Eva Roy, El en\u00f3logo Jorge Barber\u00eda y el periodista gastron\u00f3mico Jos\u00e9 L\" width=\"300\" height=\"auto\" \/><\/a><figcaption id=\"caption-attachment-505\" class=\"wp-caption-text\"><a href=\"\/_archivos\/imagenes\/3694.jpg\" target=\"_blank\" rel=\"noopener noreferrer\">Descargar imagen<\/a><\/figcaption><\/figure>\n<figure id=\"attachment_505\" aria-describedby=\"caption-attachment-505\" style=\"width: 300px\" class=\"wp-caption alignnone\"><a href=\"\/_archivos\/imagenes\/3701.jpg\" target=\"_blank\" rel=\"noopener noreferrer\"><img decoding=\"async\" class=\"size-medium\" src=\"\/_archivos\/imagenes\/300\/3701.jpg\" alt=\"ULULA\" title=\"ULULA\" width=\"300\" height=\"auto\" \/><\/a><figcaption id=\"caption-attachment-505\" class=\"wp-caption-text\"><a href=\"\/_archivos\/imagenes\/3701.jpg\" target=\"_blank\" rel=\"noopener noreferrer\">Descargar imagen<\/a><\/figcaption><\/figure>\n<figure id=\"attachment_505\" aria-describedby=\"caption-attachment-505\" style=\"width: 300px\" class=\"wp-caption alignnone\"><a href=\"\/_archivos\/imagenes\/3703.jpg\" target=\"_blank\" rel=\"noopener noreferrer\"><img decoding=\"async\" class=\"size-medium\" src=\"\/_archivos\/imagenes\/300\/3703.jpg\" alt=\"ULULA back\" title=\"ULULA back\" width=\"300\" height=\"auto\" \/><\/a><figcaption id=\"caption-attachment-505\" class=\"wp-caption-text\"><a href=\"\/_archivos\/imagenes\/3703.jpg\" target=\"_blank\" rel=\"noopener noreferrer\">Descargar imagen<\/a><\/figcaption><\/figure>\n<figure id=\"attachment_505\" aria-describedby=\"caption-attachment-505\" style=\"width: 300px\" class=\"wp-caption alignnone\"><a href=\"\/_archivos\/imagenes\/3704.jpg\" target=\"_blank\" rel=\"noopener noreferrer\"><img decoding=\"async\" class=\"size-medium\" src=\"\/_archivos\/imagenes\/300\/3704.jpg\" alt=\"El en\u00f3logo Jorge Barber\u00eda, la responsable de Exportaci\u00f3n Eva Roy el periodista gastron\u00f3mico Jos\u00e9 Lui\" title=\"El en\u00f3logo Jorge Barber\u00eda, la responsable de Exportaci\u00f3n Eva Roy el periodista gastron\u00f3mico Jos\u00e9 Lui\" width=\"300\" height=\"auto\" \/><\/a><figcaption id=\"caption-attachment-505\" class=\"wp-caption-text\"><a href=\"\/_archivos\/imagenes\/3704.jpg\" target=\"_blank\" rel=\"noopener noreferrer\">Descargar imagen<\/a><\/figcaption><\/figure>    \t<\/p>\n","protected":false},"excerpt":{"rendered":"<p>Bodegas Esteban Mart\u00edn, perteneciente a la Denominaci\u00f3n de Origen Protegida Cari\u00f1ena, ha presentado hoy en la Enoteca Khantaros de Zaragoza a los medios de comunicaci\u00f3n, sumilleres y diversos agentes del sector hostelero su nuevo vino &#8220;ULULA&#8221;. Este vino hecho principalmente con Garnacha y un toque de Syrah, presenta las caracter\u00edsticas propias del terreno agreste y &hellip;<\/p>\n","protected":false},"author":6,"featured_media":4145,"comment_status":"closed","ping_status":"closed","sticky":false,"template":"","format":"standard","meta":{"_genesis_hide_title":false,"_genesis_hide_breadcrumbs":false,"_genesis_hide_singular_image":false,"_genesis_hide_footer_widgets":false,"_genesis_custom_body_class":"","_genesis_custom_post_class":"","_genesis_layout":"","ngg_post_thumbnail":0,"footnotes":""},"categories":[1],"tags":[],"class_list":{"0":"post-4144","1":"post","2":"type-post","3":"status-publish","4":"format-standard","5":"has-post-thumbnail","7":"category-noticias","8":"entry"},"_links":{"self":[{"href":"https:\/\/elvinodelaspiedras.es\/en\/wp-json\/wp\/v2\/posts\/4144"}],"collection":[{"href":"https:\/\/elvinodelaspiedras.es\/en\/wp-json\/wp\/v2\/posts"}],"about":[{"href":"https:\/\/elvinodelaspiedras.es\/en\/wp-json\/wp\/v2\/types\/post"}],"author":[{"embeddable":true,"href":"https:\/\/elvinodelaspiedras.es\/en\/wp-json\/wp\/v2\/users\/6"}],"replies":[{"embeddable":true,"href":"https:\/\/elvinodelaspiedras.es\/en\/wp-json\/wp\/v2\/comments?post=4144"}],"version-history":[{"count":1,"href":"https:\/\/elvinodelaspiedras.es\/en\/wp-json\/wp\/v2\/posts\/4144\/revisions"}],"predecessor-version":[{"id":5825,"href":"https:\/\/elvinodelaspiedras.es\/en\/wp-json\/wp\/v2\/posts\/4144\/revisions\/5825"}],"wp:featuredmedia":[{"embeddable":true,"href":"https:\/\/elvinodelaspiedras.es\/en\/wp-json\/wp\/v2\/media\/4145"}],"wp:attachment":[{"href":"https:\/\/elvinodelaspiedras.es\/en\/wp-json\/wp\/v2\/media?parent=4144"}],"wp:term":[{"taxonomy":"category","embeddable":true,"href":"https:\/\/elvinodelaspiedras.es\/en\/wp-json\/wp\/v2\/categories?post=4144"},{"taxonomy":"post_tag","embeddable":true,"href":"https:\/\/elvinodelaspiedras.es\/en\/wp-json\/wp\/v2\/tags?post=4144"}],"curies":[{"name":"wp","href":"https:\/\/api.w.org\/{rel}","templated":true}]}}