{"id":4146,"date":"2019-09-20T00:00:00","date_gmt":"2019-09-20T00:00:00","guid":{"rendered":"http:\/\/elvinodelaspiedras.local\/anton-castro-invitado-de-honor-de-la-53-fiesta-de-la-vendimia-mi-vida-aragonesa-comienza-en-carinena-y-siempre-ha-estado-de-una-manera-muy-especial-dentro-de-mi\/"},"modified":"2020-11-13T12:29:26","modified_gmt":"2020-11-13T12:29:26","slug":"anton-castro-invitado-de-honor-de-la-53-fiesta-de-la-vendimia-mi-vida-aragonesa-comienza-en-carinena-y-siempre-ha-estado-de-una-manera-muy-especial-dentro-de-mi","status":"publish","type":"post","link":"https:\/\/elvinodelaspiedras.es\/en\/comunicacion\/noticias\/anton-castro-invitado-de-honor-de-la-53-fiesta-de-la-vendimia-mi-vida-aragonesa-comienza-en-carinena-y-siempre-ha-estado-de-una-manera-muy-especial-dentro-de-mi\/","title":{"rendered":"Ant\u00f3n Castro, invitado de honor de la 53\u00aa fiesta de la vendimia: \u201cmi vida aragonesa comienza en Cari\u00f1ena y siempre ha estado de una manera muy especial dentro de m\u00ed\u201d"},"content":{"rendered":"<p>La <strong>Denominaci\u00f3n de Origen Protegida Cari\u00f1ena<\/strong> celebra el pr\u00f3ximo <strong>domingo 22 de septiembre<\/strong>, la <strong>53\u00aa edici\u00f3n<\/strong> de su <strong>Fiesta de la Vendimia<\/strong>, reconocida como <strong>Fiesta de Inter\u00e9s Tur\u00edstico de Arag\u00f3n<\/strong>. Este a\u00f1o el evento contar\u00e1 como <strong>protagonista destacado<\/strong> con el <strong>escritor y periodista Ant\u00f3n Castro<\/strong>, que es el <strong>Invitado de Honor<\/strong> y encargado de <strong>&#8220;encender&#8221; la Fuente de la Mora<\/strong> para que <strong>mane vino<\/strong> en vez de agua durante toda la jornada. Adem\u00e1s, <strong>impondr\u00e1 sus manos<\/strong> en el <strong>Paseo de las Estrellas<\/strong> de la localidad.<\/p>\n<p>La D.O.P. Cari\u00f1ena ha resaltado la <strong>elecci\u00f3n de Ant\u00f3n Castro<\/strong> como un <strong>reconocimiento a su destacada trayectoria<\/strong>, durante m\u00e1s de cuarenta a\u00f1os, en el <strong>mundo del periodismo y la cultura en Arag\u00f3n<\/strong> y a su <strong>especial vinculaci\u00f3n con la Denominaci\u00f3n<\/strong>, que ha plasmado en obras como su novela <strong>&#8220;Cari\u00f1ena&#8221; <\/strong>y el poemario<strong> &#8220;Vino del mar&#8221;<\/strong>, su \u00faltimo trabajo. Una <strong>vinculaci\u00f3n<\/strong>, que el propio <strong>autor destaca <\/strong>que se remonta a su llegada a Zaragoza con 19 a\u00f1os:<strong> &#8220;Mi vida aragonesa comienza en Cari\u00f1ena&#8221;<\/strong>.<\/p>\n<p>PREGUNTA.- \u00bfQu\u00e9 siente al ser el Invitado de Honor de este a\u00f1o de la Fiesta de la Vendimia?<\/p>\n<p>RESPUESTA.- Es <strong>un orgullo y una satisfacci\u00f3n inmensa<\/strong>. S\u00e9 que se dice siempre, pero aunque tengo un <strong>gran cari\u00f1o y vinculaci\u00f3n con Cari\u00f1ena<\/strong> ni se me hab\u00eda pasado por la cabeza que fuera posible. He estado en varias Fiestas de la Vendimia, como en la de Juan Echanove, que me emocion\u00f3 mucho, pero <strong>nunca pens\u00e9 que yo pudiera estar all\u00ed<\/strong>.<\/p>\n<p>P.- -Esa vinculaci\u00f3n es ya larga, porque su primer contacto con Cari\u00f1ena fue como vendimiador con solo 19 a\u00f1os, tal y como cuenta en la novela autobiogr\u00e1fica &#8220;Cari\u00f1ena&#8221;. \u00bfQu\u00e9 recuerdos tiene de aquella experiencia y su posterior relaci\u00f3n con esta Denominaci\u00f3n?<\/p>\n<p>R.- Llegu\u00e9 <strong>hace cuarenta a\u00f1os<\/strong> pr\u00e1cticamente al lugar donde ahora se hace el acto de la Fiesta de la Vendimia, a un bar que hab\u00eda en la plaza. Nunca hab\u00eda trabajado <strong>en la vendimia<\/strong>, pero alguien me hab\u00eda dicho que all\u00ed me dar\u00edan trabajo. Como cuento en &#8220;Cari\u00f1ena&#8221; recuerdo que el primero con el que habl\u00e9 fue un se\u00f1or, que me pregunt\u00f3: &#8220;\u00bfPero tienes colla?&#8221;. Cuando publiqu\u00e9 la novela, todo el mundo me dijo que la palabra colla (equipo de trabajo) no se usa en Cari\u00f1ena, pero me acuerdo perfectamente de que me lo dijo as\u00ed.<\/p>\n<p>Estuve cuatro o cinco d\u00edas intentando encontrar empleo y dorm\u00ed en las cuevas enfrente de la gasolinera. Luego fui por las distintas cooperativas y casas privadas pidiendo trabajo y encontrando desde gente que me desde\u00f1aba hasta otros muy atentos que te dec\u00edan que volvieras en unos d\u00edas.<\/p>\n<p>Fue una <strong>experiencia maravillosa<\/strong> porque ve\u00eda cada d\u00eda esos mares de vi\u00f1edos, la torre inmensa que parece dominarlo todo, las superficies aterrazadas&#8230; <strong>Ese imaginario, ese paisaje<\/strong> y ese oto\u00f1o tan especial fueron <strong>sensaciones muy bonitas<\/strong> y en cierta manera, <strong>mi vida aragonesa comienza en Cari\u00f1ena<\/strong>; all\u00ed conoc\u00ed muchas experiencias y personas y <strong>desde entonces he ido much\u00edsimas veces<\/strong>. <strong>Cari\u00f1ena siempre ha estado de una manera muy especial dentro de m\u00ed<\/strong> y sab\u00eda que ten\u00eda como una <strong>deuda con este lugar<\/strong>. As\u00ed hice mi <strong>novela &#8220;Cari\u00f1ena&#8221;<\/strong>, y ahora tambi\u00e9n un <strong>poemario, &#8220;Vino del mar&#8221;<\/strong>.<\/p>\n<p>P.- \u00bfY en estas o en otras de sus obras c\u00f3mo resumir\u00eda la imagen del territorio que ha querido transmitir?<\/p>\n<p>R.- Una superficie de lomas muy especial, con sus yesos y pizarras. Es una <strong>tierra que dialoga constantemente con las estaciones<\/strong>, con ese cielo tan especial. Y tambi\u00e9n es una tierra <strong>de trabajo y de sue\u00f1os<\/strong>, con una atm\u00f3sfera de <strong>manufactura artesana del vino<\/strong> que me <strong>gusta tambi\u00e9n much\u00edsimo<\/strong>.<\/p>\n<p>Una de las experiencias m\u00e1s placenteras que he tenido \u00faltimamente ha sido ir a los vi\u00f1edos de Alfam\u00e9n y dar un paseo por los surcos, tocando los racimos. Puede parecer una tonter\u00eda, algo que los viticultores o los en\u00f3logos hacen a diario; pero para m\u00ed fue una <strong>sensaci\u00f3n absolutamente gozosa y de comuni\u00f3n con la naturaleza<\/strong>. Ah\u00ed se mezclan el trabajo, la artesan\u00eda, el buen vino, los sue\u00f1os&#8230;<\/p>\n<p>El <strong>vino <\/strong>es un arte de s<strong>educci\u00f3n<\/strong>, es <strong>placer<\/strong>, <strong>encuentro<\/strong>&#8230; y todo eso me lo dice a m\u00ed el campo de Cari\u00f1ena. Recuerdo los <strong>vinos<\/strong> que hab\u00eda cuando llegue aqu\u00ed y la <strong>evoluci\u00f3<\/strong>n ha sido <strong>absolutamente maravillosa<\/strong>; yo soy <strong>consumidor muy habitual<\/strong> de diversas marcas y tambi\u00e9n se ve en mis libros.<\/p>\n<p>P.- Sin duda pues el vino es cultura<\/p>\n<p>R.- El vino es un <strong>elemento cultural tan antiguo como el hombre<\/strong> y est\u00e1 <strong>lleno de matices y riqueza<\/strong>. Dice Miguel Mena que el vino es &#8220;alquimia, placer, pasi\u00f3n y vida&#8221;. No hay nada m\u00e1s bonito que estar con amigos, con un amor, sencillamente en una sobremesa, y con una copa de vino percibir todos sus matices. Y en eso, los <strong>vinos de Cari\u00f1ena<\/strong> son <strong>gozosos<\/strong> y no tienen que envidiar nada a cualquier otro.<\/p>\n<p>P.- En otra muestra m\u00e1s de la relaci\u00f3n del vino y la cultura su &#8220;Cari\u00f1ena&#8221; podr\u00eda ser llevada al cine, \u00bfc\u00f3mo se encuentra este proyecto?<\/p>\n<p>R.- Es otra alegr\u00eda inesperada. Estoy trabajando en &#8220;Sin cobertura&#8221;, una serie para Arag\u00f3n TV, con un <strong>director<\/strong> de cine absolutamente maravilloso que se llama <strong>Javier Calvo Torrecilla<\/strong>. La vida me ha regalado con \u00e9l un amigo y casi un hermano y le regal\u00e9 un ejemplar de &#8220;Cari\u00f1ena&#8221; porque pens\u00e9 que le gustar\u00eda; pero me llam\u00f3 al poco y me dijo: &#8220;Oye Ant\u00f3n, aqu\u00ed hay una pel\u00edcula y la tenemos que hacer inmediatamente&#8221;.<\/p>\n<p>\u00c9l <strong>tiene much\u00edsima ilusi\u00f3n<\/strong>, est\u00e1 confeccionando el guion y lo ha presentado a varios lugares para conseguir la financiaci\u00f3n. Javier trabaj\u00f3 mucho con Bigas Luna, ha hecho much\u00edsima publicidad y se ha puesto a trabajar en el proyecto maravillosamente bien. No se puede decir todav\u00eda seguro que se va a hacer, porque sacar adelante una pel\u00edcula es algo muy dif\u00edcil; pero se est\u00e1 esforzando y es algo que <strong>a m\u00ed me encantar\u00eda<\/strong>. Una de mis pel\u00edculas favoritas es <strong>&#8220;Tierra&#8221; de Julio Medem<\/strong>, rodada tambi\u00e9n en Cari\u00f1ena, y para m\u00ed que se llevara mi novela &#8220;Cari\u00f1ena&#8221; al cine ser\u00eda maravilloso, como pedir el cielo y que te lo den.<\/p>\n<hr>\n<figure id=\"attachment_506\" aria-describedby=\"caption-attachment-506\" style=\"width: 300px\" class=\"wp-caption alignnone\"><a href=\"\/_archivos\/imagenes\/3705.jpg\" target=\"_blank\" rel=\"noopener noreferrer\"><img decoding=\"async\" class=\"size-medium\" src=\"\/_archivos\/imagenes\/300\/3705.jpg\" alt=\"Ant\u00f3n Castro, Invitado de Honor de la 53 Fiesta de la Vendimia de la DOP Cari\u00f1ena\" title=\"Ant\u00f3n Castro, Invitado de Honor de la 53 Fiesta de la Vendimia de la DOP Cari\u00f1ena\" width=\"300\" height=\"auto\" \/><\/a><figcaption id=\"caption-attachment-506\" class=\"wp-caption-text\"><a href=\"\/_archivos\/imagenes\/3705.jpg\" target=\"_blank\" rel=\"noopener noreferrer\">Descargar imagen<\/a><\/figcaption><\/figure>\n<figure id=\"attachment_506\" aria-describedby=\"caption-attachment-506\" style=\"width: 300px\" class=\"wp-caption alignnone\"><a href=\"\/_archivos\/imagenes\/3706.jpg\" target=\"_blank\" rel=\"noopener noreferrer\"><img decoding=\"async\" class=\"size-medium\" src=\"\/_archivos\/imagenes\/300\/3706.jpg\" alt=\"Ant\u00f3n Castro con las dos ediciones de su novela Cari\u00f1ena y el poemario Vino del mar\" title=\"Ant\u00f3n Castro con las dos ediciones de su novela Cari\u00f1ena y el poemario Vino del mar\" width=\"300\" height=\"auto\" \/><\/a><figcaption id=\"caption-attachment-506\" class=\"wp-caption-text\"><a href=\"\/_archivos\/imagenes\/3706.jpg\" target=\"_blank\" rel=\"noopener noreferrer\">Descargar imagen<\/a><\/figcaption><\/figure>    \t<\/p>\n","protected":false},"excerpt":{"rendered":"<p>La Denominaci\u00f3n de Origen Protegida Cari\u00f1ena celebra el pr\u00f3ximo domingo 22 de septiembre, la 53\u00aa edici\u00f3n de su Fiesta de la Vendimia, reconocida como Fiesta de Inter\u00e9s Tur\u00edstico de Arag\u00f3n. Este a\u00f1o el evento contar\u00e1 como protagonista destacado con el escritor y periodista Ant\u00f3n Castro, que es el Invitado de Honor y encargado de &#8220;encender&#8221; &hellip;<\/p>\n","protected":false},"author":6,"featured_media":4147,"comment_status":"closed","ping_status":"closed","sticky":false,"template":"","format":"standard","meta":{"_genesis_hide_title":false,"_genesis_hide_breadcrumbs":false,"_genesis_hide_singular_image":false,"_genesis_hide_footer_widgets":false,"_genesis_custom_body_class":"","_genesis_custom_post_class":"","_genesis_layout":"","ngg_post_thumbnail":0,"footnotes":""},"categories":[1],"tags":[],"class_list":{"0":"post-4146","1":"post","2":"type-post","3":"status-publish","4":"format-standard","5":"has-post-thumbnail","7":"category-noticias","8":"entry"},"_links":{"self":[{"href":"https:\/\/elvinodelaspiedras.es\/en\/wp-json\/wp\/v2\/posts\/4146"}],"collection":[{"href":"https:\/\/elvinodelaspiedras.es\/en\/wp-json\/wp\/v2\/posts"}],"about":[{"href":"https:\/\/elvinodelaspiedras.es\/en\/wp-json\/wp\/v2\/types\/post"}],"author":[{"embeddable":true,"href":"https:\/\/elvinodelaspiedras.es\/en\/wp-json\/wp\/v2\/users\/6"}],"replies":[{"embeddable":true,"href":"https:\/\/elvinodelaspiedras.es\/en\/wp-json\/wp\/v2\/comments?post=4146"}],"version-history":[{"count":1,"href":"https:\/\/elvinodelaspiedras.es\/en\/wp-json\/wp\/v2\/posts\/4146\/revisions"}],"predecessor-version":[{"id":5824,"href":"https:\/\/elvinodelaspiedras.es\/en\/wp-json\/wp\/v2\/posts\/4146\/revisions\/5824"}],"wp:featuredmedia":[{"embeddable":true,"href":"https:\/\/elvinodelaspiedras.es\/en\/wp-json\/wp\/v2\/media\/4147"}],"wp:attachment":[{"href":"https:\/\/elvinodelaspiedras.es\/en\/wp-json\/wp\/v2\/media?parent=4146"}],"wp:term":[{"taxonomy":"category","embeddable":true,"href":"https:\/\/elvinodelaspiedras.es\/en\/wp-json\/wp\/v2\/categories?post=4146"},{"taxonomy":"post_tag","embeddable":true,"href":"https:\/\/elvinodelaspiedras.es\/en\/wp-json\/wp\/v2\/tags?post=4146"}],"curies":[{"name":"wp","href":"https:\/\/api.w.org\/{rel}","templated":true}]}}