{"id":4150,"date":"2019-10-23T00:00:00","date_gmt":"2019-10-23T00:00:00","guid":{"rendered":"http:\/\/elvinodelaspiedras.local\/bodegas-san-valero-se-reinventa-para-celebrar-sus-75-vendimias-con-un-homenaje-a-su-pasado-y-un-ambicioso-plan-de-futuro\/"},"modified":"2020-11-13T16:04:06","modified_gmt":"2020-11-13T16:04:06","slug":"bodegas-san-valero-se-reinventa-para-celebrar-sus-75-vendimias-con-un-homenaje-a-su-pasado-y-un-ambicioso-plan-de-futuro","status":"publish","type":"post","link":"https:\/\/elvinodelaspiedras.es\/en\/comunicacion\/noticias\/bodegas-san-valero-se-reinventa-para-celebrar-sus-75-vendimias-con-un-homenaje-a-su-pasado-y-un-ambicioso-plan-de-futuro\/","title":{"rendered":"Bodegas San Valero se reinventa para celebrar sus 75 vendimias con un homenaje a su pasado y un ambicioso plan de futuro"},"content":{"rendered":"<p>La&nbsp;<strong>Cooperativa Vin\u00edcola<\/strong><strong> San Valero <\/strong>(hasta ahora Grupo BSV), una de las mayores bodegas de la&nbsp;<strong>D.O<\/strong><strong>.P. Cari\u00f1ena<\/strong> y de todo&nbsp;<strong>Arag\u00f3n<\/strong>, cumple este oto\u00f1o&nbsp;<strong>75 Vendimias, <\/strong>nombre con el que quiere celebrar el aniversario. Setenta y cinco a\u00f1os de una&nbsp;<strong>exitosa trayectoria profesional<\/strong>, con presencia en los principales mercados internacionales. San Valero&nbsp;<strong>ha dise\u00f1ado un ambicioso plan de futuro<\/strong> que incluye la&nbsp;<strong>renovaci\u00f3n <\/strong>de la<strong> estructura empresarial<\/strong> y de la&nbsp;<strong>imagen del grupo<\/strong> y una&nbsp;<strong>nueva<\/strong> <strong>gama de productos<\/strong>. Un&nbsp;<strong>evento con<\/strong> la presencia del&nbsp;<strong>ministro de Agricultura en funciones<\/strong>,&nbsp;<strong>Luis Planas<\/strong>, servir\u00e1 para&nbsp;<strong>lanzar esta nueva etapa<\/strong>, con&nbsp;<strong>acciones<\/strong> como la salida al mercado de una nueva&nbsp;<strong>marca de vinos ecol\u00f3gicos<\/strong>.<\/p>\n<p>Todas estas novedades han sido presentadas hoy en rueda de prensa por&nbsp;<strong>Ignacio Pastor<\/strong>, director general de la Cooperativa, y&nbsp;<strong>Javier Domeque<\/strong>, director de Marketing.<\/p>\n<p>Los responsables de San Valero se\u00f1alan que la efem\u00e9ride tendr\u00e1 una doble perspectiva:&nbsp;<strong>reivindicar la historia de la cooperativa<\/strong> y el papel de sus socios y&nbsp;<strong>preparar el futuro<\/strong> para seguir mejorando y creando vinos y cavas con identidad propia, distinci\u00f3n y versatilidad. Dos miradas que confluyen en&nbsp;<strong>dos grandes actos<\/strong> que se celebrar\u00e1n en una de las \u00faltimas adquisiciones del grupo, la&nbsp;<strong>bodega Tierra de Cubas<\/strong>, en Cari\u00f1ena, un cuidado espacio rodeado de vi\u00f1edos dedicado a la elaboraci\u00f3n de vinos de autor y el ecoturismo, como hotel de cuatro estrellas.<\/p>\n<p>As\u00ed, el&nbsp;<strong>s\u00e1bado 26 de octubre<\/strong>, los socios&nbsp;<strong>viticultores<\/strong> de la cooperativa, los&nbsp;<strong>trabajadores<\/strong>,&nbsp;<strong>colaboradores<\/strong> y amigos, m\u00e1s de&nbsp;<strong>800 personas en total<\/strong>, se unir\u00e1n en una&nbsp;<strong>fiesta para celebrar la trayectoria y agradecer el papel de los asociados<\/strong>. San Valero naci\u00f3 en&nbsp;<strong>1944<\/strong> como una cooperativa con&nbsp;<strong>66 socios<\/strong> y dedicada a la elaboraci\u00f3n de&nbsp;<strong>vino a granel<\/strong> y&nbsp;<strong>actualmente<\/strong> suma&nbsp;<strong>500 socios y 120 trabajadores, 4.000 hect\u00e1reas<\/strong> de vi\u00f1edo y produce m\u00e1s de&nbsp;<strong>15 millones de botellas<\/strong> al a\u00f1o (m\u00e1s de&nbsp;<strong>11 millones de litros<\/strong>), tras una exitosa historia con&nbsp;<strong>hitos de innovaci\u00f3n<\/strong> como ser la&nbsp;<strong>primera bodega en Espa\u00f1a<\/strong> en realizar la&nbsp;<strong>vendimia controlada<\/strong> o la&nbsp;<strong>primera en Arag\u00f3n<\/strong> en&nbsp;<strong>embotellar <\/strong>industrialmente<strong> o en elaborar cava<\/strong>.<\/p>\n<p>Este esp\u00edritu ha llevado a celebrar las<strong> 75 Vendimias con una reestructuraci\u00f3n del Grupo<\/strong>, que se&nbsp;<strong>presentar\u00e1 al p\u00fablico<\/strong> el lunes&nbsp;<strong>28 de octubre<\/strong> en una recepci\u00f3n con la&nbsp;<strong>presencia<\/strong> del&nbsp;<strong>ministro de Agricultura, Pesca y Alimentaci\u00f3n<\/strong> del Gobierno de Espa\u00f1a,&nbsp;<strong>Luis Planas<\/strong>, y del&nbsp;<strong>presidente del Gobierno de Arag\u00f3n<\/strong>,&nbsp;<strong>Javier Lamb\u00e1n<\/strong>; junto a las principales autoridades de Arag\u00f3n y los nombres m\u00e1s destacados en la Comunidad de los&nbsp;<strong>sectores agr\u00edcola, empresarial y vitivin\u00edcola<\/strong>.<\/p>\n<p>En este acto,&nbsp;<strong>Jos\u00e9 Antonio Ruiz<\/strong>,&nbsp;<strong>presidente del Grupo Bodegas San Valero<\/strong>, e&nbsp;<strong>Ignacio Pastor<\/strong>,&nbsp;<strong>director general<\/strong>, presentar\u00e1n el&nbsp;<strong>nuevo proyecto<\/strong> y se proyectar\u00e1 un&nbsp;<strong>v\u00eddeo<\/strong> sobre los&nbsp;<strong>75 a\u00f1os de historia<\/strong>.&nbsp;<strong>Intervendr\u00e1n<\/strong> tambi\u00e9n el ministro&nbsp;<strong>Luis Planas<\/strong> y el presidente&nbsp;<strong>Javier Lamb\u00e1n<\/strong>, as\u00ed como el&nbsp;<strong>alcalde de Cari\u00f1ena<\/strong>,&nbsp;<strong>Sergio Ortiz<\/strong>. Una&nbsp;<strong>ceremonia<\/strong> que ser\u00e1&nbsp;<strong>presentada por Mariano Navascu\u00e9s<\/strong>, asesor en marketing y comunicaci\u00f3n vitivin\u00edcola y presentador de televisi\u00f3n.<\/p>\n<p><strong>INNOVACI\u00d3N Y RESPETO POR LA CALIDAD Y LA TRADICI\u00d3N<\/strong><\/p>\n<p>Para la celebraci\u00f3n se ha dise\u00f1ado un logotipo conmemorativo de las 75 Vendimias. San Valero ha querido que esta&nbsp;<strong>conmemoraci\u00f3n<\/strong> sume un&nbsp;<strong>nuevo hito<\/strong> en la historia de la cooperativa para&nbsp;<strong>continuar avanzando en el futuro<\/strong> sobre las&nbsp;<strong>claves<\/strong> que han definido su&nbsp;<strong>trabajo<\/strong> desde su creaci\u00f3n:&nbsp;<strong>innovaci\u00f3n constante y respeto por la calidad y la tradici\u00f3n<\/strong>. Como&nbsp;<strong>aspectos fundamentales<\/strong>, se quiere reforzar la labor de&nbsp;<strong>marketing<\/strong> y la&nbsp;<strong>particularidad de los vinos<\/strong>.<\/p>\n<p>As\u00ed, volviendo a sus or\u00edgenes, se sustituye el actual&nbsp;<strong>nombre<\/strong> de Grupo BSV (Bodegas San Valero) por el de&nbsp;<strong>Cooperativa Vin\u00edcola San Valero<\/strong>, recuperando un&nbsp;<strong>concepto<\/strong> que destaca la&nbsp;<strong>vinculaci\u00f3n al territorio<\/strong> y la&nbsp;<strong>uni\u00f3n<\/strong> como&nbsp;<strong>signos de identidad<\/strong>.&nbsp;<strong>Bajo esta cabecera<\/strong> se&nbsp;<strong>agrupan cuatro bodegas<\/strong>, que cubren todo el abanico para la producci\u00f3n de excelentes vinos que ofrece el territorio de la Denominaci\u00f3n de Origen Protegida Cari\u00f1ena. Se busca as\u00ed&nbsp;<strong>reestructurar <\/strong>las distintas&nbsp;<strong>marcas que se elaboran<\/strong>, dejando a&nbsp;<strong>cada una<\/strong> un&nbsp;<strong>espacio mucho m\u00e1s definido<\/strong> y&nbsp;<strong>destacando su personalidad<\/strong>, y&nbsp;<strong>presentando nuevos vinos<\/strong>.<\/p>\n<p>La&nbsp;<strong>principal novedad<\/strong> es la&nbsp;<strong>apertura de la nueva Bodegaverde de San Valero<\/strong>, que la pr\u00f3xima primavera comenzar\u00e1 a comercializar con este&nbsp;<strong>mismo nombre<\/strong> la&nbsp;<strong>l\u00ednea de vinos ecol\u00f3gicos<\/strong> de San Valero, ahondando en el respeto al medioambiente como una de las l\u00edneas de futuro. Estos vinos culminan el&nbsp;<strong>proyecto Almoecowine<\/strong>, tras un periodo de cuatro a\u00f1os para la&nbsp;<strong>reconversi\u00f3n de terrenos<\/strong> a las exigencias de la producci\u00f3n ecol\u00f3gica,&nbsp;<strong>certificada<\/strong> por el&nbsp;<strong>Comit\u00e9 Aragon\u00e9s de Agricultura Ecol\u00f3gica<\/strong>, y a la&nbsp;<strong>formaci\u00f3n de los viticultores<\/strong> en las pr\u00e1cticas agrarias, as\u00ed como a la&nbsp;<strong>adecuaci\u00f3n de la bodega<\/strong> Cuevas de Algair\u00e9n, en Almonacid de la Sierra. Con una producci\u00f3n de 1,5 millones de kilos de uva, Bodegaverde es el&nbsp;<strong>mayor vi\u00f1edo ecol\u00f3gico de Arag\u00f3n<\/strong>.<\/p>\n<p>La&nbsp;<strong>Bodega Gran<\/strong><strong> Ducay<\/strong>,&nbsp;<strong>inscrita en la D.O.P. Cava<\/strong>, acoge este caracter\u00edstico producto de San Valero. Nacida en&nbsp;<strong>1984<\/strong>, se ha afianzado en una de&nbsp;<strong>las referencias del cava aragon\u00e9s y nacional<\/strong>, con sus uvas cultivadas en el paraje de Monte Ducay, muy valorado por la calidad de sus suelos. Para reforzar su posici\u00f3n, se ha preparado una&nbsp;<strong>imagen completamente renovada<\/strong> <strong>de la marca<\/strong>, basada en el concepto de embotellar el sol de Cari\u00f1ena.<\/p>\n<p>Por su parte,&nbsp;<strong>Bodega Particular<\/strong>, fundada en&nbsp;<strong>2014<\/strong>, re\u00fane la gama de vinos de&nbsp;<strong>producci\u00f3n limitada<\/strong> que se etiquetan con este nombre en&nbsp;<strong>homenaje a las maneras antiguas<\/strong> y los antiguos viticultores, cuando elaboraban y separaban vino para su consumo particular. Una selecci\u00f3n a partir de cepas centenarias de las variedades m\u00e1s caracter\u00edsticas de la D.O.P. Cari\u00f1ena, ocho en la actualidad, a las que se ahora&nbsp;<strong>se sumar\u00e1<\/strong> una nueva, un original vino elaborado con la poco extendida uva&nbsp;<strong>garnacha blanca<\/strong> y que recuerda al meteorito que hace 35 millones de a\u00f1os cay\u00f3 sobre lo que hoy son las tierras de la Denominaci\u00f3n y provoc\u00f3 un cambio en su geolog\u00eda, a la que debe sus condiciones para el cultivo de la vid, y el nuevo&nbsp;<strong>Cava Particular Garnacha Blanc de Noirs Reserva<\/strong> con una crianza en botella de 15 meses en la oscuridad y profundidad de sus cavas.<\/p>\n<p>Finalmente,<strong> Bodega San Valero (BSV)<\/strong> mantiene el&nbsp;<strong>esp\u00edritu de la fundada en 1944<\/strong> y agrupa a la mayor\u00eda de referencias;&nbsp;<strong>vinos de todo tipo<\/strong>, elaborados por una nueva generaci\u00f3n de viticultores con la&nbsp;<strong>misma pasi\u00f3n<\/strong> y una&nbsp;<strong>nueva mirada<\/strong> para aprovechar al m\u00e1ximo las condiciones de la D.O.P. Cari\u00f1ena para el cultivo de la uva y el buen hacer de sus profesionales. Re\u00fane las marcas m\u00e1s conocidas de San Valero, como&nbsp;<strong>Monte Ducay o Marqu\u00e9s de Tosos<\/strong> y premiados vinos de autor y edici\u00f3n limitada como&nbsp;<strong>Gala Placidia o 8.0.1.<\/strong> Todos ellos lucir\u00e1n progresivamente en sus etiquetas nuevos dise\u00f1os, empezando por este \u00faltimo.<\/p>\n<p>Adem\u00e1s, San Valero lanzar\u00e1 en pr\u00f3ximas fechas la nueva&nbsp;<strong>colecci\u00f3n de monovarietales &#8220;Celebrities&#8221;<\/strong>, dedicada a las variedades internacionales de uva m\u00e1s representativas de la D.O.P. Cari\u00f1ena:&nbsp;<strong>cabernet-sauvignon, merlot y syrah<\/strong>.<\/p>\n<p>Las novedades en los vinos incluyen tambi\u00e9n la&nbsp;<strong>elaboraci\u00f3n especial<\/strong> de &#8220;<strong>500 Manos&#8221;<\/strong>, un vino lanzado&nbsp;<strong>exclusivamente este a\u00f1o<\/strong> para&nbsp;<strong>honrar a los socios<\/strong> de la cooperativa con una&nbsp;<strong>etiqueta desplegable con los nombres<\/strong> de todos ellos. Se trata de un&nbsp;<strong>coupage de cabernet, syrah y merlot<\/strong>, presentado como producto directamente de Cooperativa Vin\u00edcola San Valero, no de una de sus bodegas.<\/p>\n<p>La organizaci\u00f3n de las bodegas se completa con una&nbsp;<strong>nueva imagen e identidad<\/strong>, con nuevos logotipos y presentaciones para transmitir todos los valores de Cooperativa Vin\u00edcola San Valero.<\/p>\n<p>Actualmente&nbsp;<strong>San Valero<\/strong> es&nbsp;<strong>productor l\u00edder<\/strong> de la&nbsp;<strong>Denominaci\u00f3n<\/strong><strong> de Origen Cari\u00f1ena<\/strong>, con cerca del&nbsp;<strong>27 %<\/strong> de todo el vino con su sello, y&nbsp;<strong>vende m\u00e1s de 11 millones de litros al a\u00f1o<\/strong>;&nbsp;<strong>exporta<\/strong> casi el&nbsp;<strong>60 %<\/strong> de su producci\u00f3n, con presencia en m\u00e1s de 33 pa\u00edses que van de Reino Unido y Suiza a Estados Unidos y China. Su calidad est\u00e1 reconocida con m\u00e1s de&nbsp;<strong>cien premios<\/strong> y medallas solo en los&nbsp;<strong>\u00faltimos cinco a\u00f1os<\/strong>. Continuar en esta l\u00ednea, con la&nbsp;<strong>calidad como ventaja competitiva<\/strong>, sigue siendo la meta en esta celebraci\u00f3n de las 75 Vendimias.<\/p>\n<hr>\n<figure id=\"attachment_508\" aria-describedby=\"caption-attachment-508\" style=\"width: 300px\" class=\"wp-caption alignnone\"><a href=\"\/_archivos\/imagenes\/3714.jpg\" target=\"_blank\" rel=\"noopener noreferrer\"><img decoding=\"async\" class=\"size-medium\" title=\"Ignacio Pastor, director general de Cooperativa Vin\u00edcola San Valero\" src=\"\/_archivos\/imagenes\/300\/3714.jpg\" alt=\"Ignacio Pastor, director general de Cooperativa Vin\u00edcola San Valero\" width=\"300\" height=\"auto\"><\/a><figcaption id=\"caption-attachment-508\" class=\"wp-caption-text\"><a href=\"\/_archivos\/imagenes\/3714.jpg\" target=\"_blank\" rel=\"noopener noreferrer\">Descargar imagen<\/a><\/figcaption><\/figure>\n<figure id=\"attachment_508\" aria-describedby=\"caption-attachment-508\" style=\"width: 300px\" class=\"wp-caption alignnone\"><a href=\"\/_archivos\/imagenes\/3715.jpg\" target=\"_blank\" rel=\"noopener noreferrer\"><img decoding=\"async\" class=\"size-medium\" title=\"Presentaci\u00f3n de las 75 Vendimias de Cooperativa Vin\u00edcola San Valero\" src=\"\/_archivos\/imagenes\/300\/3715.jpg\" alt=\"Presentaci\u00f3n de las 75 Vendimias de Cooperativa Vin\u00edcola San Valero\" width=\"300\" height=\"auto\"><\/a><figcaption id=\"caption-attachment-508\" class=\"wp-caption-text\"><a href=\"\/_archivos\/imagenes\/3715.jpg\" target=\"_blank\" rel=\"noopener noreferrer\">Descargar imagen<\/a><\/figcaption><\/figure>\n<figure id=\"attachment_508\" aria-describedby=\"caption-attachment-508\" style=\"width: 300px\" class=\"wp-caption alignnone\"><a href=\"\/_archivos\/imagenes\/3716.jpg\" target=\"_blank\" rel=\"noopener noreferrer\"><img decoding=\"async\" class=\"size-medium\" title=\"Jos\u00e9 Antonio Ruiz, presidente de San Valero_ Ignacio Pastor, director general, y Javier Domeque, dir\" src=\"\/_archivos\/imagenes\/300\/3716.jpg\" alt=\"Jos\u00e9 Antonio Ruiz, presidente de San Valero_ Ignacio Pastor, director general, y Javier Domeque, dir\" width=\"300\" height=\"auto\"><\/a><figcaption id=\"caption-attachment-508\" class=\"wp-caption-text\"><a href=\"\/_archivos\/imagenes\/3716.jpg\" target=\"_blank\" rel=\"noopener noreferrer\">Descargar imagen<\/a><\/figcaption><\/figure>\n","protected":false},"excerpt":{"rendered":"<p>La&nbsp;Cooperativa Vin\u00edcola San Valero (hasta ahora Grupo BSV), una de las mayores bodegas de la&nbsp;D.O.P. Cari\u00f1ena y de todo&nbsp;Arag\u00f3n, cumple este oto\u00f1o&nbsp;75 Vendimias, nombre con el que quiere celebrar el aniversario. Setenta y cinco a\u00f1os de una&nbsp;exitosa trayectoria profesional, con presencia en los principales mercados internacionales. San Valero&nbsp;ha dise\u00f1ado un ambicioso plan de futuro que &hellip;<\/p>\n","protected":false},"author":7,"featured_media":4151,"comment_status":"closed","ping_status":"closed","sticky":false,"template":"","format":"standard","meta":{"_genesis_hide_title":false,"_genesis_hide_breadcrumbs":false,"_genesis_hide_singular_image":false,"_genesis_hide_footer_widgets":false,"_genesis_custom_body_class":"","_genesis_custom_post_class":"","_genesis_layout":"","ngg_post_thumbnail":0,"footnotes":""},"categories":[1],"tags":[],"class_list":{"0":"post-4150","1":"post","2":"type-post","3":"status-publish","4":"format-standard","5":"has-post-thumbnail","7":"category-noticias","8":"entry"},"_links":{"self":[{"href":"https:\/\/elvinodelaspiedras.es\/en\/wp-json\/wp\/v2\/posts\/4150"}],"collection":[{"href":"https:\/\/elvinodelaspiedras.es\/en\/wp-json\/wp\/v2\/posts"}],"about":[{"href":"https:\/\/elvinodelaspiedras.es\/en\/wp-json\/wp\/v2\/types\/post"}],"author":[{"embeddable":true,"href":"https:\/\/elvinodelaspiedras.es\/en\/wp-json\/wp\/v2\/users\/7"}],"replies":[{"embeddable":true,"href":"https:\/\/elvinodelaspiedras.es\/en\/wp-json\/wp\/v2\/comments?post=4150"}],"version-history":[{"count":2,"href":"https:\/\/elvinodelaspiedras.es\/en\/wp-json\/wp\/v2\/posts\/4150\/revisions"}],"predecessor-version":[{"id":6430,"href":"https:\/\/elvinodelaspiedras.es\/en\/wp-json\/wp\/v2\/posts\/4150\/revisions\/6430"}],"wp:featuredmedia":[{"embeddable":true,"href":"https:\/\/elvinodelaspiedras.es\/en\/wp-json\/wp\/v2\/media\/4151"}],"wp:attachment":[{"href":"https:\/\/elvinodelaspiedras.es\/en\/wp-json\/wp\/v2\/media?parent=4150"}],"wp:term":[{"taxonomy":"category","embeddable":true,"href":"https:\/\/elvinodelaspiedras.es\/en\/wp-json\/wp\/v2\/categories?post=4150"},{"taxonomy":"post_tag","embeddable":true,"href":"https:\/\/elvinodelaspiedras.es\/en\/wp-json\/wp\/v2\/tags?post=4150"}],"curies":[{"name":"wp","href":"https:\/\/api.w.org\/{rel}","templated":true}]}}