{"id":4152,"date":"2019-10-28T00:00:00","date_gmt":"2019-10-28T00:00:00","guid":{"rendered":"http:\/\/elvinodelaspiedras.local\/luis-planas-ministro-de-agricultura-la-cooperativa-vinicola-san-valero-es-un-excelente-ejemplo-de-modelo-cooperativo-y-exito-empresarial-en-el-medio-rural\/"},"modified":"2020-11-13T12:29:26","modified_gmt":"2020-11-13T12:29:26","slug":"luis-planas-ministro-de-agricultura-la-cooperativa-vinicola-san-valero-es-un-excelente-ejemplo-de-modelo-cooperativo-y-exito-empresarial-en-el-medio-rural","status":"publish","type":"post","link":"https:\/\/elvinodelaspiedras.es\/en\/comunicacion\/noticias\/luis-planas-ministro-de-agricultura-la-cooperativa-vinicola-san-valero-es-un-excelente-ejemplo-de-modelo-cooperativo-y-exito-empresarial-en-el-medio-rural\/","title":{"rendered":"Luis Planas, ministro de agricultura: \u201cla cooperativa vin\u00edcola San Valero es un excelente ejemplo de modelo cooperativo y \u00e9xito empresarial en el medio rural\u201d"},"content":{"rendered":"<p>El\u00a0<strong>ministro de Agricultura<\/strong>, Pesca y Alimentaci\u00f3n,\u00a0<strong>Luis Planas<\/strong>, y el\u00a0<strong>presidente del Gobierno de Arag\u00f3n<\/strong>,\u00a0<strong>Javier Lamb\u00e1n<\/strong>, han\u00a0<strong>destacado<\/strong> a\u00a0<strong>Cooperativa Vin\u00edcola San Valero <\/strong>como\u00a0<strong>ejemplo<\/strong> de las\u00a0<strong>mejores virtudes del modelo cooperativo<\/strong> por\u00a0<strong>su \u00e9xito empresarial y su fijaci\u00f3n al territorio rura<\/strong>l. Los dos han asistido al\u00a0<strong>acto institucional organizado<\/strong> por la\u00a0<strong>Cooperativa<\/strong> para\u00a0<strong>celebrar sus 75 vendimias<\/strong> y\u00a0<strong>presentar sus planes de futuro<\/strong> para proseguir su exitosa trayectoria.<\/p>\n<p>La\u00a0<strong>bodega Tierra de Cubas<\/strong>, en Cari\u00f1ena, un cuidado espacio rodeado de vi\u00f1edos dedicado a la elaboraci\u00f3n de vinos de autor y el ecoturismo, ha sido escenario de una celebraci\u00f3n que ha reunido a\u00a0<strong>m\u00e1s de 200 personas<\/strong>, entre ellas las\u00a0<strong>principales autoridades de Arag\u00f3n<\/strong> y los nombres m\u00e1s destacados en la Comunidad de los\u00a0<strong>sectores agr\u00edcola, empresarial y vitivin\u00edcola<\/strong>, para, en palabras del presidente de Arag\u00f3n &#8220;dar las gracias&#8221; a San Valero por su trabajo en estos 75 a\u00f1os de trayectoria.<\/p>\n<p>Javier Lamb\u00e1n ha se\u00f1alado que la cooperativa es\u00a0<strong>&#8220;una parte fundamental de la Denominaci\u00f3n de Origen Protegida Cari\u00f1ena&#8221;<\/strong> y un &#8220;ejemplo para otros sectores&#8221; como continuo ejemplo de\u00a0<strong>b\u00fasqueda de la calidad, de innovaci\u00f3n y de apertura al mercado exterior<\/strong> y ha subrayado que su ejemplo es una de las mejores muestras de las potencialidades del sector agroalimentario en Arag\u00f3n y, de modo destacado, de que es el sector\u00a0<strong>&#8220;que m\u00e1s sirve para combatir la despoblaci\u00f3n<\/strong>, porque ninguno tiene tantos efectos positivos sobre el territorio&#8221;.<\/p>\n<p>En la misma l\u00ednea, el\u00a0<strong>ministro Luis Planas<\/strong> ha asegurado que San Valero es &#8220;un\u00a0<strong>excelente ejemplo para el modelo cooperativo<\/strong>&#8220;, por su n\u00famero de socios y trabajadores y &#8220;en la\u00a0<strong>fijaci\u00f3n de la actividad econ\u00f3mica al terreno<\/strong>, y de c\u00f3mo ni en los peores momentos de la crisis econ\u00f3mica ha dejado de defender las\u00a0<strong>ra\u00edces humanas que son la aut\u00e9ntica cara de la empresa<\/strong> cooperativa&#8221;.<\/p>\n<p>A la vez, Luis Planas ha resaltado que en las bodegas de la cooperativa &#8220;se hacen cosas muy interesantes. En materia de barricas, en materia de\u00a0<strong>vino ecol\u00f3gico, de recuperaci\u00f3n de cepas viejas y vinos tradicionales<\/strong>; en suma, de innovar y ganar mercados. El hecho de que el 60% de la facturaci\u00f3n vaya a exportaci\u00f3n, y a mercados como China, muestra que tenemos ante nosotros\u00a0<strong>no solo un trabajo de presente, sino un futuro prometedor&#8221;.<\/strong><\/p>\n<p>&#8220;La Cooperativa San Valero es ejemplo de que\u00a0<strong>problemas como los aranceles de Estados Unidos o el Brexit son solo accidentes en el camino del futuro<\/strong>&#8220;, ha concluido el ministro, que ha remarcado que estos 75 a\u00f1os que se celebran son solo &#8220;el pr\u00f3logo de otros 75 a\u00f1os m\u00e1s&#8221;.<\/p>\n<p><strong>HISTORIA Y FUTURO DE UNA COOPERATIVA L\u00cdDER<\/strong><\/p>\n<p>La celebraci\u00f3n de las 75 vendimias de la cooperativa se ha querido celebrar desde una doble perspectiva:\u00a0<strong>reivindicar la historia de la cooperativa<\/strong> y el papel de sus socios y\u00a0<strong>preparar el futuro<\/strong>; dos\u00a0<strong>aspectos<\/strong> que han\u00a0<strong>centrado las intervenciones<\/strong> de los m\u00e1ximos\u00a0<strong>responsables de Cooperativa<\/strong> <strong>Vin\u00edcola San Valero<\/strong>.<\/p>\n<p>As\u00ed, el\u00a0<strong>presidente<\/strong> de la\u00a0<strong>Cooperativa<\/strong><strong> Vin\u00edcola<\/strong>,\u00a0<strong>Jos\u00e9 Antonio Ruiz<\/strong>, ha presentado un v\u00eddeo sobre la historia de la cooperativa en el que ha recordado a &#8220;los\u00a0<strong>hombres y mujeres de esta comarca<\/strong> que decidieron\u00a0<strong>unirse para transformar su futuro<\/strong>&#8221; para alabar &#8220;su capacidad, quiz\u00e1 deber\u00eda decir tambi\u00e9n nuestra capacidad, para transformar sus sue\u00f1os, nuestros sue\u00f1os y nuestros paisajes, no s\u00f3lo en un medio de vida sino tambi\u00e9n en una forma de vivir&#8221;, y as\u00ed convertir &#8220;<strong>una de las primeras cooperativas que se crearon<\/strong> en Espa\u00f1a, despu\u00e9s de la Ley de 1942, se convertir\u00eda hoy en lo que somos,\u00a0<strong>uno de los grupos vin\u00edcolas m\u00e1s importantes de Espa\u00f1a<\/strong> con una cada vez mayor presencia internacional&#8221;.<\/p>\n<p>Por su parte, el\u00a0<strong>director general de San Valero, Ignacio Pastor<\/strong>, se ha centrado en el momento actual y objetivos de la Cooperativa, y ha mostrado algunas de las nuevas marcas que se van a sacar al mercado se\u00f1alando la apuesta por &#8220;<strong>lanzar nuevos productos<\/strong>, de\u00a0<strong>mayor calidad<\/strong> si cabe, que sumen a los productos de los que ya nos sentimos orgullosos.\u00a0<strong>Renovar la imagen<\/strong> de aquellos proyectos que hace a\u00f1os se encuentran en el mercado para que transmitan nuevas emociones. Potenciar los valores de calidad de nuestros productos y\u00a0<strong>crear nuevos conceptos<\/strong> para que podamos estar presentes en nuevos mercados cada vez m\u00e1s relevantes&#8221;.<\/p>\n<p>De la misma manera, el acto de celebraci\u00f3n ha mirado al pasado para\u00a0<strong>recordar a los expresidentes de la cooperativa<\/strong> y ha apuntado al futuro dando a probar al\u00a0<strong>ministro de Agricultura<\/strong> y el\u00a0<strong>presidente de Arag\u00f3n<\/strong> los mostos de este a\u00f1o y con el\u00a0<strong>obsequio de botellas de 500 Manos<\/strong>, un\u00a0<strong>vino<\/strong> lanzado\u00a0<strong>exclusivamente este a\u00f1o<\/strong> para\u00a0<strong>honrar a los socios<\/strong> de la cooperativa con una\u00a0<strong>etiqueta desplegable con los nombres<\/strong> de todos ellos. Adem\u00e1s, Luis Planas y Javier Lamb\u00e1n, junto con las principales autoridades presentes en el acto, han dejado su\u00a0<strong>firma en las barricas<\/strong> de envejecimiento de la bodega.<\/p>\n<p>En el acto ha intervenido tambi\u00e9n el\u00a0<strong>alcalde de Cari\u00f1ena, Sergio Ortiz<\/strong>, que ha recalcado la implicaci\u00f3n de la Cooperativa con la localidad y la comarca\u00a0<strong>&#8220;en el apoyo al empleo, el deporte y la cultura&#8221;.<\/strong><\/p>\n<p>A la celebraci\u00f3n de Cooperativa Vin\u00edcola San Valero han asistido destacados representantes de econom\u00eda, pol\u00edtica y sociedad en Arag\u00f3n. As\u00ed, han acudido los\u00a0<strong>consejeros de Presidencia y Agricultura del Gobierno de Arag\u00f3n, Mayte P\u00e9rez y Joaqu\u00edn Olona<\/strong>; la\u00a0<strong>delegada del Gobierno en Arag\u00f3n, Carmen S\u00e1nchez;<\/strong> el\u00a0<strong>presidente de las Cortes de Arag\u00f3n, Javier Sada<\/strong>; la\u00a0<strong>eurodiputada Isabel Garc\u00eda<\/strong>, o el\u00a0<strong>presidente de la D.O.P. Cari\u00f1ena, Ignacio Casamitjana<\/strong>. Directores generales, presidentes de las organizaciones empresariales y de organizaciones profesionales han acudido igualmente a la cita.<\/p>\n<p><strong>INNOVACI\u00d3N Y TRADICI\u00d3N<\/strong><\/p>\n<p>La celebraci\u00f3n de las<strong> 75 Vendimias <\/strong>ha sido la ocasi\u00f3n para presentar un ambicioso\u00a0<strong>plan de futuro<\/strong> con la<strong> reestructuraci\u00f3n del Grupo<\/strong>. As\u00ed, volviendo por un lado a sus or\u00edgenes, se sustituye el actual\u00a0<strong>nombre<\/strong> de Grupo BSV (Bodegas San Valero) por el de\u00a0<strong>Cooperativa Vin\u00edcola San Valero<\/strong>, recuperando un\u00a0<strong>concepto<\/strong> que destaca la\u00a0<strong>vinculaci\u00f3n al territorio<\/strong> y la\u00a0<strong>uni\u00f3n<\/strong> como\u00a0<strong>signos de identidad<\/strong>.\u00a0<strong>Bajo esta cabecera<\/strong> se\u00a0<strong>agrupan cuatro bodegas -Particular, Gran Ducay, Bodegaverde y BSV-<\/strong>, que cubren todo el abanico para la producci\u00f3n de excelentes vinos que ofrece el territorio de la Denominaci\u00f3n de Origen Protegida Cari\u00f1ena.<\/p>\n<p>Se busca as\u00ed\u00a0<strong>reestructurar <\/strong>las distintas\u00a0<strong>marcas que se elaboran<\/strong>, dejando a\u00a0<strong>cada una<\/strong> un\u00a0<strong>espacio mucho m\u00e1s definido<\/strong> y\u00a0<strong>destacando su personalidad<\/strong>, y\u00a0<strong>presentando nuevos vinos<\/strong>.<\/p>\n<p>La\u00a0<strong>principal novedad<\/strong> es la\u00a0<strong>apertura de la nueva Bodegaverde de San Valero<\/strong>, que la pr\u00f3xima primavera comenzar\u00e1 a comercializar con este\u00a0<strong>mismo nombre<\/strong> la\u00a0<strong>l\u00ednea de vinos ecol\u00f3gicos<\/strong> de San Valero, ahondando en el respeto al medioambiente como una de las l\u00edneas de futuro. Estos vinos culminan el\u00a0<strong>proyecto Almoecowine<\/strong>, tras un periodo de cuatro a\u00f1os para la\u00a0<strong>reconversi\u00f3n de terrenos<\/strong> a las exigencias de la producci\u00f3n ecol\u00f3gica,\u00a0<strong>certificada<\/strong> por el\u00a0<strong>Comit\u00e9 Aragon\u00e9s de Agricultura Ecol\u00f3gica<\/strong>, y a la\u00a0<strong>formaci\u00f3n de los viticultores<\/strong> en las pr\u00e1cticas agrarias, as\u00ed como a la\u00a0<strong>adecuaci\u00f3n de la bodega<\/strong> Cuevas de Algair\u00e9n, en Almonacid de la Sierra. Con una producci\u00f3n de 1,5 millones de kilos de uva, Bodegaverde es el\u00a0<strong>mayor vi\u00f1edo ecol\u00f3gico de Arag\u00f3n<\/strong>.<\/p>\n<p>La\u00a0<strong>Bodega Gran<\/strong><strong> Ducay<\/strong>,\u00a0<strong>inscrita en la D.O.P. Cava<\/strong>, acoge este caracter\u00edstico producto de San Valero. Nacida en\u00a0<strong>1984<\/strong>, se ha afianzado en una de\u00a0<strong>las referencias del cava aragon\u00e9s y nacional<\/strong>, con sus uvas cultivadas en el paraje de Monte Ducay, muy valorado por la calidad de sus suelos. Para reforzar su posici\u00f3n, se ha preparado una\u00a0<strong>imagen completamente renovada<\/strong> <strong>de la marca<\/strong>, basada en el concepto de embotellar el sol de Cari\u00f1ena.<\/p>\n<p>Por su parte,\u00a0<strong>Bodega Particular<\/strong>, fundada en\u00a0<strong>2014<\/strong>, re\u00fane la gama de vinos de\u00a0<strong>producci\u00f3n limitada<\/strong> que se etiquetan con este nombre en\u00a0<strong>homenaje a las maneras antiguas<\/strong> y los antiguos viticultores, cuando elaboraban y separaban vino para su consumo particular. Una selecci\u00f3n a partir de cepas centenarias de las variedades m\u00e1s caracter\u00edsticas de la D.O.P. Cari\u00f1ena, ocho en la actualidad, a las que se ahora\u00a0<strong>se sumar\u00e1<\/strong> una nueva, un original vino elaborado con la poco extendida uva\u00a0<strong>garnacha blanca<\/strong> y que recuerda al meteorito que hace 35 millones de a\u00f1os cay\u00f3 sobre lo que hoy son las tierras de la Denominaci\u00f3n y provoc\u00f3 un cambio en su geolog\u00eda, a la que debe sus condiciones para el cultivo de la vid, y el nuevo\u00a0<strong>Cava Particular Garnacha Blanc de Noirs Reserva<\/strong> con una crianza en botella de 15 meses en la oscuridad y profundidad de sus cavas.<\/p>\n<p>Finalmente,<strong> Bodega San Valero (BSV)<\/strong> mantiene el\u00a0<strong>esp\u00edritu de la fundada en 1944<\/strong> y agrupa a la mayor\u00eda de referencias;\u00a0<strong>vinos de todo tipo<\/strong>, elaborados por una nueva generaci\u00f3n de viticultores con la\u00a0<strong>misma pasi\u00f3n<\/strong> y una\u00a0<strong>nueva mirada<\/strong> para aprovechar al m\u00e1ximo las condiciones de la D.O.P. Cari\u00f1ena para el cultivo de la uva y el buen hacer de sus profesionales. Re\u00fane las marcas m\u00e1s conocidas de San Valero, como\u00a0<strong>Monte Ducay o Marqu\u00e9s de Tosos<\/strong> y premiados vinos de autor y edici\u00f3n limitada como\u00a0<strong>Gala Placidia o 8.0.1.<\/strong> Todos ellos lucir\u00e1n progresivamente en sus etiquetas nuevos dise\u00f1os, empezando por este \u00faltimo.\u00a0Adem\u00e1s, San Valero lanzar\u00e1 en pr\u00f3ximas fechas la nueva\u00a0<strong>colecci\u00f3n de monovarietales &#8220;Celebrities&#8221;<\/strong>, dedicada a las variedades internacionales de uva m\u00e1s representativas de la D.O.P. Cari\u00f1ena:\u00a0<strong>cabernet-sauvignon, merlot y syrah<\/strong>.<\/p>\n<p>Actualmente\u00a0<strong>San Valero<\/strong> es\u00a0<strong>productor l\u00edder<\/strong> de la\u00a0<strong>Denominaci\u00f3n<\/strong><strong> de Origen Cari\u00f1ena<\/strong>, con cerca del\u00a0<strong>27 %<\/strong> de todo el vino con su sello, y\u00a0<strong>vende m\u00e1s de 11 millones de litros al a\u00f1o<\/strong>;\u00a0<strong>exporta<\/strong> casi el\u00a0<strong>60 %<\/strong> <strong>de su producci\u00f3n<\/strong>, con presencia en\u00a0<strong>m\u00e1s de 33 pa\u00edses<\/strong> que van de Reino Unido y Suiza a Estados Unidos y China. Su calidad est\u00e1 reconocida con m\u00e1s de\u00a0<strong>cien premios<\/strong> y medallas solo en los\u00a0<strong>\u00faltimos cinco a\u00f1os<\/strong>. Continuar en esta l\u00ednea, con la\u00a0<strong>calidad como ventaja competitiva<\/strong>, sigue siendo la meta en esta celebraci\u00f3n de las 75 Vendimias.<\/p>\n<hr>\n<figure id=\"attachment_509\" aria-describedby=\"caption-attachment-509\" style=\"width: 300px\" class=\"wp-caption alignnone\"><a href=\"\/_archivos\/imagenes\/3717.jpg\" target=\"_blank\" rel=\"noopener noreferrer\"><img decoding=\"async\" class=\"size-medium\" src=\"\/_archivos\/imagenes\/300\/3717.jpg\" alt=\"1 Jos\u00e9 Angel Serrano, Jos\u00e9 Antonio Ruiz, Luis Planas, Javier Lamb\u00e1n, Joaqu\u00edn Olona y Sergio Ortiz\" title=\"1 Jos\u00e9 Angel Serrano, Jos\u00e9 Antonio Ruiz, Luis Planas, Javier Lamb\u00e1n, Joaqu\u00edn Olona y Sergio Ortiz\" width=\"300\" height=\"auto\" \/><\/a><figcaption id=\"caption-attachment-509\" class=\"wp-caption-text\"><a href=\"\/_archivos\/imagenes\/3717.jpg\" target=\"_blank\" rel=\"noopener noreferrer\">Descargar imagen<\/a><\/figcaption><\/figure>\n<figure id=\"attachment_509\" aria-describedby=\"caption-attachment-509\" style=\"width: 300px\" class=\"wp-caption alignnone\"><a href=\"\/_archivos\/imagenes\/3718.jpg\" target=\"_blank\" rel=\"noopener noreferrer\"><img decoding=\"async\" class=\"size-medium\" src=\"\/_archivos\/imagenes\/300\/3718.jpg\" alt=\"2 El ministro y el presidente aragon\u00e9s firman en las barricas de la bodega\" title=\"2 El ministro y el presidente aragon\u00e9s firman en las barricas de la bodega\" width=\"300\" height=\"auto\" \/><\/a><figcaption id=\"caption-attachment-509\" class=\"wp-caption-text\"><a href=\"\/_archivos\/imagenes\/3718.jpg\" target=\"_blank\" rel=\"noopener noreferrer\">Descargar imagen<\/a><\/figcaption><\/figure>\n<figure id=\"attachment_509\" aria-describedby=\"caption-attachment-509\" style=\"width: 300px\" class=\"wp-caption alignnone\"><a href=\"\/_archivos\/imagenes\/3719.jpg\" target=\"_blank\" rel=\"noopener noreferrer\"><img decoding=\"async\" class=\"size-medium\" src=\"\/_archivos\/imagenes\/300\/3719.jpg\" alt=\"3 Foto de familia con autoridades (2)\" title=\"3 Foto de familia con autoridades (2)\" width=\"300\" height=\"auto\" \/><\/a><figcaption id=\"caption-attachment-509\" class=\"wp-caption-text\"><a href=\"\/_archivos\/imagenes\/3719.jpg\" target=\"_blank\" rel=\"noopener noreferrer\">Descargar imagen<\/a><\/figcaption><\/figure>\n<figure id=\"attachment_509\" aria-describedby=\"caption-attachment-509\" style=\"width: 300px\" class=\"wp-caption alignnone\"><a href=\"\/_archivos\/imagenes\/3720.jpg\" target=\"_blank\" rel=\"noopener noreferrer\"><img decoding=\"async\" class=\"size-medium\" src=\"\/_archivos\/imagenes\/300\/3720.jpg\" alt=\"4 Intervenci\u00f3n del presidente aragon\u00e9s Javier Lamb\u00e1n\" title=\"4 Intervenci\u00f3n del presidente aragon\u00e9s Javier Lamb\u00e1n\" width=\"300\" height=\"auto\" \/><\/a><figcaption id=\"caption-attachment-509\" class=\"wp-caption-text\"><a href=\"\/_archivos\/imagenes\/3720.jpg\" target=\"_blank\" rel=\"noopener noreferrer\">Descargar imagen<\/a><\/figcaption><\/figure>\n<figure id=\"attachment_509\" aria-describedby=\"caption-attachment-509\" style=\"width: 300px\" class=\"wp-caption alignnone\"><a href=\"\/_archivos\/imagenes\/3721.jpg\" target=\"_blank\" rel=\"noopener noreferrer\"><img decoding=\"async\" class=\"size-medium\" src=\"\/_archivos\/imagenes\/300\/3721.jpg\" alt=\"5 El ministro Luis Planas y el presidente Javier Lamb\u00e1n con el vino 500 Manos entregado por Jos\u00e9 Ant\" title=\"5 El ministro Luis Planas y el presidente Javier Lamb\u00e1n con el vino 500 Manos entregado por Jos\u00e9 Ant\" width=\"300\" height=\"auto\" \/><\/a><figcaption id=\"caption-attachment-509\" class=\"wp-caption-text\"><a href=\"\/_archivos\/imagenes\/3721.jpg\" target=\"_blank\" rel=\"noopener noreferrer\">Descargar imagen<\/a><\/figcaption><\/figure>\n<figure id=\"attachment_509\" aria-describedby=\"caption-attachment-509\" style=\"width: 300px\" class=\"wp-caption alignnone\"><a href=\"\/_archivos\/imagenes\/3722.jpg\" target=\"_blank\" rel=\"noopener noreferrer\"><img decoding=\"async\" class=\"size-medium\" src=\"\/_archivos\/imagenes\/300\/3722.jpg\" alt=\"6 La sala de barricas de Tierra de Cubas ha acogido el acto\" title=\"6 La sala de barricas de Tierra de Cubas ha acogido el acto\" width=\"300\" height=\"auto\" \/><\/a><figcaption id=\"caption-attachment-509\" class=\"wp-caption-text\"><a href=\"\/_archivos\/imagenes\/3722.jpg\" target=\"_blank\" rel=\"noopener noreferrer\">Descargar imagen<\/a><\/figcaption><\/figure>    \t<\/p>\n","protected":false},"excerpt":{"rendered":"<p>El\u00a0ministro de Agricultura, Pesca y Alimentaci\u00f3n,\u00a0Luis Planas, y el\u00a0presidente del Gobierno de Arag\u00f3n,\u00a0Javier Lamb\u00e1n, han\u00a0destacado a\u00a0Cooperativa Vin\u00edcola San Valero como\u00a0ejemplo de las\u00a0mejores virtudes del modelo cooperativo por\u00a0su \u00e9xito empresarial y su fijaci\u00f3n al territorio rural. Los dos han asistido al\u00a0acto institucional organizado por la\u00a0Cooperativa para\u00a0celebrar sus 75 vendimias y\u00a0presentar sus planes de futuro para proseguir &hellip;<\/p>\n","protected":false},"author":6,"featured_media":4153,"comment_status":"closed","ping_status":"closed","sticky":false,"template":"","format":"standard","meta":{"_genesis_hide_title":false,"_genesis_hide_breadcrumbs":false,"_genesis_hide_singular_image":false,"_genesis_hide_footer_widgets":false,"_genesis_custom_body_class":"","_genesis_custom_post_class":"","_genesis_layout":"","ngg_post_thumbnail":0,"footnotes":""},"categories":[1],"tags":[],"class_list":{"0":"post-4152","1":"post","2":"type-post","3":"status-publish","4":"format-standard","5":"has-post-thumbnail","7":"category-noticias","8":"entry"},"_links":{"self":[{"href":"https:\/\/elvinodelaspiedras.es\/en\/wp-json\/wp\/v2\/posts\/4152"}],"collection":[{"href":"https:\/\/elvinodelaspiedras.es\/en\/wp-json\/wp\/v2\/posts"}],"about":[{"href":"https:\/\/elvinodelaspiedras.es\/en\/wp-json\/wp\/v2\/types\/post"}],"author":[{"embeddable":true,"href":"https:\/\/elvinodelaspiedras.es\/en\/wp-json\/wp\/v2\/users\/6"}],"replies":[{"embeddable":true,"href":"https:\/\/elvinodelaspiedras.es\/en\/wp-json\/wp\/v2\/comments?post=4152"}],"version-history":[{"count":1,"href":"https:\/\/elvinodelaspiedras.es\/en\/wp-json\/wp\/v2\/posts\/4152\/revisions"}],"predecessor-version":[{"id":5821,"href":"https:\/\/elvinodelaspiedras.es\/en\/wp-json\/wp\/v2\/posts\/4152\/revisions\/5821"}],"wp:featuredmedia":[{"embeddable":true,"href":"https:\/\/elvinodelaspiedras.es\/en\/wp-json\/wp\/v2\/media\/4153"}],"wp:attachment":[{"href":"https:\/\/elvinodelaspiedras.es\/en\/wp-json\/wp\/v2\/media?parent=4152"}],"wp:term":[{"taxonomy":"category","embeddable":true,"href":"https:\/\/elvinodelaspiedras.es\/en\/wp-json\/wp\/v2\/categories?post=4152"},{"taxonomy":"post_tag","embeddable":true,"href":"https:\/\/elvinodelaspiedras.es\/en\/wp-json\/wp\/v2\/tags?post=4152"}],"curies":[{"name":"wp","href":"https:\/\/api.w.org\/{rel}","templated":true}]}}