{"id":4154,"date":"2019-10-28T00:00:00","date_gmt":"2019-10-28T00:00:00","guid":{"rendered":"http:\/\/elvinodelaspiedras.local\/el-ministro-de-agricultura-luis-planas-recibe-la-insignia-de-oro-del-consejo-regulador\/"},"modified":"2020-11-13T12:29:26","modified_gmt":"2020-11-13T12:29:26","slug":"el-ministro-de-agricultura-luis-planas-recibe-la-insignia-de-oro-del-consejo-regulador","status":"publish","type":"post","link":"https:\/\/elvinodelaspiedras.es\/en\/comunicacion\/noticias\/el-ministro-de-agricultura-luis-planas-recibe-la-insignia-de-oro-del-consejo-regulador\/","title":{"rendered":"El ministro de agricultura, Luis Planas, recibe la insignia de oro del consejo regulador"},"content":{"rendered":"<p>La <strong>Denominaci\u00f3n de Origen Protegida Cari\u00f1ena <\/strong>ha <strong>reconocido<\/strong> con su <strong>Insignia de Oro<\/strong> al <strong>ministro de Agricultura<\/strong>, Pesca y Alimentaci\u00f3n, <strong>Luis Planas<\/strong>, que tambi\u00e9n ha <strong>firmado en el Libro de Honor<\/strong> de la Denominaci\u00f3n. Planas ha participado por la ma\u00f1ana en el 75 aniversario de la Cooperativa Vitivin\u00edcola San Valero y ya por la tarde ha <strong>visitado la sede del Consejo Regulador<\/strong>, donde se ha reunido con viticultores y responsables de bodegas.<\/p>\n<p>Casi un centenar de personas han asistido a este encuentro, en el que tambi\u00e9n ha participado el presidente del Gobierno de Arag\u00f3n, Javier Lamb\u00e1n, para tratar cuestiones que afectan al sector como la reforma de la PAC, el Brexit o los aranceles de Estados Unidos. A su t\u00e9rmino, el presidente de la D.O.P. Cari\u00f1ena, Ignacio Casamitjana, ha mostrado al ministro las instalaciones del Museo del Vino.<\/p>\n<p>En la charla han participado tambi\u00e9n el consejero de Agricultura del Gobierno de Arag\u00f3n, Joaqu\u00edn Olona; el alcalde de Cari\u00f1ena, Sergio Ortiz; y el presidente de la Comarca de Campo de Cari\u00f1ena, Jos\u00e9 Luis Ans\u00f3n.<\/p>\n<p>La Insignia de Oro es el <strong>m\u00e1ximo galard\u00f3n de la Denominaci\u00f3n de Origen Protegida Cari\u00f1ena<\/strong>, con el que se distingue a los <strong>visitantes que destacan por su relaci\u00f3n con el mundo del vino o por su apoyo a los Vinos de las Piedras<\/strong>, como los Invitados de Honor de la Fiesta de la Vendimia o las personalidades que han dejado sus manos en el Paseo de las Estrellas.<\/p>\n<hr>\n<figure id=\"attachment_510\" aria-describedby=\"caption-attachment-510\" style=\"width: 300px\" class=\"wp-caption alignnone\"><a href=\"\/_archivos\/imagenes\/3723.jpg\" target=\"_blank\" rel=\"noopener noreferrer\"><img decoding=\"async\" class=\"size-medium\" src=\"\/_archivos\/imagenes\/300\/3723.jpg\" alt=\"1 Insignia\" title=\"1 Insignia\" width=\"300\" height=\"auto\" \/><\/a><figcaption id=\"caption-attachment-510\" class=\"wp-caption-text\"><a href=\"\/_archivos\/imagenes\/3723.jpg\" target=\"_blank\" rel=\"noopener noreferrer\">Descargar imagen<\/a><\/figcaption><\/figure>\n<figure id=\"attachment_510\" aria-describedby=\"caption-attachment-510\" style=\"width: 300px\" class=\"wp-caption alignnone\"><a href=\"\/_archivos\/imagenes\/3724.jpg\" target=\"_blank\" rel=\"noopener noreferrer\"><img decoding=\"async\" class=\"size-medium\" src=\"\/_archivos\/imagenes\/300\/3724.jpg\" alt=\"2 Libro de Honor\" title=\"2 Libro de Honor\" width=\"300\" height=\"auto\" \/><\/a><figcaption id=\"caption-attachment-510\" class=\"wp-caption-text\"><a href=\"\/_archivos\/imagenes\/3724.jpg\" target=\"_blank\" rel=\"noopener noreferrer\">Descargar imagen<\/a><\/figcaption><\/figure>\n<figure id=\"attachment_510\" aria-describedby=\"caption-attachment-510\" style=\"width: 300px\" class=\"wp-caption alignnone\"><a href=\"\/_archivos\/imagenes\/3725.jpg\" target=\"_blank\" rel=\"noopener noreferrer\"><img decoding=\"async\" class=\"size-medium\" src=\"\/_archivos\/imagenes\/300\/3725.jpg\" alt=\"3 Firma Luis Planas\" title=\"3 Firma Luis Planas\" width=\"300\" height=\"auto\" \/><\/a><figcaption id=\"caption-attachment-510\" class=\"wp-caption-text\"><a href=\"\/_archivos\/imagenes\/3725.jpg\" target=\"_blank\" rel=\"noopener noreferrer\">Descargar imagen<\/a><\/figcaption><\/figure>\n<figure id=\"attachment_510\" aria-describedby=\"caption-attachment-510\" style=\"width: 300px\" class=\"wp-caption alignnone\"><a href=\"\/_archivos\/imagenes\/3726.jpg\" target=\"_blank\" rel=\"noopener noreferrer\"><img decoding=\"async\" class=\"size-medium\" src=\"\/_archivos\/imagenes\/300\/3726.jpg\" alt=\"4 Entrega Insignia\" title=\"4 Entrega Insignia\" width=\"300\" height=\"auto\" \/><\/a><figcaption id=\"caption-attachment-510\" class=\"wp-caption-text\"><a href=\"\/_archivos\/imagenes\/3726.jpg\" target=\"_blank\" rel=\"noopener noreferrer\">Descargar imagen<\/a><\/figcaption><\/figure>\n<figure id=\"attachment_510\" aria-describedby=\"caption-attachment-510\" style=\"width: 300px\" class=\"wp-caption alignnone\"><a href=\"\/_archivos\/imagenes\/3727.jpg\" target=\"_blank\" rel=\"noopener noreferrer\"><img decoding=\"async\" class=\"size-medium\" src=\"\/_archivos\/imagenes\/300\/3727.jpg\" alt=\"5 El ministro Luis Planas saluda la presidente Ignacio Casamitjana en presencia del presidente arago\" title=\"5 El ministro Luis Planas saluda la presidente Ignacio Casamitjana en presencia del presidente arago\" width=\"300\" height=\"auto\" \/><\/a><figcaption id=\"caption-attachment-510\" class=\"wp-caption-text\"><a href=\"\/_archivos\/imagenes\/3727.jpg\" target=\"_blank\" rel=\"noopener noreferrer\">Descargar imagen<\/a><\/figcaption><\/figure>\n<figure id=\"attachment_510\" aria-describedby=\"caption-attachment-510\" style=\"width: 300px\" class=\"wp-caption alignnone\"><a href=\"\/_archivos\/imagenes\/3728.jpg\" target=\"_blank\" rel=\"noopener noreferrer\"><img decoding=\"async\" class=\"size-medium\" src=\"\/_archivos\/imagenes\/300\/3728.jpg\" alt=\"6 Jos\u00e9 Luis Ans\u00f3n, Javier Lamb\u00e1n, Luis Planas, Sergio Ortiz e Ignacio Casamitjana\" title=\"6 Jos\u00e9 Luis Ans\u00f3n, Javier Lamb\u00e1n, Luis Planas, Sergio Ortiz e Ignacio Casamitjana\" width=\"300\" height=\"auto\" \/><\/a><figcaption id=\"caption-attachment-510\" class=\"wp-caption-text\"><a href=\"\/_archivos\/imagenes\/3728.jpg\" target=\"_blank\" rel=\"noopener noreferrer\">Descargar imagen<\/a><\/figcaption><\/figure>\n<figure id=\"attachment_510\" aria-describedby=\"caption-attachment-510\" style=\"width: 300px\" class=\"wp-caption alignnone\"><a href=\"\/_archivos\/imagenes\/3729.jpg\" target=\"_blank\" rel=\"noopener noreferrer\"><img decoding=\"async\" class=\"size-medium\" src=\"\/_archivos\/imagenes\/300\/3729.jpg\" alt=\"7 Visita al Museo del Vino de la DOP Cari\u00f1ena\" title=\"7 Visita al Museo del Vino de la DOP Cari\u00f1ena\" width=\"300\" height=\"auto\" \/><\/a><figcaption id=\"caption-attachment-510\" class=\"wp-caption-text\"><a href=\"\/_archivos\/imagenes\/3729.jpg\" target=\"_blank\" rel=\"noopener noreferrer\">Descargar imagen<\/a><\/figcaption><\/figure>    \t<\/p>\n","protected":false},"excerpt":{"rendered":"<p>La Denominaci\u00f3n de Origen Protegida Cari\u00f1ena ha reconocido con su Insignia de Oro al ministro de Agricultura, Pesca y Alimentaci\u00f3n, Luis Planas, que tambi\u00e9n ha firmado en el Libro de Honor de la Denominaci\u00f3n. Planas ha participado por la ma\u00f1ana en el 75 aniversario de la Cooperativa Vitivin\u00edcola San Valero y ya por la tarde &hellip;<\/p>\n","protected":false},"author":6,"featured_media":4155,"comment_status":"closed","ping_status":"closed","sticky":false,"template":"","format":"standard","meta":{"_genesis_hide_title":false,"_genesis_hide_breadcrumbs":false,"_genesis_hide_singular_image":false,"_genesis_hide_footer_widgets":false,"_genesis_custom_body_class":"","_genesis_custom_post_class":"","_genesis_layout":"","ngg_post_thumbnail":0,"footnotes":""},"categories":[1],"tags":[],"class_list":{"0":"post-4154","1":"post","2":"type-post","3":"status-publish","4":"format-standard","5":"has-post-thumbnail","7":"category-noticias","8":"entry"},"_links":{"self":[{"href":"https:\/\/elvinodelaspiedras.es\/en\/wp-json\/wp\/v2\/posts\/4154"}],"collection":[{"href":"https:\/\/elvinodelaspiedras.es\/en\/wp-json\/wp\/v2\/posts"}],"about":[{"href":"https:\/\/elvinodelaspiedras.es\/en\/wp-json\/wp\/v2\/types\/post"}],"author":[{"embeddable":true,"href":"https:\/\/elvinodelaspiedras.es\/en\/wp-json\/wp\/v2\/users\/6"}],"replies":[{"embeddable":true,"href":"https:\/\/elvinodelaspiedras.es\/en\/wp-json\/wp\/v2\/comments?post=4154"}],"version-history":[{"count":1,"href":"https:\/\/elvinodelaspiedras.es\/en\/wp-json\/wp\/v2\/posts\/4154\/revisions"}],"predecessor-version":[{"id":5822,"href":"https:\/\/elvinodelaspiedras.es\/en\/wp-json\/wp\/v2\/posts\/4154\/revisions\/5822"}],"wp:featuredmedia":[{"embeddable":true,"href":"https:\/\/elvinodelaspiedras.es\/en\/wp-json\/wp\/v2\/media\/4155"}],"wp:attachment":[{"href":"https:\/\/elvinodelaspiedras.es\/en\/wp-json\/wp\/v2\/media?parent=4154"}],"wp:term":[{"taxonomy":"category","embeddable":true,"href":"https:\/\/elvinodelaspiedras.es\/en\/wp-json\/wp\/v2\/categories?post=4154"},{"taxonomy":"post_tag","embeddable":true,"href":"https:\/\/elvinodelaspiedras.es\/en\/wp-json\/wp\/v2\/tags?post=4154"}],"curies":[{"name":"wp","href":"https:\/\/api.w.org\/{rel}","templated":true}]}}