{"id":4156,"date":"2019-10-29T00:00:00","date_gmt":"2019-10-29T00:00:00","guid":{"rendered":"http:\/\/elvinodelaspiedras.local\/las-ddoo-de-vino-eligieron-a-sus-principales-representantes-para-los-proximos-cuatro-anos\/"},"modified":"2020-11-13T12:29:26","modified_gmt":"2020-11-13T12:29:26","slug":"las-ddoo-de-vino-eligieron-a-sus-principales-representantes-para-los-proximos-cuatro-anos","status":"publish","type":"post","link":"https:\/\/elvinodelaspiedras.es\/en\/comunicacion\/noticias\/las-ddoo-de-vino-eligieron-a-sus-principales-representantes-para-los-proximos-cuatro-anos\/","title":{"rendered":"Las DDOO de vino eligieron a sus principales representantes para los pr\u00f3ximos cuatro a\u00f1os"},"content":{"rendered":"<p>La XXIV Asamblea General de CECRV, que reuni\u00f3 el viernes 25 de octubre en Ribeira Sacra a m\u00e1s de 60 representantes de 37 denominaciones de origen de vino,tuvo como punto central las elecciones para elegir a los principales representantes de la organizaci\u00f3n para los pr\u00f3ximos 4 a\u00f1os, toda vez que el mandato anterior, que se inici\u00f3 el 23 de octubre de 2015, tocaba a su fin.<\/p>\n<p>Con una\u00a0<strong>alt\u00edsima participaci\u00f3n<\/strong>, que roz\u00f3 el 100% del censo electoral (51 de los 52 consejos reguladores que forman parte de CECRV ejercieron su derecho a voto, ya de forma presencial, ya de forma delegada), las DDOO eligieron a los 12 consejos reguladores que conformar\u00e1n la Junta Directiva de la organizaci\u00f3n, durante los pr\u00f3ximos 4 a\u00f1os.<\/p>\n<p>Asimismo, <strong>David Palacios Algarra, presidente del C.R.D.O. Navarra, result\u00f3 reelegido como presidente de CECRV para el nuevo mandato<\/strong>. <strong>Tambi\u00e9n lo fue Ram\u00f3n Huidobro Vega<\/strong>, <strong>secretario general del C.R.D.O. R\u00edas Baixas, que continuar\u00e1 tambi\u00e9n como secretario general de la Conferencia en el mismo periodo<\/strong>.<\/p>\n<p>Los <strong>consejos reguladores que componen la Junta Directiva de CECRV<\/strong> en el nuevo mandato son:<a name=\"_GoBack\"><\/a><\/p>\n<ul>\n<li> Rioja (seguir\u00e1 ostentando la Vicepresidencia I).<\/li>\n<li> Jumilla(entra en la Junta Directiva como Vicepresidencia II)<\/li>\n<li> Ribeira Sacra (continuar\u00e1 con la Vicepresidencia III)<\/li>\n<li> R\u00edas Baixas (cuyo secretario general seguir\u00e1 siendo tambi\u00e9n el de CECRV).<\/li>\n<li> Ribera del Duero.<\/li>\n<li> Valdepe\u00f1as.<\/li>\n<li> Somontano.<\/li>\n<li> Toro.<\/li>\n<li> M\u00e1laga, Sierras de M\u00e1laga y Pasas de M\u00e1laga (entra en la Junta Directiva).<\/li>\n<li> Bullas (entra en la Junta Directiva).<\/li>\n<li> Vinos de Madrid.<\/li>\n<\/ul>\n<p><strong>An\u00e1lisis de la actualidad del sector<\/strong><\/p>\n<p>Previamente a la celebraci\u00f3n de las elecciones de la organizaci\u00f3n, la Asamblea General sirvi\u00f3 tambi\u00e9n para detallar y analizarla actualidad de algunos de los temas que dominan la agenda sectorial y que afectan a las denominaciones de origen de vino.<\/p>\n<p>Por un lado, se explicaron las\u00a0<strong>novedades legislativas sobre el sistema de autorizaciones para nuevas plantaciones y replantaciones<\/strong> de vi\u00f1edo, que permite regular y controlar el crecimiento del potencial productivo del sector, <strong>as\u00ed como para la llevanza de la contabilidad de los impuestos especiales de fabricaci\u00f3n<\/strong>, dos Reales Decretos aprobados por el Gobierno en las \u00faltimas semanas.<\/p>\n<p>Asimismo, CECRV inform\u00f3 de la reactivaci\u00f3n de las gestiones por parte del Ministerio de Agricultura, Pesca y Alimentaci\u00f3n, que CECRV solicit\u00f3 al Ministerio el pasado mes de septiembre, para que se declare en Espa\u00f1a un\u00a0<strong>D\u00eda del Vino<\/strong> que sirva para dotar de visibilidad y reconocimiento a los y las viticultores y viticultoras, a las bodegas y a las denominaciones de origen de nuestro pa\u00eds. La propuesta deriva de una Proposici\u00f3n No de Ley que surgi\u00f3 a iniciativa tambi\u00e9n de la Conferencia Espa\u00f1ola de Consejos Reguladores Vitivin\u00edcolas y que fue aprobada por la Comisi\u00f3n de Agricultura del Congreso de los Diputados en abril de 2018.<\/p>\n<p>Por otro lado, se analizaron tambi\u00e9n algunos de los temas que afectan al sector a nivel internacional, con especial atenci\u00f3n a dos de los principales mercados de destino de los vinos con D.O.: EE.UU. y Reino Unido. As\u00ed, seestudiaron las posibles <strong>medidas compensatorias que las DDOO y el resto de organizaciones sectoriales podr\u00edan demandar a la Comisi\u00f3n Europea para paliar los da\u00f1os que en t\u00e9rminos de mercado y empleo podr\u00edan provocar los arancelesimpuestos por EE.UU.<\/strong>a los vinos tranquilos de Espa\u00f1a, Francia, Reino Unido y Alemania que no superen el 14% de volumen de alcohol y no est\u00e9n en envases de m\u00e1s de 2 litros.<\/p>\n<p>En este sentido, CECRV se ha incorporado a una plataforma constituida por diferentes organizaciones para la defensa de los intereses de los operadores. Asimismo,se explicaron las diferencias que para la protecci\u00f3n de las DDOO de la Uni\u00f3n Europea en el Reino Unido y para las exportaciones de vino con D.O. a ese mercado conllevar\u00eda la salida del Reino Unido, tanto en el caso de que el nuevo acuerdo alcanzado entre la UE y el Reino Unido el 17 de octubre sea ratificado por el Parlamento Brit\u00e1nico, como en el caso de que no sea as\u00ed y el Reino Unido abandone la UE sin acuerdo.<\/p>\n<p><strong>Patrimonio mundial de la UNESCO<\/strong><\/p>\n<p>Por \u00faltimo, la XXIV Asamblea General de CECRV, que se celebr\u00f3 en el marco de un programa de actividades organizado por la D.O. Ribeira Sacra, sirvi\u00f3 tambi\u00e9n para que CECRV expresara su apoyo a la candidatura de dicha denominaci\u00f3n para convertirse en patrimonio mundial de la UNESCO. <strong>La Conferencia Espa\u00f1ola de Consejos Reguladores Vitivin\u00edcolas <\/strong><strong>se mostr\u00f3 tambi\u00e9n dispuesta a conceder su <\/strong><strong>respaldo <\/strong><strong>a las<\/strong><strong> candidaturas <\/strong><strong>que tambi\u00e9n promueven otras<\/strong><strong> regiones vitivin\u00edcolas <\/strong><strong>de nuestro pa\u00eds para que<\/strong><strong> sus paisajes o patrimonio cultural, material o inmaterial,logren dicho reconocimiento<\/strong>, lo que sin duda ser\u00eda un enorme reconocimiento para nuestro pa\u00eds, que a juicio de esta organizaci\u00f3n dispone del paisaje vitivin\u00edcola de mayor riqueza y diversidad del mundo.<\/p>\n<hr>\n<figure id=\"attachment_511\" aria-describedby=\"caption-attachment-511\" style=\"width: 300px\" class=\"wp-caption alignnone\"><a href=\"\/_archivos\/imagenes\/3731.jpg\" target=\"_blank\" rel=\"noopener noreferrer\"><img decoding=\"async\" class=\"size-medium\" src=\"\/_archivos\/imagenes\/300\/3731.jpg\" alt=\"2 Imagen AG CECRV I\" title=\"2 Imagen AG CECRV I\" width=\"300\" height=\"auto\" \/><\/a><figcaption id=\"caption-attachment-511\" class=\"wp-caption-text\"><a href=\"\/_archivos\/imagenes\/3731.jpg\" target=\"_blank\" rel=\"noopener noreferrer\">Descargar imagen<\/a><\/figcaption><\/figure>\n<figure id=\"attachment_511\" aria-describedby=\"caption-attachment-511\" style=\"width: 300px\" class=\"wp-caption alignnone\"><a href=\"\/_archivos\/imagenes\/3732.jpg\" target=\"_blank\" rel=\"noopener noreferrer\"><img decoding=\"async\" class=\"size-medium\" src=\"\/_archivos\/imagenes\/300\/3732.jpg\" alt=\"1 Imagen nueva JD CECRV\" title=\"1 Imagen nueva JD CECRV\" width=\"300\" height=\"auto\" \/><\/a><figcaption id=\"caption-attachment-511\" class=\"wp-caption-text\"><a href=\"\/_archivos\/imagenes\/3732.jpg\" target=\"_blank\" rel=\"noopener noreferrer\">Descargar imagen<\/a><\/figcaption><\/figure>    \t<\/p>\n","protected":false},"excerpt":{"rendered":"<p>La XXIV Asamblea General de CECRV, que reuni\u00f3 el viernes 25 de octubre en Ribeira Sacra a m\u00e1s de 60 representantes de 37 denominaciones de origen de vino,tuvo como punto central las elecciones para elegir a los principales representantes de la organizaci\u00f3n para los pr\u00f3ximos 4 a\u00f1os, toda vez que el mandato anterior, que se &hellip;<\/p>\n","protected":false},"author":6,"featured_media":4157,"comment_status":"closed","ping_status":"closed","sticky":false,"template":"","format":"standard","meta":{"_genesis_hide_title":false,"_genesis_hide_breadcrumbs":false,"_genesis_hide_singular_image":false,"_genesis_hide_footer_widgets":false,"_genesis_custom_body_class":"","_genesis_custom_post_class":"","_genesis_layout":"","ngg_post_thumbnail":0,"footnotes":""},"categories":[1],"tags":[],"class_list":{"0":"post-4156","1":"post","2":"type-post","3":"status-publish","4":"format-standard","5":"has-post-thumbnail","7":"category-noticias","8":"entry"},"_links":{"self":[{"href":"https:\/\/elvinodelaspiedras.es\/en\/wp-json\/wp\/v2\/posts\/4156"}],"collection":[{"href":"https:\/\/elvinodelaspiedras.es\/en\/wp-json\/wp\/v2\/posts"}],"about":[{"href":"https:\/\/elvinodelaspiedras.es\/en\/wp-json\/wp\/v2\/types\/post"}],"author":[{"embeddable":true,"href":"https:\/\/elvinodelaspiedras.es\/en\/wp-json\/wp\/v2\/users\/6"}],"replies":[{"embeddable":true,"href":"https:\/\/elvinodelaspiedras.es\/en\/wp-json\/wp\/v2\/comments?post=4156"}],"version-history":[{"count":1,"href":"https:\/\/elvinodelaspiedras.es\/en\/wp-json\/wp\/v2\/posts\/4156\/revisions"}],"predecessor-version":[{"id":5820,"href":"https:\/\/elvinodelaspiedras.es\/en\/wp-json\/wp\/v2\/posts\/4156\/revisions\/5820"}],"wp:featuredmedia":[{"embeddable":true,"href":"https:\/\/elvinodelaspiedras.es\/en\/wp-json\/wp\/v2\/media\/4157"}],"wp:attachment":[{"href":"https:\/\/elvinodelaspiedras.es\/en\/wp-json\/wp\/v2\/media?parent=4156"}],"wp:term":[{"taxonomy":"category","embeddable":true,"href":"https:\/\/elvinodelaspiedras.es\/en\/wp-json\/wp\/v2\/categories?post=4156"},{"taxonomy":"post_tag","embeddable":true,"href":"https:\/\/elvinodelaspiedras.es\/en\/wp-json\/wp\/v2\/tags?post=4156"}],"curies":[{"name":"wp","href":"https:\/\/api.w.org\/{rel}","templated":true}]}}