{"id":4158,"date":"2019-11-19T00:00:00","date_gmt":"2019-11-19T00:00:00","guid":{"rendered":"http:\/\/elvinodelaspiedras.local\/las-denominaciones-de-origen-de-vino-defienden-en-el-parlamento-europeo-su-especificidad-y-su-potencial-como-generadoras-de-valor\/"},"modified":"2020-11-13T12:29:26","modified_gmt":"2020-11-13T12:29:26","slug":"las-denominaciones-de-origen-de-vino-defienden-en-el-parlamento-europeo-su-especificidad-y-su-potencial-como-generadoras-de-valor","status":"publish","type":"post","link":"https:\/\/elvinodelaspiedras.es\/en\/comunicacion\/noticias\/las-denominaciones-de-origen-de-vino-defienden-en-el-parlamento-europeo-su-especificidad-y-su-potencial-como-generadoras-de-valor\/","title":{"rendered":"Las denominaciones de origen de vino defienden en el parlamento europeo su especificidad y su potencial como generadoras de valor"},"content":{"rendered":"<p>Durante un evento organizado por EFOW en el Parlamento Europeo y patrocinado por parlamentarios de los grupos socialista (S&amp;D), popular (EPP) y liberal (RenewEurope), numerosas denominaciones de origen europeas de los grandes pa\u00edses productores de vino (Francia, Italia, Portugal y Espa\u00f1a) intercambiaron informaci\u00f3n y posici\u00f3n con europarlamentarios sobre las <strong>prioridades de las DDOO de vino para el nuevo mandato de las instituciones de la UE.<\/strong><\/p>\n<p>En este contexto, la Conferencia Espa\u00f1ola de Consejos Reguladores Vitivin\u00edcolas (CECRV), asociaci\u00f3n que representa a las DDOO de vino de nuestro pa\u00eds, comparti\u00f3 con europarlamentarios y europarlamentarias espa\u00f1olas de diferentes grupos pol\u00edticos la necesidad de <strong>que las instituciones europeas adopten una ambiciosa reforma de la PAC para fortalecer las denominaciones de origen de vino, que son la columna vertebral de la viticultura europea.<\/strong><\/p>\n<p>Tanto CECRV, como el resto de organizaciones representativas de las DDOO europeas destacaron la necesidad de <strong>reforzar las herramientas espec\u00edficas del sector, <\/strong>en particular el sistema de autorizaciones de plantaciones de vi\u00f1edo, mecanismo de control productivo del sector del vino que busca un crecimiento equilibrado de la oferta para poder adaptarla lo m\u00e1ximo posible, a\u00f1o a a\u00f1o, a la demanda. En opini\u00f3n de las DDOO, el sector tiene que tener claro que podr\u00e1 seguir contando con este mecanismo de control m\u00e1s all\u00e1 de2030, fecha hasta la que estar\u00e1 vigente por el momento.Tambi\u00e9n manifestaron la urgencia de implementar un <strong>marco legislativo europeo m\u00e1s completo en materia de etiquetado<\/strong> que satisfaga, en igualdad de condiciones para todos los Estados miembro, las expectativas, tanto de los productores, como de los consumidores. Asimismo, <strong>solicitaron a las instituciones europeas que hagan el mejor uso posible de las pol\u00edticas comerciales y de promoci\u00f3n para ayudar al sector a hacer frente a los recientes aranceles adicionales impuestos por Estados Unidos y al BREXIT<\/strong>.<\/p>\n<p>Con todo, las DDOO espa\u00f1olas y europeas hicieron tambi\u00e9n hincapi\u00e9 en prioridades plasmadas en su agenda actual y de futuro, como su compromiso con las zonas rurales y la <strong>contribuci\u00f3n de las denominaciones de origen en la lucha contra la despoblaci\u00f3n rural<\/strong> o la puesta en valor y el impulso constante de la <strong>labor que las DDOOrealizan en materia de sostenibilidad econ\u00f3mica, social y medio ambiental, contribuyendo tambi\u00e9n a combatir el cambio clim\u00e1tico.<\/strong><\/p>\n<p>Los europarlamentarios de nuestro pa\u00eds reafirmaron el valor que las denominaciones de origen tienen como <strong>herramientas que contribuyen a generar valor y desarrollo<\/strong> para los territorios de numeros\u00edsimas regiones europeas y espa\u00f1olas, as\u00ed como la necesidad de <strong>reforzar su protecci\u00f3n y su promoci\u00f3n<\/strong> para que sigan contribuyendo a la creaci\u00f3n de valor para nuestros vinos y para nuestros\/as viticultores\/as y bodegas.<\/p>\n<p><strong>Los presidentes de EFOW, Bernard Fargues, y de CECRV, David Palacios Algarra<\/strong>, coincidieron en afirmar que est\u00e1n convencidos de que &#8220;el Parlamento Europeo seguir\u00e1 siendo un aliado de la viticultura de calidad&#8221;. Y a\u00f1adieron que &#8220;el nuevo Parlamento est\u00e1 comprendiendolos desaf\u00edos del sector del vino y parece preparado para afrontarlos&#8221;, para manifestar acto seguido que &#8220;ahora es el Consejo el que debe hacer lo mismo&#8221;. Y <strong>alentaron &#8220;a los gobiernos de los Estados miembro a acelerar sus negociaciones sobre la reforma de la PAC<\/strong>&#8220;, confiando en que &#8220;act\u00faen con consenso para defender con fuerza los intereses del sector&#8221;.<\/p>\n<hr>\n<figure id=\"attachment_512\" aria-describedby=\"caption-attachment-512\" style=\"width: 300px\" class=\"wp-caption alignnone\"><a href=\"\/_archivos\/imagenes\/3734.jpg\" target=\"_blank\" rel=\"noopener noreferrer\"><img decoding=\"async\" class=\"size-medium\" src=\"\/_archivos\/imagenes\/300\/3734.jpg\" alt=\"Evento de las DDOO en el Parlamento Europe\" title=\"Evento de las DDOO en el Parlamento Europe\" width=\"300\" height=\"auto\" \/><\/a><figcaption id=\"caption-attachment-512\" class=\"wp-caption-text\"><a href=\"\/_archivos\/imagenes\/3734.jpg\" target=\"_blank\" rel=\"noopener noreferrer\">Descargar imagen<\/a><\/figcaption><\/figure>\n<figure id=\"attachment_512\" aria-describedby=\"caption-attachment-512\" style=\"width: 300px\" class=\"wp-caption alignnone\"><a href=\"\/_archivos\/imagenes\/3735.jpg\" target=\"_blank\" rel=\"noopener noreferrer\"><img decoding=\"async\" class=\"size-medium\" src=\"\/_archivos\/imagenes\/300\/3735.jpg\" alt=\"Delegacion Espa\u00f1ola\" title=\"Delegacion Espa\u00f1ola\" width=\"300\" height=\"auto\" \/><\/a><figcaption id=\"caption-attachment-512\" class=\"wp-caption-text\"><a href=\"\/_archivos\/imagenes\/3735.jpg\" target=\"_blank\" rel=\"noopener noreferrer\">Descargar imagen<\/a><\/figcaption><\/figure>    \t<\/p>\n","protected":false},"excerpt":{"rendered":"<p>Durante un evento organizado por EFOW en el Parlamento Europeo y patrocinado por parlamentarios de los grupos socialista (S&amp;D), popular (EPP) y liberal (RenewEurope), numerosas denominaciones de origen europeas de los grandes pa\u00edses productores de vino (Francia, Italia, Portugal y Espa\u00f1a) intercambiaron informaci\u00f3n y posici\u00f3n con europarlamentarios sobre las prioridades de las DDOO de vino &hellip;<\/p>\n","protected":false},"author":6,"featured_media":4159,"comment_status":"closed","ping_status":"closed","sticky":false,"template":"","format":"standard","meta":{"_genesis_hide_title":false,"_genesis_hide_breadcrumbs":false,"_genesis_hide_singular_image":false,"_genesis_hide_footer_widgets":false,"_genesis_custom_body_class":"","_genesis_custom_post_class":"","_genesis_layout":"","ngg_post_thumbnail":0,"footnotes":""},"categories":[1],"tags":[],"class_list":{"0":"post-4158","1":"post","2":"type-post","3":"status-publish","4":"format-standard","5":"has-post-thumbnail","7":"category-noticias","8":"entry"},"_links":{"self":[{"href":"https:\/\/elvinodelaspiedras.es\/en\/wp-json\/wp\/v2\/posts\/4158"}],"collection":[{"href":"https:\/\/elvinodelaspiedras.es\/en\/wp-json\/wp\/v2\/posts"}],"about":[{"href":"https:\/\/elvinodelaspiedras.es\/en\/wp-json\/wp\/v2\/types\/post"}],"author":[{"embeddable":true,"href":"https:\/\/elvinodelaspiedras.es\/en\/wp-json\/wp\/v2\/users\/6"}],"replies":[{"embeddable":true,"href":"https:\/\/elvinodelaspiedras.es\/en\/wp-json\/wp\/v2\/comments?post=4158"}],"version-history":[{"count":1,"href":"https:\/\/elvinodelaspiedras.es\/en\/wp-json\/wp\/v2\/posts\/4158\/revisions"}],"predecessor-version":[{"id":5819,"href":"https:\/\/elvinodelaspiedras.es\/en\/wp-json\/wp\/v2\/posts\/4158\/revisions\/5819"}],"wp:featuredmedia":[{"embeddable":true,"href":"https:\/\/elvinodelaspiedras.es\/en\/wp-json\/wp\/v2\/media\/4159"}],"wp:attachment":[{"href":"https:\/\/elvinodelaspiedras.es\/en\/wp-json\/wp\/v2\/media?parent=4158"}],"wp:term":[{"taxonomy":"category","embeddable":true,"href":"https:\/\/elvinodelaspiedras.es\/en\/wp-json\/wp\/v2\/categories?post=4158"},{"taxonomy":"post_tag","embeddable":true,"href":"https:\/\/elvinodelaspiedras.es\/en\/wp-json\/wp\/v2\/tags?post=4158"}],"curies":[{"name":"wp","href":"https:\/\/api.w.org\/{rel}","templated":true}]}}