{"id":4160,"date":"2019-11-28T00:00:00","date_gmt":"2019-11-28T00:00:00","guid":{"rendered":"http:\/\/elvinodelaspiedras.local\/grandes-vinos-presenta-el-monasterio-de-las-vinas-gran-reserva-edicion-especial-real-zaragoza\/"},"modified":"2020-11-13T12:29:26","modified_gmt":"2020-11-13T12:29:26","slug":"grandes-vinos-presenta-el-monasterio-de-las-vinas-gran-reserva-edicion-especial-real-zaragoza","status":"publish","type":"post","link":"https:\/\/elvinodelaspiedras.es\/en\/comunicacion\/noticias\/grandes-vinos-presenta-el-monasterio-de-las-vinas-gran-reserva-edicion-especial-real-zaragoza\/","title":{"rendered":"Grandes vinos presenta Monasterio de las Vi\u00f1as gran reserva 2013, edici\u00f3n especial Real Zaragoza"},"content":{"rendered":"<p>Fruto del acuerdo recientemente firmado por Grandes Vinos como Bodega Oficial del Real Zaragoza, se lanza ahora al mercado el nuevo vino oficial, <strong>Monasterio de las Vi\u00f1as Gran Reserva 2013 Edici\u00f3n Especial Real Zaragoza.<\/strong><\/p>\n<p>&#8220;Se ha seleccionado para la ocasi\u00f3n, como no pod\u00eda ser de otra manera -comenta Manuel Garc\u00eda, director de marketing de Grandes Vinos-, un vino ic\u00f3nico de Grandes Vinos que goza de gran prestigio y reconocimiento tanto a nivel nacional como internacional, <strong>Monasterio de las Vi\u00f1as Gran Reserva<\/strong>, un <em>coupage<\/em> de <strong>garnacha, tempranillo, cari\u00f1ena y cabernet sauvignon<\/strong>, de vi\u00f1edos seleccionados de la parte m\u00e1s alta de la Denominaci\u00f3n de Origen, a los pies de la Sierra de Algair\u00e9n, entre los 600 y 800 metros y de edades superiores a los 40 a\u00f1os de edad&#8221;.<\/p>\n<p>Cuatro variedades que, posteriormente, realizan una crianza de <strong>24 meses de barrica, <\/strong>cuyo <em>coupage<\/em> final para esta a\u00f1ada se ha repartido entre<strong> roble franc\u00e9s y americano <\/strong>a partes pr\u00e1cticamente iguales y que se afina en botella hasta conseguir este vino <em>premium<\/em>, elegante, con estructura y perfecto equilibrio entre la fruta y la barrica.<\/p>\n<p>Un vino que ya se puede disfrutar pero que tiene una larga vida por delante, para aquellos consumidores que disfrutan de los vinos de guarda a los a\u00f1os de su puesta en el mercado.<\/p>\n<p>La a\u00f1ada 2013 que se presenta en el mercado con esta Edici\u00f3n Especial Real Zaragoza ya viene <strong>galardonada y reconocida <\/strong>en los concursos internacionales m\u00e1s prestigiosos a los que se ha presentado en 2019: <strong>Oro en Concurso Mundial de Bruselas, Oro en Berliner Wein Trophy, Oro en Mundus Vini y Plata en IWSC, International Wine Spirits Competition.<\/strong><\/p>\n<p>El dise\u00f1o de la etiqueta apela al coraz\u00f3n de toda la familia zaragocista y es, en realidad, un homenaje y un agradecimiento a la afici\u00f3n. Tres etiquetas distintascon un acabado <em>premium<\/em> de <em>stamping<\/em> oro y serigraf\u00eda: <strong>Nuestro Escudo<\/strong>, <strong>Nuestra Casa<\/strong>, La Romareda y <strong>Nuestro Capit\u00e1n,<\/strong> ilustrada por el icono zaragocista Alberto Zapater, se convierten en un todo y subrayan el sentido de pertenencia y fidelidad eterna del mejor activo del Club, haciendo la delicia del mismo, todos sus aficionados y simpatizantes y en especial de los coleccionistas.<\/p>\n<p>&#8220;Quer\u00edamos que fuera un vino de los aficionados -a\u00f1ade Garc\u00eda-, el tema que sea Nuestro Capit\u00e1n, Nuestra Casa, Nuestro Escudo, es hacerles part\u00edcipes y agradecerles, en nombre del Real Zaragoza y de nuestra Bodega que est\u00e9n siempre ah\u00ed&#8221;.<\/p>\n<p>La presentaci\u00f3n del vino se ha realizado ante un nutrido grupo de patrocinadores y miembros de distintas pe\u00f1as del Club, en la sede de Grandes Vinos, en Cari\u00f1ena, donde Jos\u00e9 Antonio Briz, Director General de Grandes Vinos y Christian Lapetra, Presidente del Real Zaragoza han brindado por el \u00e9xito de esta iniciativa. &#8220;Ojal\u00e1 podamos brindar con \u00e9l con motivo de gestas mayores&#8221;, afirmaba con optimismo el presidente del Club, que, como todos los zaragocistas, sue\u00f1a con el ansiado ascenso. A la presentaci\u00f3n ha seguido una visita a la bodega y una cena c\u00f3ctel con degustaci\u00f3n del vino.<\/p>\n<p>Este vino, como subraya la propia bodega, marida perfectamente con una gran diversidad de platos pero, sin duda, la mejor sugerencia para disfrutarlo es abrirlo en buena compa\u00f1\u00eda porque es un vino para compartir y para celebrar. Buena muestra de ello se puede ver en el <a href=\"https:\/\/youtu.be\/q5NNzw0payw\" target=\"_blank\" rel=\"noopener noreferrer\">video presentaci\u00f3n del vino<\/a> que se realiz\u00f3 en La Romareda con la participaci\u00f3n de diferentes personalidades y perfiles.<\/p>\n<p>Las tres botellas se pueden adquirir, individualmente, o en una caja de madera <em>premium,<\/em> con los logos del Club y la Bodega estampados a fuego en la madera.<\/p>\n<p>El precio de cada botella en la tienda oficial del Real Zaragoza ser\u00e1 de 11 \u20ac p.v.p., el mismo que en su tienda online<a href=\"http:\/\/www.realzaragoza.com\/\/\/\/\/\/\/\/\">www.realzaragoza.com<\/a> a la que se a\u00f1aden los costes de transporte.<\/p>\n<hr>\n<figure id=\"attachment_513\" aria-describedby=\"caption-attachment-513\" style=\"width: 300px\" class=\"wp-caption alignnone\"><a href=\"\/_archivos\/imagenes\/3736.jpg\" target=\"_blank\" rel=\"noopener noreferrer\"><img decoding=\"async\" class=\"size-medium\" src=\"\/_archivos\/imagenes\/300\/3736.jpg\" alt=\"3 bot\" title=\"3 bot\" width=\"300\" height=\"auto\" \/><\/a><figcaption id=\"caption-attachment-513\" class=\"wp-caption-text\"><a href=\"\/_archivos\/imagenes\/3736.jpg\" target=\"_blank\" rel=\"noopener noreferrer\">Descargar imagen<\/a><\/figcaption><\/figure>\n<figure id=\"attachment_513\" aria-describedby=\"caption-attachment-513\" style=\"width: 300px\" class=\"wp-caption alignnone\"><a href=\"\/_archivos\/imagenes\/3738.jpg\" target=\"_blank\" rel=\"noopener noreferrer\"><img decoding=\"async\" class=\"size-medium\" src=\"\/_archivos\/imagenes\/300\/3738.jpg\" alt=\"brindis\" title=\"brindis\" width=\"300\" height=\"auto\" \/><\/a><figcaption id=\"caption-attachment-513\" class=\"wp-caption-text\"><a href=\"\/_archivos\/imagenes\/3738.jpg\" target=\"_blank\" rel=\"noopener noreferrer\">Descargar imagen<\/a><\/figcaption><\/figure>\n<figure id=\"attachment_513\" aria-describedby=\"caption-attachment-513\" style=\"width: 300px\" class=\"wp-caption alignnone\"><a href=\"\/_archivos\/imagenes\/3739.jpg\" target=\"_blank\" rel=\"noopener noreferrer\"><img decoding=\"async\" class=\"size-medium\" src=\"\/_archivos\/imagenes\/300\/3739.jpg\" alt=\"Presentaci\u00f3n\" title=\"Presentaci\u00f3n\" width=\"300\" height=\"auto\" \/><\/a><figcaption id=\"caption-attachment-513\" class=\"wp-caption-text\"><a href=\"\/_archivos\/imagenes\/3739.jpg\" target=\"_blank\" rel=\"noopener noreferrer\">Descargar imagen<\/a><\/figcaption><\/figure>\n<figure id=\"attachment_513\" aria-describedby=\"caption-attachment-513\" style=\"width: 300px\" class=\"wp-caption alignnone\"><a href=\"\/_archivos\/imagenes\/3740.jpg\" target=\"_blank\" rel=\"noopener noreferrer\"><img decoding=\"async\" class=\"size-medium\" src=\"\/_archivos\/imagenes\/300\/3740.jpg\" alt=\"visita\" title=\"visita\" width=\"300\" height=\"auto\" \/><\/a><figcaption id=\"caption-attachment-513\" class=\"wp-caption-text\"><a href=\"\/_archivos\/imagenes\/3740.jpg\" target=\"_blank\" rel=\"noopener noreferrer\">Descargar imagen<\/a><\/figcaption><\/figure>    \t<\/p>\n","protected":false},"excerpt":{"rendered":"<p>Fruto del acuerdo recientemente firmado por Grandes Vinos como Bodega Oficial del Real Zaragoza, se lanza ahora al mercado el nuevo vino oficial, Monasterio de las Vi\u00f1as Gran Reserva 2013 Edici\u00f3n Especial Real Zaragoza. &#8220;Se ha seleccionado para la ocasi\u00f3n, como no pod\u00eda ser de otra manera -comenta Manuel Garc\u00eda, director de marketing de Grandes &hellip;<\/p>\n","protected":false},"author":6,"featured_media":4161,"comment_status":"closed","ping_status":"closed","sticky":false,"template":"","format":"standard","meta":{"_genesis_hide_title":false,"_genesis_hide_breadcrumbs":false,"_genesis_hide_singular_image":false,"_genesis_hide_footer_widgets":false,"_genesis_custom_body_class":"","_genesis_custom_post_class":"","_genesis_layout":"","ngg_post_thumbnail":0,"footnotes":""},"categories":[1],"tags":[],"class_list":{"0":"post-4160","1":"post","2":"type-post","3":"status-publish","4":"format-standard","5":"has-post-thumbnail","7":"category-noticias","8":"entry"},"_links":{"self":[{"href":"https:\/\/elvinodelaspiedras.es\/en\/wp-json\/wp\/v2\/posts\/4160"}],"collection":[{"href":"https:\/\/elvinodelaspiedras.es\/en\/wp-json\/wp\/v2\/posts"}],"about":[{"href":"https:\/\/elvinodelaspiedras.es\/en\/wp-json\/wp\/v2\/types\/post"}],"author":[{"embeddable":true,"href":"https:\/\/elvinodelaspiedras.es\/en\/wp-json\/wp\/v2\/users\/6"}],"replies":[{"embeddable":true,"href":"https:\/\/elvinodelaspiedras.es\/en\/wp-json\/wp\/v2\/comments?post=4160"}],"version-history":[{"count":1,"href":"https:\/\/elvinodelaspiedras.es\/en\/wp-json\/wp\/v2\/posts\/4160\/revisions"}],"predecessor-version":[{"id":5818,"href":"https:\/\/elvinodelaspiedras.es\/en\/wp-json\/wp\/v2\/posts\/4160\/revisions\/5818"}],"wp:featuredmedia":[{"embeddable":true,"href":"https:\/\/elvinodelaspiedras.es\/en\/wp-json\/wp\/v2\/media\/4161"}],"wp:attachment":[{"href":"https:\/\/elvinodelaspiedras.es\/en\/wp-json\/wp\/v2\/media?parent=4160"}],"wp:term":[{"taxonomy":"category","embeddable":true,"href":"https:\/\/elvinodelaspiedras.es\/en\/wp-json\/wp\/v2\/categories?post=4160"},{"taxonomy":"post_tag","embeddable":true,"href":"https:\/\/elvinodelaspiedras.es\/en\/wp-json\/wp\/v2\/tags?post=4160"}],"curies":[{"name":"wp","href":"https:\/\/api.w.org\/{rel}","templated":true}]}}