{"id":4162,"date":"2019-11-29T00:00:00","date_gmt":"2019-11-29T00:00:00","guid":{"rendered":"http:\/\/elvinodelaspiedras.local\/las-denominaciones-de-origen-exigen-medidas-mas-concretas-y-urgentes-para-contrarrestar-los-efectos-de-los-aranceles-de-eeuu\/"},"modified":"2020-11-13T12:29:26","modified_gmt":"2020-11-13T12:29:26","slug":"las-denominaciones-de-origen-exigen-medidas-mas-concretas-y-urgentes-para-contrarrestar-los-efectos-de-los-aranceles-de-eeuu","status":"publish","type":"post","link":"https:\/\/elvinodelaspiedras.es\/en\/comunicacion\/noticias\/las-denominaciones-de-origen-exigen-medidas-mas-concretas-y-urgentes-para-contrarrestar-los-efectos-de-los-aranceles-de-eeuu\/","title":{"rendered":"Las denominaciones de origen exigen medidas m\u00e1s concretas y urgentes para contrarrestar los efectos de los aranceles de EE.UU."},"content":{"rendered":"<p>La Conferencia Espa\u00f1ola de Consejos Reguladores Vitivin\u00edcolas (CECRV), organizaci\u00f3n que representa a las denominaciones de origen de vino espa\u00f1olas, y la EuropeanFederationofOriginWines (EFOW), que representa a las DDOO de vino europeas, valoran positivamente la voluntad mostrada estos d\u00edas por la Comisi\u00f3n Europea y por el Parlamento Europeode ayudar a los productores europeos que est\u00e1n haciendo frente a la subida de impuestos aduaneros estadounidenses tras el caso Airbus, pero piden tanto a las instituciones europeas como a Espa\u00f1a que pongan en marcha, con urgencia, medidas de apoyo efectivas que permitan contrarrestar la p\u00e9rdida de cuota de mercado en un destino clave para nuestras exportaciones.<\/p>\n<p>Desde que se anunciaron los aranceles impuestos por el Gobierno de Donald Trump a diversos sectores y pa\u00edses de la Uni\u00f3n Europea, entre ellos el del vino de Espa\u00f1a, CECRV, EFOW y el resto de organizaciones sectoriales nacionales y europeas han venido solicitando una serie de medidas urgentes, tanto a las instituciones de la UE, como al Gobierno de Espa\u00f1a. En este contexto y ante unas perspectivas pesimistas en relaci\u00f3n a que se pueda encontrar una soluci\u00f3n negociada al conflicto comercial por parte de la UE y de los EE.UU. en el corto-medio plazo, las organizaciones representativas de las denominaciones de origen espa\u00f1olas y europeas en conjunto consideran que <strong>es el momento de pasar de las palabras a los hechos y exigen medidas m\u00e1s concretas, eficaces y urgentes.<\/strong><\/p>\n<p>Tanto CECRV, como EFOW, en representaci\u00f3n de las figuras de calidad, entienden positiva la voluntad mostradapor la<strong> Comisi\u00f3n Europea<\/strong>, que ha anunciado <strong>modificaciones legislativas con el fin de reforzar los programas europeos de promoci\u00f3n del vino en terceros pa\u00edses <\/strong>(v\u00eda aumento de la tasa de co-financiaci\u00f3n europea y aumento de la flexibilizaci\u00f3n de modificaci\u00f3n de los programas y de su duraci\u00f3n), y por <strong>el Parlamento Europeo<\/strong>, que <strong>ha aprobado el 28 de noviembre una resoluci\u00f3n solicitando medidas compensatorias para los sectores afectados<\/strong>. Pero consideran que <strong>esto no es suficiente y la realidad<\/strong>, m\u00e1s de un mes despu\u00e9s de la entrada en vigor de estos aranceles, <strong>impone, tanto la concreci\u00f3n con celeridad de esas medidas a nivel europeo, como la adopci\u00f3n, tambi\u00e9n a nivel nacional, de medidas urgentes y m\u00e1s concretas <\/strong>de apoyo a los sectores afectados.<\/p>\n<p>EE.UU. est\u00e1 entre los principales destinos para la exportaci\u00f3n de nuestros vinos, especialmente de los vinos con denominaci\u00f3n de origen, que son los que m\u00e1s valor aportan al conjunto del sector. El vino, adem\u00e1s, es uno de los sectores emblem\u00e1ticos de la UE y de nuestro pa\u00eds, con una vocaci\u00f3n claramente internacional y una fuente de prestigio y de imagen pa\u00eds como pocos sectores econ\u00f3micos. Dada la enorme importancia del mercado estadounidense para muchas bodegas de numerosas denominaciones de origen y teniendo en cuenta que el sector del vino est\u00e1 siendo v\u00edctima colateral de un conflicto que no le concierne (el caso Airbus), es el momento de que tanto la instituciones UE como Espa\u00f1a aprueben <strong>medidas concretas de apoyo al sector del vino<\/strong>, con la creaci\u00f3n de un <strong>fondo de compensaci\u00f3n que permita ayudas directas <\/strong>a los operadores<strong> y campa\u00f1as de promoci\u00f3n en el mercado norteamericano con presupuesto suficiente para generar marca pa\u00eds en los sectores afectados.<\/strong><\/p>\n<p>Esas medidas deben servir para, por un lado, <strong>contrarrestar las p\u00e9rdidas econ\u00f3micas<\/strong>, derivadas del significativo aumento de precio de nuestros productos en el mercado norteamericano respecto a los de nuestros competidores directos que no sufren este arancel. Y por otro, para s<strong>ostener y aumentar la notoriedad de nuestros productos en el mercado estadounidense<\/strong>, ya que la p\u00e9rdida de cuota de mercado que previsiblemente ir\u00e1n experimentando nuestros vinos en Estados Unidos tendr\u00e1 consecuencias importantes en t\u00e9rminos de volumen de negocio y por tanto de inversi\u00f3n y empleo para muchas e importantes bodegas y denominaciones de origen de nuestro pa\u00eds y, por tanto, en el medio rural.<\/p>\n<p>El presidente de CECRV, David Palacios Algarra, considera que &#8220;la necesidad de que Espa\u00f1a apruebe medidas urgentes es imperiosa. La preocupaci\u00f3n de nuestras bodegas y denominaciones de origen es enorme. Y<a name=\"_GoBack\"><\/a> m\u00e1s a\u00fan la incomprensi\u00f3n del conjunto del sector por tener que sufrir p\u00e9rdidas significativas para sus negocios a consecuencia de un conflicto en un sector (el aeron\u00e1utico) que nada tiene que ver con nuestra agricultura ni con el vino. Pero <strong>lo que de verdad importa y urge es evitar un da\u00f1o muy importante a un sector que genera prosperidad y empleo en muchas zonas rurales de nuestro pa\u00eds<\/strong>&#8220;.<\/p>\n<hr>\n<figure id=\"attachment_514\" aria-describedby=\"caption-attachment-514\" style=\"width: 300px\" class=\"wp-caption alignnone\"><a href=\"\/_archivos\/imagenes\/3741.jpg\" target=\"_blank\" rel=\"noopener noreferrer\"><img decoding=\"async\" class=\"size-medium\" src=\"\/_archivos\/imagenes\/300\/3741.jpg\" alt=\"CECRV-Logotipo_alta\" title=\"CECRV-Logotipo_alta\" width=\"300\" height=\"auto\" \/><\/a><figcaption id=\"caption-attachment-514\" class=\"wp-caption-text\"><a href=\"\/_archivos\/imagenes\/3741.jpg\" target=\"_blank\" rel=\"noopener noreferrer\">Descargar imagen<\/a><\/figcaption><\/figure>\n","protected":false},"excerpt":{"rendered":"<p>La Conferencia Espa\u00f1ola de Consejos Reguladores Vitivin\u00edcolas (CECRV), organizaci\u00f3n que representa a las denominaciones de origen de vino espa\u00f1olas, y la EuropeanFederationofOriginWines (EFOW), que representa a las DDOO de vino europeas, valoran positivamente la voluntad mostrada estos d\u00edas por la Comisi\u00f3n Europea y por el Parlamento Europeode ayudar a los productores europeos que est\u00e1n haciendo &hellip;<\/p>\n","protected":false},"author":6,"featured_media":4163,"comment_status":"closed","ping_status":"closed","sticky":false,"template":"","format":"standard","meta":{"_genesis_hide_title":false,"_genesis_hide_breadcrumbs":false,"_genesis_hide_singular_image":false,"_genesis_hide_footer_widgets":false,"_genesis_custom_body_class":"","_genesis_custom_post_class":"","_genesis_layout":"","ngg_post_thumbnail":0,"footnotes":""},"categories":[1],"tags":[],"class_list":{"0":"post-4162","1":"post","2":"type-post","3":"status-publish","4":"format-standard","5":"has-post-thumbnail","7":"category-noticias","8":"entry"},"_links":{"self":[{"href":"https:\/\/elvinodelaspiedras.es\/en\/wp-json\/wp\/v2\/posts\/4162"}],"collection":[{"href":"https:\/\/elvinodelaspiedras.es\/en\/wp-json\/wp\/v2\/posts"}],"about":[{"href":"https:\/\/elvinodelaspiedras.es\/en\/wp-json\/wp\/v2\/types\/post"}],"author":[{"embeddable":true,"href":"https:\/\/elvinodelaspiedras.es\/en\/wp-json\/wp\/v2\/users\/6"}],"replies":[{"embeddable":true,"href":"https:\/\/elvinodelaspiedras.es\/en\/wp-json\/wp\/v2\/comments?post=4162"}],"version-history":[{"count":1,"href":"https:\/\/elvinodelaspiedras.es\/en\/wp-json\/wp\/v2\/posts\/4162\/revisions"}],"predecessor-version":[{"id":5817,"href":"https:\/\/elvinodelaspiedras.es\/en\/wp-json\/wp\/v2\/posts\/4162\/revisions\/5817"}],"wp:featuredmedia":[{"embeddable":true,"href":"https:\/\/elvinodelaspiedras.es\/en\/wp-json\/wp\/v2\/media\/4163"}],"wp:attachment":[{"href":"https:\/\/elvinodelaspiedras.es\/en\/wp-json\/wp\/v2\/media?parent=4162"}],"wp:term":[{"taxonomy":"category","embeddable":true,"href":"https:\/\/elvinodelaspiedras.es\/en\/wp-json\/wp\/v2\/categories?post=4162"},{"taxonomy":"post_tag","embeddable":true,"href":"https:\/\/elvinodelaspiedras.es\/en\/wp-json\/wp\/v2\/tags?post=4162"}],"curies":[{"name":"wp","href":"https:\/\/api.w.org\/{rel}","templated":true}]}}