{"id":4164,"date":"2019-12-16T00:00:00","date_gmt":"2019-12-16T00:00:00","guid":{"rendered":"http:\/\/elvinodelaspiedras.local\/la-conferencia-espanola-de-consejos-reguladores-vitivinicolas-acoge-con-satisfaccion-la-renovacion-del-intergrupo-vino\/"},"modified":"2020-11-13T12:29:26","modified_gmt":"2020-11-13T12:29:26","slug":"la-conferencia-espanola-de-consejos-reguladores-vitivinicolas-acoge-con-satisfaccion-la-renovacion-del-intergrupo-vino","status":"publish","type":"post","link":"https:\/\/elvinodelaspiedras.es\/en\/comunicacion\/noticias\/la-conferencia-espanola-de-consejos-reguladores-vitivinicolas-acoge-con-satisfaccion-la-renovacion-del-intergrupo-vino\/","title":{"rendered":"La conferencia espa\u00f1ola de consejos reguladores vitivin\u00edcolas acoge con satisfacci\u00f3n la renovaci\u00f3n del intergrupo vino"},"content":{"rendered":"<p>La\u00a0<strong><strong><strong>Conferencia Espa\u00f1ola de Consejos Reguladores Vitivin\u00edcolas<\/strong> (CECRV)<\/strong><\/strong>, asociaci\u00f3n que representa a las denominaciones de origen de vino, se muestra\u00a0<strong>satisfecha <\/strong>por el\u00a0<strong><strong><strong>apoyo <\/strong><\/strong><\/strong>que la Conferencia de Presidentes del\u00a0<strong><strong><strong>Parlamento Europeo<\/strong><\/strong><\/strong>, que re\u00fane a los l\u00edderes de todos los grupos pol\u00edticos europeos, ha dado al<strong> Intergrupo<\/strong> <strong>Vino<\/strong>, pasando as\u00ed a ser, una legislatura m\u00e1s, uno de los<strong> <strong><strong>aprobados por la Euroc\u00e1mara en el presente mandato<\/strong><\/strong><\/strong>.<\/p>\n<p>Tanto la Conferencia Espa\u00f1ola de Consejos Reguladores Vitivin\u00edcolas, como la <em>EuropeanFederationofOriginWines<\/em> (EFOW), que representa a las denominaciones de origen europeas y de la que CECRV forma parte junto a las organizaciones representativas de las DDOO en Francia, Italia y Portugal, han venido trabajando en las \u00faltimas semanas para que el Intergrupo Vino vuelva a tener cabida en el actual mandato del Parlamento Europeo (PE). Y as\u00ed lo ha aprobado la Conferencia de Presidentes de la Euroc\u00e1mara, que re\u00fane a los l\u00edderes de los grupos pol\u00edticos europeos.<\/p>\n<p>El Intergrupo Vino, que pasar\u00e1 a llamarse &#8220;Intergrupo Vino, Productos de Calidad y Bebidas Espirituosas&#8221;, es el m\u00e1s antiguo del Parlamento Europeo. Son muchos los intergrupos propuestos por los grupos pol\u00edticos y la sociedad civil al inicio de cada legislatura europea y un n\u00famero limitado los que finalmente aprueba el PE. <strong>La continuidad del dedicado al sector del vino constituye, a juicio de las denominaciones de origen, una se\u00f1al clara de la pertinencia y de la importancia que este sector tiene para la econom\u00eda de la UE.<\/strong><\/p>\n<p>Los intergrupos son foros de di\u00e1logo adscritos al Parlamento Europeo y formados por diputados pertenecientes a grupos pol\u00edticos europeos diferentes interesados por un tema espec\u00edfico, que a su vez tiene inter\u00e9s para el conjunto de la sociedad. En ellos, los europarlamentarios y la sociedad civil debaten y se intercambian informaci\u00f3n y posici\u00f3n. Su actividad est\u00e1 regulada por un reglamento interno aprobado por la Conferencia de Presidentes del Parlamento Europeo.<\/p>\n<p>El Presidente de CECRV, David Palacios Algarra, considera que &#8220;la renovaci\u00f3n del Intergrupo Vino <strong>llega en un momento muy importante para nuestro sector<\/strong>, en plena reforma de la PAC y con una coyuntura comercial internacional muy complicada que demanda decisiones y medidas firmes y r\u00e1pidas para el sector agroalimentario en general y para el del vino en particular por parte de las instituciones de la Uni\u00f3n Europea&#8221;. El Sr. Palacios otorga &#8220;<strong>mucha relevancia al trabajo que EFOW y sus organizaciones miembro realizamos proporcionando la l\u00f3gica interlocuci\u00f3n que el Parlamento Europeo necesita<\/strong> para conocer las necesidades de los operadores de cara a la elaboraci\u00f3n de la legislaci\u00f3n europea que regula nuestro sector&#8221;.<\/p>\n<hr>\n<figure id=\"attachment_515\" aria-describedby=\"caption-attachment-515\" style=\"width: 300px\" class=\"wp-caption alignnone\"><a href=\"\/_archivos\/imagenes\/3742.jpg\" target=\"_blank\" rel=\"noopener noreferrer\"><img decoding=\"async\" class=\"size-medium\" src=\"\/_archivos\/imagenes\/300\/3742.jpg\" alt=\"Intergrupo\" title=\"Intergrupo\" width=\"300\" height=\"auto\" \/><\/a><figcaption id=\"caption-attachment-515\" class=\"wp-caption-text\"><a href=\"\/_archivos\/imagenes\/3742.jpg\" target=\"_blank\" rel=\"noopener noreferrer\">Descargar imagen<\/a><\/figcaption><\/figure>\n","protected":false},"excerpt":{"rendered":"<p>La\u00a0Conferencia Espa\u00f1ola de Consejos Reguladores Vitivin\u00edcolas (CECRV), asociaci\u00f3n que representa a las denominaciones de origen de vino, se muestra\u00a0satisfecha por el\u00a0apoyo que la Conferencia de Presidentes del\u00a0Parlamento Europeo, que re\u00fane a los l\u00edderes de todos los grupos pol\u00edticos europeos, ha dado al Intergrupo Vino, pasando as\u00ed a ser, una legislatura m\u00e1s, uno de los aprobados &hellip;<\/p>\n","protected":false},"author":6,"featured_media":4165,"comment_status":"closed","ping_status":"closed","sticky":false,"template":"","format":"standard","meta":{"_genesis_hide_title":false,"_genesis_hide_breadcrumbs":false,"_genesis_hide_singular_image":false,"_genesis_hide_footer_widgets":false,"_genesis_custom_body_class":"","_genesis_custom_post_class":"","_genesis_layout":"","ngg_post_thumbnail":0,"footnotes":""},"categories":[1],"tags":[],"class_list":{"0":"post-4164","1":"post","2":"type-post","3":"status-publish","4":"format-standard","5":"has-post-thumbnail","7":"category-noticias","8":"entry"},"_links":{"self":[{"href":"https:\/\/elvinodelaspiedras.es\/en\/wp-json\/wp\/v2\/posts\/4164"}],"collection":[{"href":"https:\/\/elvinodelaspiedras.es\/en\/wp-json\/wp\/v2\/posts"}],"about":[{"href":"https:\/\/elvinodelaspiedras.es\/en\/wp-json\/wp\/v2\/types\/post"}],"author":[{"embeddable":true,"href":"https:\/\/elvinodelaspiedras.es\/en\/wp-json\/wp\/v2\/users\/6"}],"replies":[{"embeddable":true,"href":"https:\/\/elvinodelaspiedras.es\/en\/wp-json\/wp\/v2\/comments?post=4164"}],"version-history":[{"count":2,"href":"https:\/\/elvinodelaspiedras.es\/en\/wp-json\/wp\/v2\/posts\/4164\/revisions"}],"predecessor-version":[{"id":5816,"href":"https:\/\/elvinodelaspiedras.es\/en\/wp-json\/wp\/v2\/posts\/4164\/revisions\/5816"}],"wp:featuredmedia":[{"embeddable":true,"href":"https:\/\/elvinodelaspiedras.es\/en\/wp-json\/wp\/v2\/media\/4165"}],"wp:attachment":[{"href":"https:\/\/elvinodelaspiedras.es\/en\/wp-json\/wp\/v2\/media?parent=4164"}],"wp:term":[{"taxonomy":"category","embeddable":true,"href":"https:\/\/elvinodelaspiedras.es\/en\/wp-json\/wp\/v2\/categories?post=4164"},{"taxonomy":"post_tag","embeddable":true,"href":"https:\/\/elvinodelaspiedras.es\/en\/wp-json\/wp\/v2\/tags?post=4164"}],"curies":[{"name":"wp","href":"https:\/\/api.w.org\/{rel}","templated":true}]}}