{"id":4166,"date":"2020-01-16T00:00:00","date_gmt":"2020-01-16T00:00:00","guid":{"rendered":"http:\/\/elvinodelaspiedras.local\/bodegas-esteban-martin-pioneras-en-el-uso-del-ozono-en-el-tratamiento-de-los-vinedos\/"},"modified":"2020-11-13T12:29:26","modified_gmt":"2020-11-13T12:29:26","slug":"bodegas-esteban-martin-pioneras-en-el-uso-del-ozono-en-el-tratamiento-de-los-vinedos","status":"publish","type":"post","link":"https:\/\/elvinodelaspiedras.es\/en\/comunicacion\/noticias\/bodegas-esteban-martin-pioneras-en-el-uso-del-ozono-en-el-tratamiento-de-los-vinedos\/","title":{"rendered":"Bodegas Esteban Martin, pioneras en el uso del ozono en el tratamiento de los vi\u00f1edos"},"content":{"rendered":"<p>Desde hace algo <strong>m\u00e1s de un a\u00f1o<\/strong>, <strong>Bodegas Esteban Mart\u00edn<\/strong>, perteneciente a la <strong>DOP Cari\u00f1ena<\/strong>, y siempre trabajando por la innovaci\u00f3n y la calidad, comenz\u00f3 a <strong>tratar sus vi\u00f1edos<\/strong> mediante la <strong>pulverizaci\u00f3n con ozono <\/strong>para <strong>limitar el crecimiento de microorganismos <\/strong>pat\u00f3genos, con lo cual se preserva la <strong>calidad de los vinos<\/strong> y la <strong>salubridad de las vi\u00f1as<\/strong>; a la vez que se cuida y se <strong>protege el medioambiente<\/strong>.<\/p>\n<p><strong>Alberto Esteban<\/strong> Mart\u00edn, <strong>administrador <\/strong>de la bodega, <strong>Antonio Gasca<\/strong>, su <strong>director <\/strong>y <strong>Jorge Barber\u00eda<\/strong>, <strong>en\u00f3logo <\/strong>de la misma, vieron que este m\u00e9todo podr\u00eda suponer un <strong>gran avance <\/strong>y una mejora considerable tanto para los vi\u00f1edos como para los <strong>vinos<\/strong>, as\u00ed como para el <strong>entorno <\/strong>y el h\u00e1bitat.<\/p>\n<p>Antonio Gasca dice al respecto que, &#8220;esta <strong>t\u00e9cnica<\/strong> resulta ser la <strong>m\u00e1s eficaz y ecol\u00f3gica<\/strong>, puesto que el ozono se revela como un protector natural de la vid y del medioambiente&#8221;. A lo que Jorge Barber\u00eda a\u00f1ade, &#8220;despu\u00e9s de un a\u00f1o pulverizando con ozono es una <strong>maravilla ver el resultado<\/strong>, es incre\u00edble percibir tanta salubridad y tanta calidad en los vinos. Esto supone un gran avance para el cuidado de la naturaleza&#8221;.<\/p>\n<p>El uso del ozono en instalaciones agr\u00edcolas no es una novedad hoy. Se ha usado ya alguna vez para mantener los niveles de higiene, tanto en barricas como en el resto de maquinarias y utensilios que intervienen en la elaboraci\u00f3n del vino. Tambi\u00e9n en agricultura se ha aplicado inyectando agua ozonizada en el riego para desinfectar las ra\u00edces y el sustrato, impidiendo la aparici\u00f3n de enfermedades causadas por hongos o bacterias.<\/p>\n<p>Lo novedoso e <strong>innovador <\/strong>en este caso es usarlo mediante la <strong>pulverizaci\u00f3n directa<\/strong> sobre los vi\u00f1edos, aplic\u00e1ndolo en cualquier estado fenol\u00f3gico del cultivo, cuantas veces se desee y sin necesidad de equipos especiales.<\/p>\n<p>El resultado son frutos m\u00e1s homog\u00e9neos y con m\u00e1s consistencia, es un tratamiento 100% ecol\u00f3gico, puesto que solo utiliza el agua.<\/p>\n<p><strong>Bodegas Esteban Martin<\/strong> <strong>presentar\u00e1 <\/strong>este a\u00f1o sus <strong>vinos <\/strong>naturales y <strong>ecol\u00f3gicos<\/strong>, tratados con ozono y libres de pesticidas y fungicidas. Seg\u00fan su propietario, Alberto Esteban Martin, &#8220;estamos muy satisfechos con el resultado, los vinos est\u00e1n perfectos y reflejan un plus de energ\u00eda y vitalidad&#8221;.<\/p>\n<p>Bodegas Esteban Martin, ya despunt\u00f3 en 2002, siendo precursora de la t\u00e9cnica de difusores de feromonas para luchar contra la polilla. Este m\u00e9todo, totalmente inocuo para la vi\u00f1a y ecol\u00f3gico al cien por cien, sirvi\u00f3 de gu\u00eda para otras empresas vitivin\u00edcolas y agr\u00edcolas.<\/p>\n<p>La empresa promueve y ejerce desde sus or\u00edgenes la sostenibilidad innovando mediante mecanismos varios como gesti\u00f3n de recursos, reciclaje, agricultura sostenible y ahora ecol\u00f3gica en gran parte de sus vi\u00f1edos. Su filosof\u00eda es la de respetar a la tierra atendiendo a la biodiversidad y trabajando mano a mano con la naturaleza.<\/p>\n<hr>\n<figure id=\"attachment_516\" aria-describedby=\"caption-attachment-516\" style=\"width: 300px\" class=\"wp-caption alignnone\"><a href=\"\/_archivos\/imagenes\/3743.jpg\" target=\"_blank\" rel=\"noopener noreferrer\"><img decoding=\"async\" class=\"size-medium\" src=\"\/_archivos\/imagenes\/300\/3743.jpg\" alt=\"20200116_110340\" title=\"20200116_110340\" width=\"300\" height=\"auto\" \/><\/a><figcaption id=\"caption-attachment-516\" class=\"wp-caption-text\"><a href=\"\/_archivos\/imagenes\/3743.jpg\" target=\"_blank\" rel=\"noopener noreferrer\">Descargar imagen<\/a><\/figcaption><\/figure>\n<figure id=\"attachment_516\" aria-describedby=\"caption-attachment-516\" style=\"width: 300px\" class=\"wp-caption alignnone\"><a href=\"\/_archivos\/imagenes\/3744.jpg\" target=\"_blank\" rel=\"noopener noreferrer\"><img decoding=\"async\" class=\"size-medium\" src=\"\/_archivos\/imagenes\/300\/3744.jpg\" alt=\"20200116_110307\" title=\"20200116_110307\" width=\"300\" height=\"auto\" \/><\/a><figcaption id=\"caption-attachment-516\" class=\"wp-caption-text\"><a href=\"\/_archivos\/imagenes\/3744.jpg\" target=\"_blank\" rel=\"noopener noreferrer\">Descargar imagen<\/a><\/figcaption><\/figure>\n<figure id=\"attachment_516\" aria-describedby=\"caption-attachment-516\" style=\"width: 300px\" class=\"wp-caption alignnone\"><a href=\"\/_archivos\/imagenes\/3745.jpg\" target=\"_blank\" rel=\"noopener noreferrer\"><img decoding=\"async\" class=\"size-medium\" src=\"\/_archivos\/imagenes\/300\/3745.jpg\" alt=\"IMG-20200115-WA0002\" title=\"IMG-20200115-WA0002\" width=\"300\" height=\"auto\" \/><\/a><figcaption id=\"caption-attachment-516\" class=\"wp-caption-text\"><a href=\"\/_archivos\/imagenes\/3745.jpg\" target=\"_blank\" rel=\"noopener noreferrer\">Descargar imagen<\/a><\/figcaption><\/figure>    \t<\/p>\n","protected":false},"excerpt":{"rendered":"<p>Desde hace algo m\u00e1s de un a\u00f1o, Bodegas Esteban Mart\u00edn, perteneciente a la DOP Cari\u00f1ena, y siempre trabajando por la innovaci\u00f3n y la calidad, comenz\u00f3 a tratar sus vi\u00f1edos mediante la pulverizaci\u00f3n con ozono para limitar el crecimiento de microorganismos pat\u00f3genos, con lo cual se preserva la calidad de los vinos y la salubridad de &hellip;<\/p>\n","protected":false},"author":6,"featured_media":4167,"comment_status":"closed","ping_status":"closed","sticky":false,"template":"","format":"standard","meta":{"_genesis_hide_title":false,"_genesis_hide_breadcrumbs":false,"_genesis_hide_singular_image":false,"_genesis_hide_footer_widgets":false,"_genesis_custom_body_class":"","_genesis_custom_post_class":"","_genesis_layout":"","ngg_post_thumbnail":0,"footnotes":""},"categories":[1],"tags":[],"class_list":{"0":"post-4166","1":"post","2":"type-post","3":"status-publish","4":"format-standard","5":"has-post-thumbnail","7":"category-noticias","8":"entry"},"_links":{"self":[{"href":"https:\/\/elvinodelaspiedras.es\/en\/wp-json\/wp\/v2\/posts\/4166"}],"collection":[{"href":"https:\/\/elvinodelaspiedras.es\/en\/wp-json\/wp\/v2\/posts"}],"about":[{"href":"https:\/\/elvinodelaspiedras.es\/en\/wp-json\/wp\/v2\/types\/post"}],"author":[{"embeddable":true,"href":"https:\/\/elvinodelaspiedras.es\/en\/wp-json\/wp\/v2\/users\/6"}],"replies":[{"embeddable":true,"href":"https:\/\/elvinodelaspiedras.es\/en\/wp-json\/wp\/v2\/comments?post=4166"}],"version-history":[{"count":1,"href":"https:\/\/elvinodelaspiedras.es\/en\/wp-json\/wp\/v2\/posts\/4166\/revisions"}],"predecessor-version":[{"id":5815,"href":"https:\/\/elvinodelaspiedras.es\/en\/wp-json\/wp\/v2\/posts\/4166\/revisions\/5815"}],"wp:featuredmedia":[{"embeddable":true,"href":"https:\/\/elvinodelaspiedras.es\/en\/wp-json\/wp\/v2\/media\/4167"}],"wp:attachment":[{"href":"https:\/\/elvinodelaspiedras.es\/en\/wp-json\/wp\/v2\/media?parent=4166"}],"wp:term":[{"taxonomy":"category","embeddable":true,"href":"https:\/\/elvinodelaspiedras.es\/en\/wp-json\/wp\/v2\/categories?post=4166"},{"taxonomy":"post_tag","embeddable":true,"href":"https:\/\/elvinodelaspiedras.es\/en\/wp-json\/wp\/v2\/tags?post=4166"}],"curies":[{"name":"wp","href":"https:\/\/api.w.org\/{rel}","templated":true}]}}