{"id":4170,"date":"2020-01-28T00:00:00","date_gmt":"2020-01-28T00:00:00","guid":{"rendered":"http:\/\/elvinodelaspiedras.local\/vino-de-las-piedras-para-brindar-por-la-mejor-informacion-en-los-xviii-premios-internacionales-de-periodismo-de-el-mundo\/"},"modified":"2020-11-13T12:37:16","modified_gmt":"2020-11-13T12:37:16","slug":"vino-de-las-piedras-para-brindar-por-la-mejor-informacion-en-los-xviii-premios-internacionales-de-periodismo-de-el-mundo","status":"publish","type":"post","link":"https:\/\/elvinodelaspiedras.es\/en\/comunicacion\/noticias\/vino-de-las-piedras-para-brindar-por-la-mejor-informacion-en-los-xviii-premios-internacionales-de-periodismo-de-el-mundo\/","title":{"rendered":"Vinos de las Piedras para brindar por la mejor informaci\u00f3n en los premios de periodismo del diario el mundo"},"content":{"rendered":"<p>Los <strong>vinos de la Denominaci\u00f3n de Origen Protegida Cari\u00f1ena <\/strong>acompa\u00f1aron a los <strong>nombres m\u00e1s destacados de la pol\u00edtica, el periodismo y la sociedad<\/strong> en&nbsp;la <a href=\"https:\/\/www.elmundo.es\/papel\/firmas\/2020\/01\/28\/5e2f15bc21efa0413a8b45f3.html\"><strong>XVIII edici\u00f3n de los Premios Internacionales de Periodismo del diario El Mundo<\/strong><\/a>, que se celebr\u00f3 el pasado lunes 27 en un marco tambi\u00e9n de excepci\u00f3n: el Museo Nacional del Prado. En un acto para <strong>reivindicar<\/strong><strong> los mejores valores del periodismo<\/strong>, <strong>m\u00e1s de 200 conocidas personalidades<\/strong> <strong>brindaron con la Denominaci\u00f3n<\/strong> para reivindicar la importancia de la profesi\u00f3n para la salvaguarda de la democracia y la libertad.<\/p>\n<p>En el <strong>c\u00f3ctel <\/strong>de entrega de los premios se sirvieron <strong>exclusivamente <\/strong>los <strong>V<\/strong><strong><strong>inos de las Piedras<\/strong>,<\/strong> la marca con la que se conocen los vinos de la D.O.P. Cari\u00f1ena. Adem\u00e1s, todos los invitados recibieron como <strong>obsequio <\/strong>una <strong>botella <\/strong>para seguir degust\u00e1ndolo.En esta edici\u00f3n, los <strong>galardonados <\/strong>han sido los <strong>directores <\/strong>de <strong>dos de los principales diarios<\/strong> de todo el mundo; <strong>Martin Baron<\/strong>,&nbsp;de <strong>The Washington Post<\/strong>, y <strong>Jonh Witherow<\/strong>, de <strong>The Times<\/strong>, por haber conseguido llevar a cabo con \u00e9xito un proceso de transformaci\u00f3n digital de dos cabeceras hist\u00f3ricas y que han servido de modelo para otros prestigiosos diarios internacionales. Los premiados recogieron una escultura, obra de Mart\u00edn Chirinopara lestos premios, que fueron fundados para homenajear a tres periodistas de El Mundo que perdieron la vida en el ejercicio de su profesi\u00f3n.<\/p>\n<p><strong>Entre los asistentes<\/strong> al acto figuraron representantes de altas instituciones del Estado como la ministra de Hacienda y portavoz del Gobierno,&nbsp;<strong>Mar\u00eda Jes\u00fas Montero<\/strong>, las presidentas del Congreso y del Senado,&nbsp;<strong>Meritxell Batet<\/strong> y&nbsp;<strong>Pilar Llop<\/strong>; la presidenta de la Comunidad de Madrid,&nbsp;<strong>Isabel D\u00edaz-Ayuso<\/strong>; el alcalde de Madrid,&nbsp;<strong>Jos\u00e9 Luis Mart\u00ednez-Almeida<\/strong>, y la vicealcaldesa,&nbsp;<strong>Bego\u00f1a Villac\u00eds<\/strong>; o dirigentes pol\u00edticos como el presidente del PP,&nbsp;<strong>Pablo Casado<\/strong>, la l\u00edder de Ciudadanos,&nbsp;<strong>In\u00e9s Arrimadas<\/strong>, o los de Vox,&nbsp;<strong>Iv\u00e1n Espinosa de los Monteros<\/strong> y&nbsp;<strong>Roc\u00edo Monasterio<\/strong>. Personalidades del mundo de la empresa y la cultura asistieron tambi\u00e9n a la ceremonia.<\/p>\n<p>No es la primera vez que la <strong>D.O.P. Cari\u00f1ena<\/strong> est\u00e1 <strong>presente <\/strong>en los m\u00e1s importantes <strong>premios del mundo periodismo<\/strong>; as\u00ed ha sido tambi\u00e9n el vino con los que se ha celebrado en distintas ocasiones la entrega de galardones de la <strong>Asociaci\u00f3n de Periodistas Parlamentarios<\/strong>.<\/p>\n<hr>\n<figure id=\"attachment_518\" aria-describedby=\"caption-attachment-518\" style=\"width: 300px\" class=\"wp-caption alignnone\"><a href=\"\/_archivos\/imagenes\/3748.jpg\" target=\"_blank\" rel=\"noopener noreferrer\"><img decoding=\"async\" class=\"size-medium\" title=\"1\" src=\"\/_archivos\/imagenes\/300\/3748.jpg\" alt=\"1\" width=\"300\" height=\"auto\"><\/a><figcaption id=\"caption-attachment-518\" class=\"wp-caption-text\"><a href=\"\/_archivos\/imagenes\/3748.jpg\" target=\"_blank\" rel=\"noopener noreferrer\">Descargar imagen<\/a><\/figcaption><\/figure>\n<figure id=\"attachment_518\" aria-describedby=\"caption-attachment-518\" style=\"width: 300px\" class=\"wp-caption alignnone\"><a href=\"\/_archivos\/imagenes\/3749.jpg\" target=\"_blank\" rel=\"noopener noreferrer\"><img decoding=\"async\" class=\"size-medium\" title=\"IMG_6489\" src=\"\/_archivos\/imagenes\/300\/3749.jpg\" alt=\"IMG_6489\" width=\"300\" height=\"auto\"><\/a><figcaption id=\"caption-attachment-518\" class=\"wp-caption-text\"><a href=\"\/_archivos\/imagenes\/3749.jpg\" target=\"_blank\" rel=\"noopener noreferrer\">Descargar imagen<\/a><\/figcaption><\/figure>\n<figure id=\"attachment_518\" aria-describedby=\"caption-attachment-518\" style=\"width: 300px\" class=\"wp-caption alignnone\"><a href=\"\/_archivos\/imagenes\/3750.jpg\" target=\"_blank\" rel=\"noopener noreferrer\"><img decoding=\"async\" class=\"size-medium\" title=\"IMG_6493\" src=\"\/_archivos\/imagenes\/300\/3750.jpg\" alt=\"IMG_6493\" width=\"300\" height=\"auto\"><\/a><figcaption id=\"caption-attachment-518\" class=\"wp-caption-text\"><a href=\"\/_archivos\/imagenes\/3750.jpg\" target=\"_blank\" rel=\"noopener noreferrer\">Descargar imagen<\/a><\/figcaption><\/figure>\n<figure id=\"attachment_518\" aria-describedby=\"caption-attachment-518\" style=\"width: 300px\" class=\"wp-caption alignnone\"><a href=\"\/_archivos\/imagenes\/3751.jpg\" target=\"_blank\" rel=\"noopener noreferrer\"><img decoding=\"async\" class=\"size-medium\" title=\"IMG_6494\" src=\"\/_archivos\/imagenes\/300\/3751.jpg\" alt=\"IMG_6494\" width=\"300\" height=\"auto\"><\/a><figcaption id=\"caption-attachment-518\" class=\"wp-caption-text\"><a href=\"\/_archivos\/imagenes\/3751.jpg\" target=\"_blank\" rel=\"noopener noreferrer\">Descargar imagen<\/a><\/figcaption><\/figure>\n<figure id=\"attachment_518\" aria-describedby=\"caption-attachment-518\" style=\"width: 300px\" class=\"wp-caption alignnone\"><a href=\"\/_archivos\/imagenes\/3752.jpg\" target=\"_blank\" rel=\"noopener noreferrer\"><img decoding=\"async\" class=\"size-medium\" title=\"IMG_6502\" src=\"\/_archivos\/imagenes\/300\/3752.jpg\" alt=\"IMG_6502\" width=\"300\" height=\"auto\"><\/a><figcaption id=\"caption-attachment-518\" class=\"wp-caption-text\"><a href=\"\/_archivos\/imagenes\/3752.jpg\" target=\"_blank\" rel=\"noopener noreferrer\">Descargar imagen<\/a><\/figcaption><\/figure>\n<figure id=\"attachment_518\" aria-describedby=\"caption-attachment-518\" style=\"width: 300px\" class=\"wp-caption alignnone\"><a href=\"\/_archivos\/imagenes\/3753.jpg\" target=\"_blank\" rel=\"noopener noreferrer\"><img decoding=\"async\" class=\"size-medium\" title=\"IMG_6491\" src=\"\/_archivos\/imagenes\/300\/3753.jpg\" alt=\"IMG_6491\" width=\"300\" height=\"auto\"><\/a><figcaption id=\"caption-attachment-518\" class=\"wp-caption-text\"><a href=\"\/_archivos\/imagenes\/3753.jpg\" target=\"_blank\" rel=\"noopener noreferrer\">Descargar imagen<\/a><\/figcaption><\/figure>\n<figure id=\"attachment_518\" aria-describedby=\"caption-attachment-518\" style=\"width: 300px\" class=\"wp-caption alignnone\"><a href=\"\/_archivos\/imagenes\/3754.jpg\" target=\"_blank\" rel=\"noopener noreferrer\"><img decoding=\"async\" class=\"size-medium\" title=\"IMG_6497\" src=\"\/_archivos\/imagenes\/300\/3754.jpg\" alt=\"IMG_6497\" width=\"300\" height=\"auto\"><\/a><figcaption id=\"caption-attachment-518\" class=\"wp-caption-text\"><a href=\"\/_archivos\/imagenes\/3754.jpg\" target=\"_blank\" rel=\"noopener noreferrer\">Descargar imagen<\/a><\/figcaption><\/figure>\n","protected":false},"excerpt":{"rendered":"<p>Los vinos de la Denominaci\u00f3n de Origen Protegida Cari\u00f1ena acompa\u00f1aron a los nombres m\u00e1s destacados de la pol\u00edtica, el periodismo y la sociedad en&nbsp;la XVIII edici\u00f3n de los Premios Internacionales de Periodismo del diario El Mundo, que se celebr\u00f3 el pasado lunes 27 en un marco tambi\u00e9n de excepci\u00f3n: el Museo Nacional del Prado. En &hellip;<\/p>\n","protected":false},"author":7,"featured_media":4171,"comment_status":"closed","ping_status":"closed","sticky":false,"template":"","format":"standard","meta":{"_genesis_hide_title":false,"_genesis_hide_breadcrumbs":false,"_genesis_hide_singular_image":false,"_genesis_hide_footer_widgets":false,"_genesis_custom_body_class":"","_genesis_custom_post_class":"","_genesis_layout":"","ngg_post_thumbnail":0,"footnotes":""},"categories":[1],"tags":[],"class_list":{"0":"post-4170","1":"post","2":"type-post","3":"status-publish","4":"format-standard","5":"has-post-thumbnail","7":"category-noticias","8":"entry"},"_links":{"self":[{"href":"https:\/\/elvinodelaspiedras.es\/en\/wp-json\/wp\/v2\/posts\/4170"}],"collection":[{"href":"https:\/\/elvinodelaspiedras.es\/en\/wp-json\/wp\/v2\/posts"}],"about":[{"href":"https:\/\/elvinodelaspiedras.es\/en\/wp-json\/wp\/v2\/types\/post"}],"author":[{"embeddable":true,"href":"https:\/\/elvinodelaspiedras.es\/en\/wp-json\/wp\/v2\/users\/7"}],"replies":[{"embeddable":true,"href":"https:\/\/elvinodelaspiedras.es\/en\/wp-json\/wp\/v2\/comments?post=4170"}],"version-history":[{"count":2,"href":"https:\/\/elvinodelaspiedras.es\/en\/wp-json\/wp\/v2\/posts\/4170\/revisions"}],"predecessor-version":[{"id":6417,"href":"https:\/\/elvinodelaspiedras.es\/en\/wp-json\/wp\/v2\/posts\/4170\/revisions\/6417"}],"wp:featuredmedia":[{"embeddable":true,"href":"https:\/\/elvinodelaspiedras.es\/en\/wp-json\/wp\/v2\/media\/4171"}],"wp:attachment":[{"href":"https:\/\/elvinodelaspiedras.es\/en\/wp-json\/wp\/v2\/media?parent=4170"}],"wp:term":[{"taxonomy":"category","embeddable":true,"href":"https:\/\/elvinodelaspiedras.es\/en\/wp-json\/wp\/v2\/categories?post=4170"},{"taxonomy":"post_tag","embeddable":true,"href":"https:\/\/elvinodelaspiedras.es\/en\/wp-json\/wp\/v2\/tags?post=4170"}],"curies":[{"name":"wp","href":"https:\/\/api.w.org\/{rel}","templated":true}]}}