{"id":4176,"date":"2020-03-09T00:00:00","date_gmt":"2020-03-09T00:00:00","guid":{"rendered":"http:\/\/elvinodelaspiedras.local\/se-presenta-en-carinena-la-primera-maquina-de-prepoda-de-vid-que-recoge-los-restos-para-su-uso-como-biomasa\/"},"modified":"2020-11-13T12:38:34","modified_gmt":"2020-11-13T12:38:34","slug":"se-presenta-en-carinena-la-primera-maquina-de-prepoda-de-vid-que-recoge-los-restos-para-su-uso-como-biomasa","status":"publish","type":"post","link":"https:\/\/elvinodelaspiedras.es\/en\/comunicacion\/noticias\/se-presenta-en-carinena-la-primera-maquina-de-prepoda-de-vid-que-recoge-los-restos-para-su-uso-como-biomasa\/","title":{"rendered":"Presentada en Cari\u00f1ena la primera m\u00e1quina de prepoda de vid que recoge los restos para su uso como biomasa"},"content":{"rendered":"<p>Facilitar el <strong>uso de los restos vegetales de las vides<\/strong> para <strong>producir energ\u00eda<\/strong> limpia es el <strong>objetivo del grupo operativo \u201cInnovaci\u00f3n en prepoda de vid para su uso como biomasa\u201d,<\/strong> un <strong>innovador proyecto de econom\u00eda circular<\/strong> realizado en la <strong>Denominaci\u00f3n<\/strong><strong> de Origen Protegida Cari\u00f1ena<\/strong> entre distintas <strong>entidades y empresas de Arag\u00f3n, con la coordinaci\u00f3n de la Fundaci\u00f3n CIRCE.Para ello, se ha desarrollado <\/strong>la <strong>primera maquinaria <\/strong>que<strong> realiza simult\u00e1neamente los trabajos de prepoda y recogida <\/strong>de los residuos de manera <strong>pr\u00e1ctica y rentable<\/strong> y que se ha <strong>presentado en p\u00fablico<\/strong> esta ma\u00f1ana en un vi\u00f1edo de la D.O.P. Cari\u00f1ena.<\/p>\n<p>Este <strong>proyecto<\/strong> fue uno de los aprobados en 2017 por el <strong>Gobierno de Arag\u00f3n<\/strong> dentro de las ayudas de los <strong>fondos europeos FEADER<\/strong> para la creaci\u00f3n de grupos operativos de la Asociaci\u00f3n Europea para la Innovaci\u00f3n (AEI), dentro del marco del <strong>Programa de Desarrollo Rural para Arag\u00f3n 2014-2020<\/strong>.<\/p>\n<p>En el consorcio participan como <strong>beneficiarios<\/strong> la firma de Castej\u00f3n del Puente, en Huesca, <strong>Construcciones Mec\u00e1nicas Alcay<\/strong> (conocida por su marca <strong>Trituradoras Serrat<\/strong>); <strong>Los Lites<\/strong>, empresa dedicada a los servicios agr\u00f3nomos en la zona de Cari\u00f1ena y <strong>Destiler\u00edas San Valero<\/strong>, alcoholera de Cari\u00f1ena y consumidora de biomasa; <strong>Fundaci\u00f3n CIRCE, <\/strong>como<strong> coordinador<\/strong>, y<strong> CTA Cinco Villas<\/strong>, han aportado su experiencia en la ejecuci\u00f3n de proyectos de innovaci\u00f3n energ\u00e9tica. Adem\u00e1s, para poder analizar todos los aspectos del proceso son <strong>miembros no beneficiarios<\/strong> del proyecto la <strong>D.O<\/strong><strong>.P. Cari\u00f1ena, Bodegas Ayl\u00e9s <\/strong>y <strong>Cooperativas Agroalimentarias de Arag\u00f3n (CAA).<\/strong><\/p>\n<p>La maquinaria desarrollada permite <strong>aprovechar f\u00e1cilmente las ramas <\/strong>que <strong>se cortan <\/strong>en el fundamental trabajo de la <strong>prepoda invernal<\/strong>, cuando se recortan los vi\u00f1edos emparrados quitando la mayor parte de la madera para reducir el n\u00famero de yemas y as\u00ed garantizar la sanidad de la planta y la calidad de la producci\u00f3n.<\/p>\n<p>Las herramientas existentes <strong>actualmente<\/strong> en el mercado dejan los <strong>sarmientos en el mismo campo<\/strong> y obligan a alinearlos, <strong>retirarlos despu\u00e9s con una barredora<\/strong> mec\u00e1nica y triturarlos (suponiendo distintas operaciones) o bien optar por un <strong>picado e incorporaci\u00f3n de los restos de poda al suelo<\/strong>, son su consiguiente riesgo de proliferaci\u00f3n de enfermedades. El <strong>prototipo<\/strong> desarrollado <strong>a\u00fana todas las operaciones necesarias para recoger la poda con fines energ\u00e9ticos<\/strong>, ahorrando <strong>tiempo y costes. <\/strong>Adem\u00e1s, al evitar que la materia vegetal se mezcle con la tierra del suelo, ofrece <strong>m\u00e1s calidad<\/strong> para su uso posterior.<\/p>\n<p><strong>UN HITO PARA EXTENDER<\/strong><\/p>\n<p>Todas estas ventajas son <strong>clave<\/strong> para su <strong>aprovechamiento empresarial<\/strong> por usuarios como Destiler\u00edas San Valero, que ya utiliza la <strong>biomasa como combustible<\/strong> para su caldera y ahora analiza la rentabilidad del material que ofrece esta nueva m\u00e1quina frente a otras fuentes de suministro.<\/p>\n<p>Se abre tambi\u00e9n la puerta a <strong>futuros nuevos consumidores<\/strong> como las <strong>propias bodegas y agricultores<\/strong>, convirtiendo <strong>un residuo en un nuevo recurso econ\u00f3mico<\/strong>, que da m\u00e1s <strong>competitividad<\/strong> al sector agrario y crea <strong>nuevos empleos<\/strong> en el medio rural. Sus <strong>ventajas<\/strong> incluyen tambi\u00e9n <strong>acabar con la quema de residuos <\/strong>y as\u00ed <strong>mejorar la calidad del aire<\/strong>.<\/p>\n<p>Desde el grupo operativo se destaca que esta nueva maquinaria puede marcar un <strong>hito en la gesti\u00f3n de los residuos agr\u00edcolas<\/strong> e impulsar la <strong>econom\u00eda circular<\/strong>, como <strong>sistema de futuro<\/strong> en el sector de la vid y del vino, por lo que, concluida la investigaci\u00f3n, el objetivo es buscar su m\u00e1xima implantaci\u00f3n.<\/p>\n<p>As\u00ed, a la primera <strong>demostraci\u00f3n p\u00fablica<\/strong> han asistido representantes de <strong>ATRIAS<\/strong> (Agrupaciones para Tratamientos Integrados en Agricultura) y <strong>denominaciones de origen vin\u00edcolas<\/strong>. En pr\u00f3ximas fechas, se seguir\u00e1n tambi\u00e9n <strong>realizando demostraciones<\/strong> en otras zonas y este mismo mes se ha programado una en la cooperativa de Fuendejal\u00f3n, en la Denominaci\u00f3n de Origen Campo de Borja.<\/p>\n<p>Esta innovadora maquinaria muestra la <strong>decidida labor<\/strong> que est\u00e1 realizando la <strong>D.O<\/strong><strong>.P. Cari\u00f1ena y sus bodegas y empresas<\/strong> dentro de estos mismos objetivos de <strong>impulsar el desarrollo sostenible<\/strong>.<\/p>\n<p>As\u00ed, la misma Destiler\u00edas San Valero est\u00e1 desarrollando, con la cofinanciaci\u00f3n del programa europeo Life, un proyecto para utilizar los <strong>residuos de la destilaci\u00f3n alcoh\u00f3lica<\/strong> como fuente energ\u00e9tica de una <strong>pila de hidr\u00f3geno<\/strong>, una innovadora tecnolog\u00eda contra el cambio clim\u00e1tico. Otra muestra es la innovadora t\u00e9cnica para <strong>controlar la polilla del racimo<\/strong>, una de las principales plagas de los vi\u00f1edos, con <strong>difusores de feromonas (para producir la confusi\u00f3n sexual en los machos y que no fecunden a las hembras)<\/strong>, evitando as\u00ed el uso de insecticidas.<\/p>\n<hr>\n<figure id=\"attachment_521\" aria-describedby=\"caption-attachment-521\" style=\"width: 300px\" class=\"wp-caption alignnone\"><a href=\"\/_archivos\/imagenes\/3761.jpg\" target=\"_blank\" rel=\"noopener noreferrer\"><img decoding=\"async\" class=\"size-medium\" title=\"FOTOS PRESENTACI\u00d3N MAQUINA DE PREPODA DE VID. CARI\u00d1ENA. 12-03-2020 (1)\" src=\"\/_archivos\/imagenes\/300\/3761.jpg\" alt=\"FOTOS PRESENTACI\u00d3N MAQUINA DE PREPODA DE VID. CARI\u00d1ENA. 12-03-2020 (1)\" width=\"300\" height=\"auto\"><\/a><figcaption id=\"caption-attachment-521\" class=\"wp-caption-text\"><a href=\"\/_archivos\/imagenes\/3761.jpg\" target=\"_blank\" rel=\"noopener noreferrer\">Descargar imagen<\/a><\/figcaption><\/figure>\n<figure id=\"attachment_521\" aria-describedby=\"caption-attachment-521\" style=\"width: 300px\" class=\"wp-caption alignnone\"><a href=\"\/_archivos\/imagenes\/3762.jpg\" target=\"_blank\" rel=\"noopener noreferrer\"><img decoding=\"async\" class=\"size-medium\" title=\"FOTOS PRESENTACI\u00d3N MAQUINA DE PREPODA DE VID. CARI\u00d1ENA. 12-03-2020 (2)\" src=\"\/_archivos\/imagenes\/300\/3762.jpg\" alt=\"FOTOS PRESENTACI\u00d3N MAQUINA DE PREPODA DE VID. CARI\u00d1ENA. 12-03-2020 (2)\" width=\"300\" height=\"auto\"><\/a><figcaption id=\"caption-attachment-521\" class=\"wp-caption-text\"><a href=\"\/_archivos\/imagenes\/3762.jpg\" target=\"_blank\" rel=\"noopener noreferrer\">Descargar imagen<\/a><\/figcaption><\/figure>\n<figure id=\"attachment_521\" aria-describedby=\"caption-attachment-521\" style=\"width: 300px\" class=\"wp-caption alignnone\"><a href=\"\/_archivos\/imagenes\/3763.jpg\" target=\"_blank\" rel=\"noopener noreferrer\"><img decoding=\"async\" class=\"size-medium\" title=\"FOTOS PRESENTACI\u00d3N MAQUINA DE PREPODA DE VID. CARI\u00d1ENA. 12-03-2020 (3)\" src=\"\/_archivos\/imagenes\/300\/3763.jpg\" alt=\"FOTOS PRESENTACI\u00d3N MAQUINA DE PREPODA DE VID. CARI\u00d1ENA. 12-03-2020 (3)\" width=\"300\" height=\"auto\"><\/a><figcaption id=\"caption-attachment-521\" class=\"wp-caption-text\"><a href=\"\/_archivos\/imagenes\/3763.jpg\" target=\"_blank\" rel=\"noopener noreferrer\">Descargar imagen<\/a><\/figcaption><\/figure>\n<figure id=\"attachment_521\" aria-describedby=\"caption-attachment-521\" style=\"width: 300px\" class=\"wp-caption alignnone\"><a href=\"\/_archivos\/imagenes\/3764.jpg\" target=\"_blank\" rel=\"noopener noreferrer\"><img decoding=\"async\" class=\"size-medium\" title=\"FOTOS PRESENTACI\u00d3N MAQUINA DE PREPODA DE VID. CARI\u00d1ENA. 12-03-2020 (4)\" src=\"\/_archivos\/imagenes\/300\/3764.jpg\" alt=\"FOTOS PRESENTACI\u00d3N MAQUINA DE PREPODA DE VID. CARI\u00d1ENA. 12-03-2020 (4)\" width=\"300\" height=\"auto\"><\/a><figcaption id=\"caption-attachment-521\" class=\"wp-caption-text\"><a href=\"\/_archivos\/imagenes\/3764.jpg\" target=\"_blank\" rel=\"noopener noreferrer\">Descargar imagen<\/a><\/figcaption><\/figure>\n","protected":false},"excerpt":{"rendered":"<p>Facilitar el uso de los restos vegetales de las vides para producir energ\u00eda limpia es el objetivo del grupo operativo \u201cInnovaci\u00f3n en prepoda de vid para su uso como biomasa\u201d, un innovador proyecto de econom\u00eda circular realizado en la Denominaci\u00f3n de Origen Protegida Cari\u00f1ena entre distintas entidades y empresas de Arag\u00f3n, con la coordinaci\u00f3n de &hellip;<\/p>\n","protected":false},"author":5,"featured_media":4177,"comment_status":"closed","ping_status":"closed","sticky":false,"template":"","format":"standard","meta":{"_genesis_hide_title":false,"_genesis_hide_breadcrumbs":false,"_genesis_hide_singular_image":false,"_genesis_hide_footer_widgets":false,"_genesis_custom_body_class":"","_genesis_custom_post_class":"","_genesis_layout":"","ngg_post_thumbnail":0,"footnotes":""},"categories":[1],"tags":[],"class_list":{"0":"post-4176","1":"post","2":"type-post","3":"status-publish","4":"format-standard","5":"has-post-thumbnail","7":"category-noticias","8":"entry"},"_links":{"self":[{"href":"https:\/\/elvinodelaspiedras.es\/en\/wp-json\/wp\/v2\/posts\/4176"}],"collection":[{"href":"https:\/\/elvinodelaspiedras.es\/en\/wp-json\/wp\/v2\/posts"}],"about":[{"href":"https:\/\/elvinodelaspiedras.es\/en\/wp-json\/wp\/v2\/types\/post"}],"author":[{"embeddable":true,"href":"https:\/\/elvinodelaspiedras.es\/en\/wp-json\/wp\/v2\/users\/5"}],"replies":[{"embeddable":true,"href":"https:\/\/elvinodelaspiedras.es\/en\/wp-json\/wp\/v2\/comments?post=4176"}],"version-history":[{"count":2,"href":"https:\/\/elvinodelaspiedras.es\/en\/wp-json\/wp\/v2\/posts\/4176\/revisions"}],"predecessor-version":[{"id":5811,"href":"https:\/\/elvinodelaspiedras.es\/en\/wp-json\/wp\/v2\/posts\/4176\/revisions\/5811"}],"wp:featuredmedia":[{"embeddable":true,"href":"https:\/\/elvinodelaspiedras.es\/en\/wp-json\/wp\/v2\/media\/4177"}],"wp:attachment":[{"href":"https:\/\/elvinodelaspiedras.es\/en\/wp-json\/wp\/v2\/media?parent=4176"}],"wp:term":[{"taxonomy":"category","embeddable":true,"href":"https:\/\/elvinodelaspiedras.es\/en\/wp-json\/wp\/v2\/categories?post=4176"},{"taxonomy":"post_tag","embeddable":true,"href":"https:\/\/elvinodelaspiedras.es\/en\/wp-json\/wp\/v2\/tags?post=4176"}],"curies":[{"name":"wp","href":"https:\/\/api.w.org\/{rel}","templated":true}]}}