{"id":4182,"date":"2020-05-27T00:00:00","date_gmt":"2020-05-27T00:00:00","guid":{"rendered":"http:\/\/elvinodelaspiedras.local\/bodegas-y-denominaciones-de-origen-comparten-la-decision-del-parlamento-europeo-de-pedir-mas-apoyo-al-sector-vitivinicola\/"},"modified":"2020-11-13T12:37:53","modified_gmt":"2020-11-13T12:37:53","slug":"bodegas-y-denominaciones-de-origen-comparten-la-decision-del-parlamento-europeo-de-pedir-mas-apoyo-al-sector-vitivinicola","status":"publish","type":"post","link":"https:\/\/elvinodelaspiedras.es\/en\/comunicacion\/noticias\/bodegas-y-denominaciones-de-origen-comparten-la-decision-del-parlamento-europeo-de-pedir-mas-apoyo-al-sector-vitivinicola\/","title":{"rendered":"Bodegas y Denominaciones de Origen comparten la decisi\u00f3n del parlamento europeo de pedir m\u00e1s apoyo al sector vitivin\u00edcola"},"content":{"rendered":"<p>La <strong>Comisi\u00f3n de Agricultura<\/strong> del <strong>Parlamento Europeo <\/strong>inici\u00f3 ayer un <strong>procedimiento de objeci\u00f3n<\/strong> sobre el <strong>Reglamento <\/strong>1308\/2013 de la Comisi\u00f3n Europea que plantea un paquete de <strong>medidas extraordinarias para apoyar al sector vitivin\u00edcola<\/strong> por los efectos y <strong>p\u00e9rdidas derivados de la crisis sanitaria del Covid-19<\/strong>. En la pr\u00e1ctica, esta decisi\u00f3n supone que el Parlamento mantiene la presi\u00f3n sobre la Comisi\u00f3n <strong>para que mejore las condiciones de implementaci\u00f3n<\/strong> de las medidas en <strong>tres \u00e1mbitos<\/strong> fundamentalmente, que desde el sector compartimos: dotaci\u00f3n de <strong>fondos extraordinarios<\/strong>, flexibilizaci\u00f3n de la medida de <strong>cosecha en verde<\/strong> y activar una medida de <strong>promoci\u00f3n del mercado interior<\/strong>, que se ha visto especialmente da\u00f1ado.<\/p>\n<p>Desde la <strong>Federaci\u00f3n Espa\u00f1ola del Vino<\/strong> (FEV) y la <strong>Conferencia Espa\u00f1ola de Consejos Reguladores Vitivin\u00edcolas<\/strong> (CECRV) <strong>apoyamos la decisi\u00f3n<\/strong> de nuestros eurodiputados en la Comisi\u00f3n de Agricultura, con los que hemos mantenido una estrecha comunicaci\u00f3n en las \u00faltimas semanas para trasladarles la grave situaci\u00f3n del sector vitivin\u00edcola espa\u00f1ol a ra\u00edz de la crisis sanitaria ocasionada por el Covid-19. En este sentido, compartimos plenamente las peticiones planteadas por los europarlamentarios, al entender que su aplicaci\u00f3n contribuir\u00eda de manera notable a que las medidas extraordinarias anunciadas fuesen realmente efectivas para paliar los efectos negativos que esta crisis est\u00e1 produciendo en nuestro sector.<\/p>\n<p>En este sentido, <strong>esperamos que la Comisi\u00f3n muestre voluntad de mejorar<\/strong> el acto delegado del Reglamento, incluidas las medidas extraordinarias de crisis, <strong>antes de la pr\u00f3xima reuni\u00f3n <\/strong>de la Comisi\u00f3n de Agricultura, prevista para la primera semana de junio.<\/p>\n<p>Con todo, insistimos en la importanciapara el sector de que estas medidas se activen lo antes posible y <strong>confiamos <\/strong>en que pronto pueda estar <strong>aprobado a nivel nacional del Real Decreto<\/strong> <strong>anunciado <\/strong>por el Gobierno espa\u00f1ol y al que desde las distintas organizaciones tambi\u00e9n hemos presentado alegaciones para su mejora, solicitando entre otras un complemento extraordinario de los fondos por parte de nuestro pa\u00eds.<\/p>\n<hr>\n<figure id=\"attachment_524\" aria-describedby=\"caption-attachment-524\" style=\"width: 300px\" class=\"wp-caption alignnone\"><a href=\"\/_archivos\/imagenes\/3797.jpg\" target=\"_blank\" rel=\"noopener noreferrer\"><img decoding=\"async\" class=\"size-medium\" title=\"01-vendimia-de-2015-dop-carinena_2858\" src=\"\/_archivos\/imagenes\/300\/3797.jpg\" alt=\"01-vendimia-de-2015-dop-carinena_2858\" width=\"300\" height=\"auto\"><\/a><figcaption id=\"caption-attachment-524\" class=\"wp-caption-text\"><a href=\"\/_archivos\/imagenes\/3797.jpg\" target=\"_blank\" rel=\"noopener noreferrer\">Descargar imagen<\/a><\/figcaption><\/figure>\n","protected":false},"excerpt":{"rendered":"<p>La Comisi\u00f3n de Agricultura del Parlamento Europeo inici\u00f3 ayer un procedimiento de objeci\u00f3n sobre el Reglamento 1308\/2013 de la Comisi\u00f3n Europea que plantea un paquete de medidas extraordinarias para apoyar al sector vitivin\u00edcola por los efectos y p\u00e9rdidas derivados de la crisis sanitaria del Covid-19. En la pr\u00e1ctica, esta decisi\u00f3n supone que el Parlamento mantiene &hellip;<\/p>\n","protected":false},"author":5,"featured_media":4183,"comment_status":"closed","ping_status":"closed","sticky":false,"template":"","format":"standard","meta":{"_genesis_hide_title":false,"_genesis_hide_breadcrumbs":false,"_genesis_hide_singular_image":false,"_genesis_hide_footer_widgets":false,"_genesis_custom_body_class":"","_genesis_custom_post_class":"","_genesis_layout":"","ngg_post_thumbnail":0,"footnotes":""},"categories":[1],"tags":[],"class_list":{"0":"post-4182","1":"post","2":"type-post","3":"status-publish","4":"format-standard","5":"has-post-thumbnail","7":"category-noticias","8":"entry"},"_links":{"self":[{"href":"https:\/\/elvinodelaspiedras.es\/en\/wp-json\/wp\/v2\/posts\/4182"}],"collection":[{"href":"https:\/\/elvinodelaspiedras.es\/en\/wp-json\/wp\/v2\/posts"}],"about":[{"href":"https:\/\/elvinodelaspiedras.es\/en\/wp-json\/wp\/v2\/types\/post"}],"author":[{"embeddable":true,"href":"https:\/\/elvinodelaspiedras.es\/en\/wp-json\/wp\/v2\/users\/5"}],"replies":[{"embeddable":true,"href":"https:\/\/elvinodelaspiedras.es\/en\/wp-json\/wp\/v2\/comments?post=4182"}],"version-history":[{"count":2,"href":"https:\/\/elvinodelaspiedras.es\/en\/wp-json\/wp\/v2\/posts\/4182\/revisions"}],"predecessor-version":[{"id":5808,"href":"https:\/\/elvinodelaspiedras.es\/en\/wp-json\/wp\/v2\/posts\/4182\/revisions\/5808"}],"wp:featuredmedia":[{"embeddable":true,"href":"https:\/\/elvinodelaspiedras.es\/en\/wp-json\/wp\/v2\/media\/4183"}],"wp:attachment":[{"href":"https:\/\/elvinodelaspiedras.es\/en\/wp-json\/wp\/v2\/media?parent=4182"}],"wp:term":[{"taxonomy":"category","embeddable":true,"href":"https:\/\/elvinodelaspiedras.es\/en\/wp-json\/wp\/v2\/categories?post=4182"},{"taxonomy":"post_tag","embeddable":true,"href":"https:\/\/elvinodelaspiedras.es\/en\/wp-json\/wp\/v2\/tags?post=4182"}],"curies":[{"name":"wp","href":"https:\/\/api.w.org\/{rel}","templated":true}]}}