{"id":4190,"date":"2016-07-26T00:00:00","date_gmt":"2016-07-26T00:00:00","guid":{"rendered":"http:\/\/elvinodelaspiedras.local\/los-jovenes-tienen-mas-en-cuenta-la-calidad-que-el-precio-a-la-hora-de-comprar-un-vino\/"},"modified":"2020-11-13T12:29:32","modified_gmt":"2020-11-13T12:29:32","slug":"los-jovenes-tienen-mas-en-cuenta-la-calidad-que-el-precio-a-la-hora-de-comprar-un-vino","status":"publish","type":"post","link":"https:\/\/elvinodelaspiedras.es\/en\/comunicacion\/noticias\/los-jovenes-tienen-mas-en-cuenta-la-calidad-que-el-precio-a-la-hora-de-comprar-un-vino\/","title":{"rendered":"Los j\u00f3venes tienen m\u00e1s en cuenta la calidad que el precio a la hora de comprar un vino"},"content":{"rendered":"<p>Los j\u00f3venes est\u00e1n cada vez m\u00e1s interesados en comprar productos de calidad y a la hora de elegir un vino <strong>consideran que la calidad est\u00e1 por encima del precio<\/strong>. As\u00ed se recoge en los datos de una <strong>consulta realizada a trav\u00e9s de redes sociales de Movimiento Vino D.O.<\/strong> en la que han participado cerca de 1.000 personas. <a href=\"http:\/\/movimientovinodo.es\/\/\/\/\/\/\/\"><strong>Movimiento Vino D.O.<\/strong><\/a>es una iniciativa promovida por <a href=\"http:\/\/www.cecrv.eu\/\/\/\/\/\/\/\"><strong>CECRV<\/strong><\/a>(Conferencia Espa\u00f1ola de Consejos Reguladores Vitivin\u00edcolas) que tiene como objetivo acercar los valores del vino con Denominaci\u00f3n de Origen al p\u00fablico joven.<\/p>\n<p>Los resultados de la consulta, realizada en el mes de junio, reflejan que los <strong>factores a los que m\u00e1s atenci\u00f3n se presta a la hora de adquirir un vino<\/strong> son la calidad (un 93%) y que el vino tenga Denominaci\u00f3n de Origen (un 74%). Los participantes aseguran fijarse m\u00e1s en estos dos factores antes que en el <strong>precio<\/strong>, algo que reconoce importante el 61% de los consultados, aunque ya en un tercer puesto. La marca s\u00f3lo es un factor determinante para el 16%.<\/p>\n<p><strong>Denominaci\u00f3n de Origen es sin\u00f3nimo de calidad y preguntados por la<\/strong><strong>importancia de que un<\/strong> <strong>vino la tenga<\/strong>, un ampl\u00edsimo 96% lo considera como \u201cfundamental\u201d (47%) o \u201calgo a tener en cuenta\u201d (49%). Solamente un 4% asegura no darle importancia a consumir vino sin caracter\u00edsticas propias y diferenciales del medio geogr\u00e1fico del que proceden y en el que se producen. <\/p>\n<p>El <strong>vino tinto<\/strong> reina entre las preferencias de los usuarios y <strong>casi el 80% se decanta por \u00e9l,<\/strong> aunque <strong>el vino blanco<\/strong> tambi\u00e9n es muy mayoritario y es elegido por un 44%. Los espumosos (16%) los rosados (15%) y otros, como los finos, de licor o dulces (12%), tambi\u00e9n aparecen entre las preferencias de los consultados, aunque en menor medida. Para la gran mayor\u00eda <strong>el momento de compartir un vino D.O. es en un acto social y de disfrute y un 76% asegura que le gusta compartirlo con amigos y tambi\u00e9n con la pareja (71%).<\/strong><\/p>\n<p>Ante la pregunta <strong>\u201c\u00bfCon qu\u00e9 pol\u00edtico ir\u00edas de vinos?\u201d<\/strong> El resultado ha sido muy diverso ya que la respuesta estaba completamente abierta y los usuarios han mencionado pol\u00edticos del panorama nacional, local e incluso internacional. Sin embargo <strong>finalmente el preferido ha sido Albert Rivera con un 16% de los votos totales<\/strong>. Cabe destacar que en esta clasificaci\u00f3n la respuesta m\u00e1s repetida en segundo lugar ha sido que con \u201cninguno\u201d, contestado por el 11%. Pablo Iglesias, con un 9%, es el tercer clasificado entre los m\u00e1s votados.<\/p>\n<p>Entre los <strong>personajes populares favoritos para ir de vinos<\/strong> las respuestas se reparten entre multitud de figuras del deporte, de los medios de comunicaci\u00f3n o de la m\u00fasica. En este caso <strong>el preferido ha sido el cantante y presentador Bert\u00edn Osborne (6%),<\/strong> seguido en menor medida por Dani Rovira, Joaqu\u00edn Sabina o Paco Le\u00f3n.<\/p>\n<p>El final de la crisis, que no haya paro, el descubrimiento de una cura contra el c\u00e1ncer, la igualdad efectiva entre el hombre y la mujer o un mundo en paz y sin guerras, fueron algunas de las <strong>noticias por las que la gente brindar\u00eda con vino D.O.<\/strong><\/p>\n<p>En la encuesta lanzada por Movimiento Vino D.O. a trav\u00e9s de las redes sociales han participado 956 personas, de las que 544 son mujeres y 412 hombres. En cuanto a la edad, <strong>el 70% tiene entre 18 y 40 a\u00f1os<\/strong>; de ellos, el 49% est\u00e1 entre los 31 a 40 a\u00f1os y el 21%, de 18 a 30 a\u00f1os.\u00a0 El 30% restante son mayores de 40.<\/p>\n<p><strong>Sobre Movimiento Vino D.O.<a name=\"_GoBack\"><\/a><\/strong><\/p>\n<p><strong>Movimiento Vino D.O.<\/strong>es la primera campa\u00f1a de comunicaci\u00f3n que ponen en marcha las Denominaciones de Origen de vino. Se trata de una iniciativa promovida por la Conferencia Espa\u00f1ola de Consejos Reguladores Vitivin\u00edcolas (CECRV), la organizaci\u00f3n que representa a las D.O. y representa el compromiso conjunto de las Denominaciones de Origen para situar el vino con D.O. m\u00e1s cerca del p\u00fablico en general y de los j\u00f3venes en particular.<\/p>\n<p><strong>Sobre CECRV<\/strong>: La Conferencia Espa\u00f1ola de Consejos Reguladores Vitivin\u00edcolas (CECRV), es una asociaci\u00f3n sin \u00e1nimo de lucro que protege y promueve la riqueza, calidad y diversidad de los vinos con Denominaci\u00f3n de Origen y defiende los intereses comunes y generales de las D.O. Constituye un foro permanente de encuentro y di\u00e1logo entre sus miembros para identificar y abordar retos comunes y fijar compromisos conjuntos relacionados con la protecci\u00f3n y mejora del vino de calidad, su promoci\u00f3n y protecci\u00f3n normativa.<\/p>\n<p>Las 52 D.O. que forman parte de CECRV, m\u00e1s del 80% de las Denominaciones de Origen de vino de nuestro pa\u00eds y m\u00e1s del 98% del volumen de vino calificado con D.O. en Espa\u00f1a, agrupan a 3.740 bodegas de todo el pa\u00eds(el 88,4 % del total de bodegas adscritas a las 69 D.O. del vino que existen en nuestro territorio), que comercializan 9.729.430hl. de vino con D.O.,la inmensa mayor\u00eda envasado con D.O. que se comercializa (83,1 %), seg\u00fan datos del Ministerio de Agricultura, Alimentaci\u00f3n y Medio Ambiente (campa\u00f1a 2013-2014). Estas D.O. integran a 113.763 viticultores (el 90,61% del total de viticultores adscritos a las 69 D.O.) y son titulares de 547.479 hect\u00e1reas de vi\u00f1edo (el 95,35 % del total de superficie adscrita a las D.O. y el 57,1% de las 958.777 has. de vi\u00f1edo en Espa\u00f1a).<\/p>\n<hr>\n<figure id=\"attachment_381\" aria-describedby=\"caption-attachment-381\" style=\"width: 300px\" class=\"wp-caption alignnone\"><a href=\"\/_archivos\/imagenes\/2924.jpg\" target=\"_blank\" rel=\"noopener noreferrer\"><img decoding=\"async\" class=\"size-medium\" src=\"\/_archivos\/imagenes\/300\/2924.jpg\" alt=\"gente joven\" title=\"gente joven\" width=\"300\" height=\"auto\" \/><\/a><figcaption id=\"caption-attachment-381\" class=\"wp-caption-text\"><a href=\"\/_archivos\/imagenes\/2924.jpg\" target=\"_blank\" rel=\"noopener noreferrer\">Descargar imagen<\/a><\/figcaption><\/figure>\n","protected":false},"excerpt":{"rendered":"<p>Los j\u00f3venes est\u00e1n cada vez m\u00e1s interesados en comprar productos de calidad y a la hora de elegir un vino consideran que la calidad est\u00e1 por encima del precio. As\u00ed se recoge en los datos de una consulta realizada a trav\u00e9s de redes sociales de Movimiento Vino D.O. en la que han participado cerca de &hellip;<\/p>\n","protected":false},"author":6,"featured_media":3912,"comment_status":"closed","ping_status":"closed","sticky":false,"template":"","format":"standard","meta":{"_genesis_hide_title":false,"_genesis_hide_breadcrumbs":false,"_genesis_hide_singular_image":false,"_genesis_hide_footer_widgets":false,"_genesis_custom_body_class":"","_genesis_custom_post_class":"","_genesis_layout":"","ngg_post_thumbnail":0,"footnotes":""},"categories":[1],"tags":[],"class_list":{"0":"post-4190","1":"post","2":"type-post","3":"status-publish","4":"format-standard","5":"has-post-thumbnail","7":"category-noticias","8":"entry"},"_links":{"self":[{"href":"https:\/\/elvinodelaspiedras.es\/en\/wp-json\/wp\/v2\/posts\/4190"}],"collection":[{"href":"https:\/\/elvinodelaspiedras.es\/en\/wp-json\/wp\/v2\/posts"}],"about":[{"href":"https:\/\/elvinodelaspiedras.es\/en\/wp-json\/wp\/v2\/types\/post"}],"author":[{"embeddable":true,"href":"https:\/\/elvinodelaspiedras.es\/en\/wp-json\/wp\/v2\/users\/6"}],"replies":[{"embeddable":true,"href":"https:\/\/elvinodelaspiedras.es\/en\/wp-json\/wp\/v2\/comments?post=4190"}],"version-history":[{"count":1,"href":"https:\/\/elvinodelaspiedras.es\/en\/wp-json\/wp\/v2\/posts\/4190\/revisions"}],"predecessor-version":[{"id":5944,"href":"https:\/\/elvinodelaspiedras.es\/en\/wp-json\/wp\/v2\/posts\/4190\/revisions\/5944"}],"wp:featuredmedia":[{"embeddable":true,"href":"https:\/\/elvinodelaspiedras.es\/en\/wp-json\/wp\/v2\/media\/3912"}],"wp:attachment":[{"href":"https:\/\/elvinodelaspiedras.es\/en\/wp-json\/wp\/v2\/media?parent=4190"}],"wp:term":[{"taxonomy":"category","embeddable":true,"href":"https:\/\/elvinodelaspiedras.es\/en\/wp-json\/wp\/v2\/categories?post=4190"},{"taxonomy":"post_tag","embeddable":true,"href":"https:\/\/elvinodelaspiedras.es\/en\/wp-json\/wp\/v2\/tags?post=4190"}],"curies":[{"name":"wp","href":"https:\/\/api.w.org\/{rel}","templated":true}]}}