{"id":4191,"date":"2016-08-18T00:00:00","date_gmt":"2016-08-18T00:00:00","guid":{"rendered":"http:\/\/elvinodelaspiedras.local\/la-dop-carinena-celebrara-su-50-fiesta-de-la-vendimia-con-un-fin-de-semana-repleto-de-actividades-y-la-presencia-como-invitada-de-honor-de-la-escritora-elvira-lindo\/"},"modified":"2020-11-13T12:29:32","modified_gmt":"2020-11-13T12:29:32","slug":"la-dop-carinena-celebrara-su-50-fiesta-de-la-vendimia-con-un-fin-de-semana-repleto-de-actividades-y-la-presencia-como-invitada-de-honor-de-la-escritora-elvira-lindo","status":"publish","type":"post","link":"https:\/\/elvinodelaspiedras.es\/en\/comunicacion\/noticias\/la-dop-carinena-celebrara-su-50-fiesta-de-la-vendimia-con-un-fin-de-semana-repleto-de-actividades-y-la-presencia-como-invitada-de-honor-de-la-escritora-elvira-lindo\/","title":{"rendered":"La D.O.P. Cari\u00f1ena celebrar\u00e1 su 50\u00aa fiesta de la vendimia con un fin de semana repleto de actividades y la presencia como invitada de honor de la escritora elvira lindo"},"content":{"rendered":"<p><a href=\"https:\/\/elvinodelaspiedras.es\/en\/_archivos\/ficheros\/contenidos_167.pdf\" target=\"_blank\" rel=\"noopener noreferrer\"><\/a><a href=\"https:\/\/elvinodelaspiedras.es\/en\/_archivos\/ficheros\/contenidos_169.pdf\" target=\"_blank\" rel=\"noopener noreferrer\">PROGRAMA<\/a><\/p>\n<p><a href=\"https:\/\/elvinodelaspiedras.es\/en\/fiesta-de-la-vendimia\/\/\/\/\/\/\/\/\/\/\/\/\">DESTACADOS INVITADOS DE HONOR<\/a><\/p>\n<p>La 50\u00aa edici\u00f3n de la Fiesta de la Vendimia de la Denominaci\u00f3n de Origen Protegida Cari\u00f1ena, que tendr\u00e1 lugar los d\u00edas 24 y 25 de este mes de septiembre,\u00a0 contar\u00e1 con la escritora y periodista <strong>Elvira Lindo <\/strong>como invitada de honor. En esta edici\u00f3n especial se ampl\u00eda la celebraci\u00f3n a todo el fin de semana, con numerosas actividades dirigidas a todo tipo de p\u00fablico. En la <strong>Plaza del Vino<\/strong>, centro neur\u00e1lgico de la fiesta, y en el Museo del Vino habr\u00e1 <strong>actuaciones musicales<\/strong> de grupos aragoneses como la Big Band de Muel, Bufacalibos de Biella Nuei, el grupo de jotas &#8220;Carallana&#8221;, el cantautor Celino Gracia o Los Tres Norteamericanos. Adem\u00e1s, se recupera la tradici\u00f3n del <strong>Tren del Vino<\/strong> desde Zaragoza a Cari\u00f1ena y se contin\u00faa otra de m\u00e1s reciente creaci\u00f3n, la del Paseo de las Estrellas de Cari\u00f1ena. La Denominaci\u00f3n ha creado una <strong>imagen especial<\/strong> para conmemorar el medio centenar de ediciones de la Fiesta.<\/p>\n<p>Los actos se concentrar\u00e1n en la <strong>jornada del domingo 25<\/strong>, pero comenzar\u00e1n ya s\u00e1bado por la ma\u00f1ana (de 12 a 14 h), con la emisi\u00f3n en directo del programa dirigido por Miguel Mena <strong>&#8220;A vivir Arag\u00f3n&#8221;, de la Cadena SER<\/strong>. La fiesta tendr\u00e1 a las 19,00 horas del s\u00e1bado otro momento destacado con la apertura de la Plaza del Vino -donde se pueden degustar los Vinos de las Piedras y tapas y raciones- y la actuaci\u00f3n del cantante To\u00f1o Julve y su grupo &#8220;Emociones a la Carta&#8221;, adem\u00e1s del espect\u00e1culo de animaci\u00f3n infantil a cargo de la compa\u00f1\u00eda &#8220;La Percuta&#8221; que recorrer\u00e1 tambi\u00e9n otros puntos de la ciudad desde las 20 horas.<\/p>\n<p>El domingo llegar\u00e1 a las 10,45 horas de la ma\u00f1ana el <strong>Tren Azul del Vino<\/strong>, que habr\u00e1 partido de Zaragoza a las 9,30 h, llegar\u00e1 a la estaci\u00f3n de Cari\u00f1ena, donde ser\u00e1 recibido por la Banda de M\u00fasica de Muel. La Denominaci\u00f3n recupera as\u00ed esta tradici\u00f3n, que se realizar\u00e1 adem\u00e1s con material hist\u00f3rico, de la Asociaci\u00f3n Zaragozana de Amigos del Ferrocarril y Tranv\u00edas (AZAFT). La restaurada composici\u00f3n podr\u00e1 ser visitada durante la jornada del domingo en la estaci\u00f3n de Renfe.<\/p>\n<p>A las 11,30 horas tendr\u00e1 lugar el <strong>Acto de Exaltaci\u00f3n del Vino<\/strong> y la ofrenda del primer mosto del a\u00f1o al Santo Cristo de Santiago. El momento culminante se producir\u00e1 cuando la invitada de honor active el interruptor que <strong>enciende la Fuente de la Mora<\/strong> y de sus ca\u00f1os comiencen a manar miles de litros de vino. La escritora y periodista Elvira Lindo, conocida por su serie juvenil &#8220;Manolito Gafotas&#8221; o novelas como &#8220;Lugares que no quiero compartir con nadie&#8221; o la m\u00e1s reciente &#8220;Noches sin dormir&#8221;, ser\u00e1\u00a0 la encargada de hacerlo este a\u00f1o. Una funci\u00f3n que en ediciones anteriores han protagonizado otros destacados personajes de diferentes \u00e1mbitos como los entonces Reyes de Espa\u00f1a, Don Juan Carlos y Do\u00f1a Sof\u00eda -coincidiendo con el 75 aniversario de la Denominaci\u00f3n-; el entrenador de la selecci\u00f3n espa\u00f1ola de f\u00fatbol, Vicente del Bosque; el cocinero Juan Manuel S\u00e1nchez, primer ganador de MasterChef; el actor y gastr\u00f3nomo Juan Echanove; la exministra Carmen Chac\u00f3n, el cineasta David Trueba o el actor Gabino Diego, invitado de honor de la pasada edici\u00f3n.<\/p>\n<p>Una vez terminado el acto central de la Fiesta de la Vendimia, a las 12,15 horas est\u00e1 previsto que la escritora y periodista <strong>Elvira Lindo plasme sus manos <\/strong>en una placa de granito natural con\u00a0 una silueta de hoja de vid de cemento, en el <strong>Paseo de las Estrellas de Cari\u00f1ena<\/strong>. Este paseo, a modo del famoso bulevar hollywoodiense, alberga desde hace dos a\u00f1os las manos de las personalidades que visitan la Denominaci\u00f3n de Origen Protegida. Sus huellas se sumar\u00e1n as\u00ed a las de David Trueba, que inaugur\u00f3 la iniciativa, a las de los directores de cine aragoneses Miguel \u00c1ngel Lamata y Paula Ortiz y a la del actor Gabino Diego.<\/p>\n<p>La Fiesta de la Vendimia continuar\u00e1 tambi\u00e9n como ya es tradicional en la <strong>Plaza del Vino<\/strong>. Desde las doce del mediod\u00eda, los visitantes podr\u00e1n degustar los mejores caldos de las bodegas que componen la Denominaci\u00f3n de Origen Protegida y exquisitas tapas elaboradas con productos aragoneses. Tambi\u00e9n a partir de las 12 y hasta las 13 h se desarrollar\u00e1 la ronda callejera de San Mart\u00edn.<\/p>\n<p>A las 12,30 horas en el <strong>Quiosco de la M\u00fasica<\/strong> de la Plaza, la Banda de Muel pondr\u00e1 otra nota musical y a las 13 horas la comparsa de Gigantes y Cabezudos iniciar\u00e1 su recorrido por las calles de la ciudad. Por la tarde, de 17,30 a 19,00 horas la animaci\u00f3n infantil estar\u00e1 presente en varias calles de la ciudad, a las 19,25 h el Tren Azul del Vino efectuar\u00e1 su salida de vuelta a Zaragoza. El domingo por la tarde se concentran la mayor\u00eda de actuaciones musicales. A las 18,30 h, en el Quiosco de la M\u00fasica el cuarteto Bufacalibos de Biella Nuei interpretar\u00e1 algunos de sus temas. Tambi\u00e9n el Grupo de Jotas Carallana a las 20 horas en la Plaza de Espa\u00f1a, el cantautor Celino Gracia en el Museo del Vino a esa misma hora y &#8220;Los tres Norteamericanos&#8221; a las 20,30 horas en el Quiosco de la M\u00fasica.<\/p>\n<p>El colof\u00f3n de esta 50\u00ba edici\u00f3n de la Fiesta de la Vendimia llegar\u00e1 a las 22 horas en las inmediaciones del campo de f\u00fatbol donde tendr\u00e1 lugar un espect\u00e1culo de <strong>Fuegos Artificiales<\/strong>.<\/p>\n<p>Coincidiendo con el a\u00f1o de celebraci\u00f3n de su medio centenar de ediciones, la Comarca Campo de Cari\u00f1ena ha solicitado al Gobierno de Arag\u00f3n la declaraci\u00f3n de este tradicional acto como <strong>fiesta de inter\u00e9s tur\u00edstico regional<\/strong>.<\/p>\n<p>LA VENDIMIA DISMINUYE UN 25% DEBIDO A LA CLIMATOLOG\u00cdA, PERO SE MANTIENE EN LA MEDIA DE LOS \u00daLTIMOS A\u00d1OS<\/p>\n<p>Un a\u00f1o m\u00e1s, las vi\u00f1as cargadas de uvas esperan a ser recogidas en las m\u00e1s de 14.459 hect\u00e1reas que componen la Denominaci\u00f3n de Origen Cari\u00f1ena. El Consejo Regulador prev\u00e9 este a\u00f1o una cifra de cosecha en torno a un 25% menos que en 2015 -excepcional por las condiciones especiales que reuni\u00f3-, pero dentro de la media de los \u00faltimos diez a\u00f1os. &#8220;La climatolog\u00eda desde hace tres meses ha sido muy seca, con un calor bastante agobiante, pero pese a ello estaremos en torno a los <strong>83 millones de kilos<\/strong>&#8220;, explica el presidente de la Denominaci\u00f3n, Antonio Ubide. No obstante, la cifra final depender\u00e1 de c\u00f3mo evolucione el tiempo en las pr\u00f3ximas semanas.<\/p>\n<p>En cualquier caso, las previsiones para esta cosecha contin\u00faan as\u00ed el <strong>buen balance de los ejercicios anteriores<\/strong>. La calidad de la uva ha sido en este tiempo muy buena o excelente, como pone de manifiesto la calificaci\u00f3n oficial de las a\u00f1adas:<\/p>\n<table style=\"width: 569px\" border=\"0\" cellpadding=\"0\">\n<tbody>\n<tr>\n<td>\n<p><strong>2010<\/strong><\/p>\n<\/td>\n<td>\n<p>Excelente<\/p>\n<\/td>\n<\/tr>\n<tr>\n<td>\n<p><strong>2011<\/strong><\/p>\n<\/td>\n<td>\n<p>Excelente<\/p>\n<\/td>\n<\/tr>\n<tr>\n<td>\n<p><strong>2012<\/strong><\/p>\n<\/td>\n<td>\n<p>Muy Buena<\/p>\n<\/td>\n<\/tr>\n<tr>\n<td>\n<p><strong>2013<\/strong><\/p>\n<\/td>\n<td>\n<p>Muy Buena<\/p>\n<\/td>\n<\/tr>\n<tr>\n<td>\n<p><strong>2014<\/strong><\/p>\n<\/td>\n<td>\n<p>Muy Buena<\/p>\n<\/td>\n<\/tr>\n<tr>\n<td>\n<p><strong>2015<\/strong><\/p>\n<\/td>\n<td>\n<p>Muy   Buena<\/p>\n<\/td>\n<\/tr>\n<\/tbody>\n<\/table>\n<p>La uva tambi\u00e9n presenta este a\u00f1o unas caracter\u00edsticas muy buenas. Las <strong>primeras variedades<\/strong> (Chardonnay o Merlot) han empezado a recogerse a <strong>comienzos de septiembre<\/strong> aunque el grueso de la vendimia arrancar\u00e1 en la segunda quincena de ese mes. En un 80 % de la superficie de la Denominaci\u00f3n se hace ya con m\u00e1quinas vendimiadoras.<\/p>\n<p>ELVIRA LINDO, UNA POLIFAC\u00c9TICA AUTORA EN CINE, TEATRO Y LITERATURA ESPA\u00d1OLA<\/p>\n<p>La gaditana <strong>Elvira Lindo<\/strong>, cosecha de 1962, es una de las escritoras m\u00e1s <strong>consagradas de la literatura<\/strong> espa\u00f1ola. Comenz\u00f3 la carrera de Periodismo en la Universidad Complutense de Madrid alternando su trabajo como locutora para Radio Nacional de Espa\u00f1a, donde interpretaba al ni\u00f1o madrile\u00f1o <strong>Manolito Gafotas<\/strong>, que m\u00e1s tarde se convertir\u00eda en protagonista de su primera novela y en un cl\u00e1sico de la literatura infantil en Espa\u00f1a. Las aventuras de Manolito han sido traducidas a m\u00e1s de 20 idiomas, entre ellos, el chino, el japon\u00e9s, el turco y, actualmente, su versi\u00f3n inglesa. Merecedora del Premio Nacional de literatura Infantil y Juvenil en 1996, a lo largo de los a\u00f1os su actividad ha abordado el periodismo, la novela y el gui\u00f3n televisivo y cinematogr\u00e1fico.<\/p>\n<p>Ha escrito <strong>novelas para adultos<\/strong> como &#8220;Algo m\u00e1s inesperado que la muerte&#8221;, &#8220;Una palabra tuya&#8221;-XIX Premio Biblioteca Breve-, &#8220;Lo que me queda por vivir&#8221; y &#8220;Lugares que no quiero compartir con nadie&#8221; y &#8220;Noches sin dormir&#8221;, un diario muy personal de su \u00faltimo invierno en Nueva York. Tambi\u00e9n es autora de teatro y de los guiones para las pel\u00edculas &#8220;La primera noche de mi vida&#8221; junto al director Miguel Albaladejo, &#8220;Manolito Gafotas&#8221;, su popular personaje llevado a la gran pantalla, &#8220;Plenilunio&#8221;, adaptaci\u00f3n de la novela de su marido, el escritor y acad\u00e9mico Antonio Mu\u00f1oz Molina, y &#8220;La vida inesperada&#8221; dirigida por Jorge Torregrosa y protagonizada por Javier C\u00e1mara y Ra\u00fal Ar\u00e9valo.<\/p>\n<p>Su prol\u00edfera carrera como escritora le sirve para <strong>colaborar asiduamente en medios <\/strong>como El Pa\u00eds con la columna veraniega &#8220;Tintos de verano&#8221;, en la que caracteriz\u00f3 su vida de &#8220;intelectual progre&#8221; y que m\u00e1s tarde ha sido publicada en forma de libros. Actualmente publica dos columnas a la semana, en El Pa\u00eds, &#8220;Don de gentes&#8221; los domingos y la de la \u00faltima p\u00e1gina los mi\u00e9rcoles. Tambi\u00e9n escribe un art\u00edculo semanal en la revista Elle y colabora en la Cadena SER en el programa &#8220;La Ventana&#8221; dirigido por Carles Francino.<\/p>\n<hr>\n<figure id=\"attachment_382\" aria-describedby=\"caption-attachment-382\" style=\"width: 300px\" class=\"wp-caption alignnone\"><a href=\"\/_archivos\/imagenes\/2950.jpg\" target=\"_blank\" rel=\"noopener noreferrer\"><img decoding=\"async\" class=\"size-medium\" src=\"\/_archivos\/imagenes\/300\/2950.jpg\" alt=\"Elvira Lindo 2\" title=\"Elvira Lindo 2\" width=\"300\" height=\"auto\" \/><\/a><figcaption id=\"caption-attachment-382\" class=\"wp-caption-text\"><a href=\"\/_archivos\/imagenes\/2950.jpg\" target=\"_blank\" rel=\"noopener noreferrer\">Descargar imagen<\/a><\/figcaption><\/figure>\n<figure id=\"attachment_382\" aria-describedby=\"caption-attachment-382\" style=\"width: 300px\" class=\"wp-caption alignnone\"><a href=\"\/_archivos\/imagenes\/2951.jpg\" target=\"_blank\" rel=\"noopener noreferrer\"><img decoding=\"async\" class=\"size-medium\" src=\"\/_archivos\/imagenes\/300\/2951.jpg\" alt=\"logo50vendimia\" title=\"logo50vendimia\" width=\"300\" height=\"auto\" \/><\/a><figcaption id=\"caption-attachment-382\" class=\"wp-caption-text\"><a href=\"\/_archivos\/imagenes\/2951.jpg\" target=\"_blank\" rel=\"noopener noreferrer\">Descargar imagen<\/a><\/figcaption><\/figure>\n<figure id=\"attachment_382\" aria-describedby=\"caption-attachment-382\" style=\"width: 300px\" class=\"wp-caption alignnone\"><a href=\"\/_archivos\/imagenes\/2952.jpg\" target=\"_blank\" rel=\"noopener noreferrer\"><img decoding=\"async\" class=\"size-medium\" src=\"\/_archivos\/imagenes\/300\/2952.jpg\" alt=\"Plaza del Vino\" title=\"Plaza del Vino\" width=\"300\" height=\"auto\" \/><\/a><figcaption id=\"caption-attachment-382\" class=\"wp-caption-text\"><a href=\"\/_archivos\/imagenes\/2952.jpg\" target=\"_blank\" rel=\"noopener noreferrer\">Descargar imagen<\/a><\/figcaption><\/figure>\n<figure id=\"attachment_382\" aria-describedby=\"caption-attachment-382\" style=\"width: 300px\" class=\"wp-caption alignnone\"><a href=\"\/_archivos\/imagenes\/2953.jpg\" target=\"_blank\" rel=\"noopener noreferrer\"><img decoding=\"async\" class=\"size-medium\" src=\"\/_archivos\/imagenes\/300\/2953.jpg\" alt=\"Vino manando de la Fuente de la Mora\" title=\"Vino manando de la Fuente de la Mora\" width=\"300\" height=\"auto\" \/><\/a><figcaption id=\"caption-attachment-382\" class=\"wp-caption-text\"><a href=\"\/_archivos\/imagenes\/2953.jpg\" target=\"_blank\" rel=\"noopener noreferrer\">Descargar imagen<\/a><\/figcaption><\/figure>\n<figure id=\"attachment_382\" aria-describedby=\"caption-attachment-382\" style=\"width: 300px\" class=\"wp-caption alignnone\"><a href=\"\/_archivos\/imagenes\/2960.jpg\" target=\"_blank\" rel=\"noopener noreferrer\"><img decoding=\"async\" class=\"size-medium\" src=\"\/_archivos\/imagenes\/300\/2960.jpg\" alt=\"Elvira Lindo biblioteca\" title=\"Elvira Lindo biblioteca\" width=\"300\" height=\"auto\" \/><\/a><figcaption id=\"caption-attachment-382\" class=\"wp-caption-text\"><a href=\"\/_archivos\/imagenes\/2960.jpg\" target=\"_blank\" rel=\"noopener noreferrer\">Descargar imagen<\/a><\/figcaption><\/figure>    \t<\/p>\n","protected":false},"excerpt":{"rendered":"<p>PROGRAMA DESTACADOS INVITADOS DE HONOR La 50\u00aa edici\u00f3n de la Fiesta de la Vendimia de la Denominaci\u00f3n de Origen Protegida Cari\u00f1ena, que tendr\u00e1 lugar los d\u00edas 24 y 25 de este mes de septiembre,\u00a0 contar\u00e1 con la escritora y periodista Elvira Lindo como invitada de honor. En esta edici\u00f3n especial se ampl\u00eda la celebraci\u00f3n a &hellip;<\/p>\n","protected":false},"author":6,"featured_media":3914,"comment_status":"closed","ping_status":"closed","sticky":false,"template":"","format":"standard","meta":{"_genesis_hide_title":false,"_genesis_hide_breadcrumbs":false,"_genesis_hide_singular_image":false,"_genesis_hide_footer_widgets":false,"_genesis_custom_body_class":"","_genesis_custom_post_class":"","_genesis_layout":"","ngg_post_thumbnail":0,"footnotes":""},"categories":[1],"tags":[],"class_list":{"0":"post-4191","1":"post","2":"type-post","3":"status-publish","4":"format-standard","5":"has-post-thumbnail","7":"category-noticias","8":"entry"},"_links":{"self":[{"href":"https:\/\/elvinodelaspiedras.es\/en\/wp-json\/wp\/v2\/posts\/4191"}],"collection":[{"href":"https:\/\/elvinodelaspiedras.es\/en\/wp-json\/wp\/v2\/posts"}],"about":[{"href":"https:\/\/elvinodelaspiedras.es\/en\/wp-json\/wp\/v2\/types\/post"}],"author":[{"embeddable":true,"href":"https:\/\/elvinodelaspiedras.es\/en\/wp-json\/wp\/v2\/users\/6"}],"replies":[{"embeddable":true,"href":"https:\/\/elvinodelaspiedras.es\/en\/wp-json\/wp\/v2\/comments?post=4191"}],"version-history":[{"count":1,"href":"https:\/\/elvinodelaspiedras.es\/en\/wp-json\/wp\/v2\/posts\/4191\/revisions"}],"predecessor-version":[{"id":5943,"href":"https:\/\/elvinodelaspiedras.es\/en\/wp-json\/wp\/v2\/posts\/4191\/revisions\/5943"}],"wp:featuredmedia":[{"embeddable":true,"href":"https:\/\/elvinodelaspiedras.es\/en\/wp-json\/wp\/v2\/media\/3914"}],"wp:attachment":[{"href":"https:\/\/elvinodelaspiedras.es\/en\/wp-json\/wp\/v2\/media?parent=4191"}],"wp:term":[{"taxonomy":"category","embeddable":true,"href":"https:\/\/elvinodelaspiedras.es\/en\/wp-json\/wp\/v2\/categories?post=4191"},{"taxonomy":"post_tag","embeddable":true,"href":"https:\/\/elvinodelaspiedras.es\/en\/wp-json\/wp\/v2\/tags?post=4191"}],"curies":[{"name":"wp","href":"https:\/\/api.w.org\/{rel}","templated":true}]}}