{"id":4192,"date":"2016-08-22T00:00:00","date_gmt":"2016-08-22T00:00:00","guid":{"rendered":"http:\/\/elvinodelaspiedras.local\/la-fiesta-de-la-vendimia-de-la-dop-carinena-declarada-de-interes-turistico-de-aragon\/"},"modified":"2020-11-13T12:29:32","modified_gmt":"2020-11-13T12:29:32","slug":"la-fiesta-de-la-vendimia-de-la-dop-carinena-declarada-de-interes-turistico-de-aragon","status":"publish","type":"post","link":"https:\/\/elvinodelaspiedras.es\/en\/comunicacion\/noticias\/la-fiesta-de-la-vendimia-de-la-dop-carinena-declarada-de-interes-turistico-de-aragon\/","title":{"rendered":"La fiesta de la vendimia de la D.O.p Cari\u00f1ena, declarada de inter\u00e9s tur\u00edstico de arag\u00f3n"},"content":{"rendered":"<p>La  Fiestade la Vendimia de la Denominaci\u00f3n de Origen Protegida Cari\u00f1ena ha sido declarada de <strong>Inter\u00e9s Tur\u00edstico de Arag\u00f3n<\/strong>. El Bolet\u00edn Oficial de la Comunidad (BOA) publica hoy el acuerdo. El Ejecutivo aragon\u00e9s ha querido reconocer con esta distinci\u00f3n la famosa celebraci\u00f3n, organizada por la Denominaci\u00f3n, que da el pistoletazo de salida a la vendimia y que este a\u00f1o adem\u00e1s celebra su 50 aniversario. <\/p>\n<p>Su <strong>originalidad y popularidad<\/strong> as\u00ed como su larga trayectoria y arraigo entre los vecinos han sido algunas de las caracter\u00edsticas valoradas por el Gobierno de Arag\u00f3n para otorgar la distinci\u00f3n.\u00a0 \u201cLa Fiesta de la Vendimia de la D.O.P. Cari\u00f1e\u00f1a que tiene lugar en Cari\u00f1ena coincidiendo con la realizaci\u00f3n de la vendimia, forma parte de la tradici\u00f3n de esta localidad, por su antig\u00fcedad y continuidad a trav\u00e9s del tiempo y la originalidad y diversidad de sus actos, dando lugar a un fen\u00f3meno tur\u00edstico con gran atracci\u00f3n de visitantes\u201d, argumenta la Diputaci\u00f3n General de Arag\u00f3n.<\/p>\n<p>La Fiesta de la Vendimia adem\u00e1s \u201cdemuestra el <strong>significado especial que tiene el vino<\/strong> en los municipios que integran la D.O.P. Cari\u00f1ena\u201d. El Gobierno aragon\u00e9s ha querido destacar que \u201ctiene como acto central la Exaltaci\u00f3n del Vino, en el que se pisan las primeras uvas y se produce el primer mosto del a\u00f1o, junto con otros actos como el Encendido de la Fuente de la Mora, por el invitado de honor, el Paseo de las Estrellas, orquestas en directo, exposiciones y grupos de animaci\u00f3n entre otros\u201d. <\/p>\n<p>La solicitud de declaraci\u00f3n de Fiesta de Inter\u00e9s Tur\u00edstico de Arag\u00f3n fue presentada por la Comarca Campo de Cari\u00f1ena con el informe favorable de la Comarca de Valdejal\u00f3n y los acuerdos plenarios tambi\u00e9n favorables de los 14 ayuntamientos que integran la Denominaci\u00f3n: <strong>Aguar\u00f3n, Aladr\u00e9n, Alfam\u00e9n, Cari\u00f1ena, Cosuenda, Encinacorba, Longares, Mezalocha, Muel, Paniza, Tosos y Villanueva de Huerva, en la Comarca del Campo de Cari\u00f1ena y Alpartir y Almonacid de la Sierra, en la Comarca de Valdejal\u00f3n<\/strong>. Adem\u00e1s, se elabor\u00f3 junto con el Consejo Regulador una memoria explicativa en la que se incluye la historia de la fiesta y sus principales actos, se relaciona la infraestructura tur\u00edstica con la que cuenta la localidad y su zona perif\u00e9rica y se justifican acciones promocionales suficientes para la atracci\u00f3n de corrientes tur\u00edsticas.<\/p>\n<p>La pr\u00f3xima edici\u00f3n de La Fiesta de la Vendimia ser\u00e1 la <strong>n\u00famero 50<\/strong> y se celebrar\u00e1 el s\u00e1bado 24 y el domingo 25 de septiembre. Tendr\u00e1 como invitada de honor a la <strong>escritora y periodista Elvira Lindo<\/strong>. Una funci\u00f3n que en ediciones anteriores han protagonizado otros destacados personajes de diferentes \u00e1mbitos como los entonces Reyes de Espa\u00f1a, Don Juan Carlos y Do\u00f1a Sof\u00eda -coincidiendo con el 75 aniversario de la Denominaci\u00f3n-; el entrenador de la selecci\u00f3n espa\u00f1ola de f\u00fatbol, Vicente del Bosque; el cocinero Juan Manuel S\u00e1nchez, primer ganador de MasterChef; el actor y gastr\u00f3nomo Juan Echanove; la exministra Carmen Chac\u00f3n, el cineasta David Trueba o el actor Gabino Diego, invitado de honor de la pasada edici\u00f3n.<\/p>\n<p>En 2014 se inaugur\u00f3 tambi\u00e9n el <strong>Paseo de las Estrellas de Cari\u00f1ena<\/strong> que alberga las huellas de las personalidades que visitan la Denominaci\u00f3n de Origen Protegida con motivo de la Fiesta de la Vendimia o en otros momentos. En placas de granito con hojas de vid de cemento est\u00e1n ya las huellas del cineasta David Trueba, que inaugur\u00f3 la iniciativa, las de los directores de cine aragoneses Miguel \u00c1ngel Lamata y Paula Ortiz y la del actor Gabino Diego. <\/p>\n<p>Con motivo de la celebraci\u00f3n de su 50 aniversario, la Fiesta de la Vendimia se alargar\u00e1 este a\u00f1o <strong>durante todo el fin de semana<\/strong> y contar\u00e1 con numerosos actos. Aunque el m\u00e1s emblem\u00e1tico se celebrar\u00e1 el domingo a las 11,30 horas cuando tendr\u00e1 lugar el Acto de Exaltaci\u00f3n del Vino y la ofrenda del primer mosto del a\u00f1o al Santo Cristo de Santiago. El momento culminante se producir\u00e1 cuando la invitada de honor active el interruptor que enciende la Fuente de la Mora y de sus ca\u00f1os comiencen a manar miles de litros de vino.<\/p>\n<p>Adem\u00e1s, se suceder\u00e1n <strong>actuaciones musicales<\/strong> (la Banda de Muel, Bufacalibos de Biella Nuei, el grupo de jotas \u201cCarallana\u201d, el cantautor Celino Gracia, Emociones a la Carta\u00a0 o Los Tres Norteamericanos), animaci\u00f3n infantil, programas nacionales y regionales de radio en directo, el Tren Azul del Vino con material hist\u00f3rico o degustaciones en la Plaza del Vino y, como colof\u00f3n, un espect\u00e1culo de fuegos artificiales, a las 22 horas del domingo 25.<\/p>\n<hr>\n<figure id=\"attachment_383\" aria-describedby=\"caption-attachment-383\" style=\"width: 300px\" class=\"wp-caption alignnone\"><a href=\"\/_archivos\/imagenes\/2961.jpg\" target=\"_blank\" rel=\"noopener noreferrer\"><img decoding=\"async\" class=\"size-medium\" src=\"\/_archivos\/imagenes\/300\/2961.jpg\" alt=\"La Fuente de la Mora de Cari\u00f1ena en la Fiesta de la Vendimia de 2015\" title=\"La Fuente de la Mora de Cari\u00f1ena en la Fiesta de la Vendimia de 2015\" width=\"300\" height=\"auto\" \/><\/a><figcaption id=\"caption-attachment-383\" class=\"wp-caption-text\"><a href=\"\/_archivos\/imagenes\/2961.jpg\" target=\"_blank\" rel=\"noopener noreferrer\">Descargar imagen<\/a><\/figcaption><\/figure>\n","protected":false},"excerpt":{"rendered":"<p>La Fiestade la Vendimia de la Denominaci\u00f3n de Origen Protegida Cari\u00f1ena ha sido declarada de Inter\u00e9s Tur\u00edstico de Arag\u00f3n. El Bolet\u00edn Oficial de la Comunidad (BOA) publica hoy el acuerdo. El Ejecutivo aragon\u00e9s ha querido reconocer con esta distinci\u00f3n la famosa celebraci\u00f3n, organizada por la Denominaci\u00f3n, que da el pistoletazo de salida a la vendimia &hellip;<\/p>\n","protected":false},"author":6,"featured_media":3916,"comment_status":"closed","ping_status":"closed","sticky":false,"template":"","format":"standard","meta":{"_genesis_hide_title":false,"_genesis_hide_breadcrumbs":false,"_genesis_hide_singular_image":false,"_genesis_hide_footer_widgets":false,"_genesis_custom_body_class":"","_genesis_custom_post_class":"","_genesis_layout":"","ngg_post_thumbnail":0,"footnotes":""},"categories":[1],"tags":[],"class_list":{"0":"post-4192","1":"post","2":"type-post","3":"status-publish","4":"format-standard","5":"has-post-thumbnail","7":"category-noticias","8":"entry"},"_links":{"self":[{"href":"https:\/\/elvinodelaspiedras.es\/en\/wp-json\/wp\/v2\/posts\/4192"}],"collection":[{"href":"https:\/\/elvinodelaspiedras.es\/en\/wp-json\/wp\/v2\/posts"}],"about":[{"href":"https:\/\/elvinodelaspiedras.es\/en\/wp-json\/wp\/v2\/types\/post"}],"author":[{"embeddable":true,"href":"https:\/\/elvinodelaspiedras.es\/en\/wp-json\/wp\/v2\/users\/6"}],"replies":[{"embeddable":true,"href":"https:\/\/elvinodelaspiedras.es\/en\/wp-json\/wp\/v2\/comments?post=4192"}],"version-history":[{"count":1,"href":"https:\/\/elvinodelaspiedras.es\/en\/wp-json\/wp\/v2\/posts\/4192\/revisions"}],"predecessor-version":[{"id":5942,"href":"https:\/\/elvinodelaspiedras.es\/en\/wp-json\/wp\/v2\/posts\/4192\/revisions\/5942"}],"wp:featuredmedia":[{"embeddable":true,"href":"https:\/\/elvinodelaspiedras.es\/en\/wp-json\/wp\/v2\/media\/3916"}],"wp:attachment":[{"href":"https:\/\/elvinodelaspiedras.es\/en\/wp-json\/wp\/v2\/media?parent=4192"}],"wp:term":[{"taxonomy":"category","embeddable":true,"href":"https:\/\/elvinodelaspiedras.es\/en\/wp-json\/wp\/v2\/categories?post=4192"},{"taxonomy":"post_tag","embeddable":true,"href":"https:\/\/elvinodelaspiedras.es\/en\/wp-json\/wp\/v2\/tags?post=4192"}],"curies":[{"name":"wp","href":"https:\/\/api.w.org\/{rel}","templated":true}]}}