{"id":4197,"date":"2016-09-23T00:00:00","date_gmt":"2016-09-23T00:00:00","guid":{"rendered":"http:\/\/elvinodelaspiedras.local\/la-dop-carinena-celebra-la-edicion-mas-especial-de-su-fiesta-de-la-vendimia\/"},"modified":"2020-11-13T12:29:31","modified_gmt":"2020-11-13T12:29:31","slug":"la-dop-carinena-celebra-la-edicion-mas-especial-de-su-fiesta-de-la-vendimia","status":"publish","type":"post","link":"https:\/\/elvinodelaspiedras.es\/en\/comunicacion\/noticias\/la-dop-carinena-celebra-la-edicion-mas-especial-de-su-fiesta-de-la-vendimia\/","title":{"rendered":"La D.O.P. Cari\u00f1ena celebra este fin de semana la edici\u00f3n m\u00e1s especial de su fiesta de la vendimia"},"content":{"rendered":"<p>La Fiesta de la Vendimia de la Denominaci\u00f3n de Origen Protegida Cari\u00f1ena ha vivido desde <strong>su puesta en marcha en 1960<\/strong> momentos muy especiales y este fin de semana ser\u00e1 uno de ellos, ya que se cumplen <strong>50 ediciones<\/strong> -en este tiempo hubo alg\u00fan a\u00f1o que no se celebr\u00f3, por diversos motivos- y es la primera que se lleva a cabo como <strong>Fiesta de Inter\u00e9s Tur\u00edstico de Arag\u00f3n<\/strong>, tal y como ha sido declarada desde el pasado mes de agosto por el Gobierno auton\u00f3mico.<\/p>\n<p>Esta fiesta tiene <strong>elementos muy singulares<\/strong> como los miles de litros de vino que manan sin cesar de la <strong>Fuente de la Mora<\/strong> de la plaza de Cari\u00f1ena, el escenario donde el pr\u00f3ximo domingo tendr\u00e1 lugar el acto principal. Es as\u00ed un atractivo tur\u00edstico importante, junto a otras iniciativas como el <strong>Paseo de las Estrellas<\/strong>, que refuerzan la decidida apuesta de la Denominaci\u00f3n por el <strong>enoturismo<\/strong> para proyectar todav\u00eda m\u00e1s El Vino de las Piedras, como ya se conocen sus caldos, en referencia al car\u00e1cter pedregoso donde crecen las vi\u00f1as.<\/p>\n<p><strong>Todo est\u00e1 ya preparado<\/strong> para acoger la 50\u00aa Fiesta de la Vendimia, que tendr\u00e1 el domingo en el acto central una representaci\u00f3n institucional del m\u00e1s alto nivel, con la presencia del presidente de Arag\u00f3n<strong>, Javier Lamb\u00e1n,<\/strong> acampa\u00f1ado por dos de sus ocho consejeros<strong>: Joaqu\u00edn Olona<\/strong>, responsable de Desarrollo Rural y Sostenibilidad, y <strong>Jos\u00e9 Luis Soro<\/strong>, de Vertebraci\u00f3n del Territorio, Movilidad y Vivienda, el Departamento que ha aprobado la declaraci\u00f3n de fiesta de Inter\u00e9s Tur\u00edstico. Junto a la autoridades, Cari\u00f1ena acoger\u00e1 a una invitada de honor de excepci\u00f3n: la escritora y guionista <strong>Elvira Lindo<\/strong>, autora de la c\u00e9lebre novela &#8220;Manolito Gafotas&#8221;.<\/p>\n<p><strong>ACTUACIONES DE GRUPOS ARAGONESES<\/strong><\/p>\n<p>Durante todo el fin de semana habr\u00e1 numerosas actividades dirigidas a todo tipo de p\u00fablico. En la Plaza del Vino, centro neur\u00e1lgico de la fiesta, la plaza de Espa\u00f1a y en el Museo del Vino actuar\u00e1n <strong>m\u00fasicos aragoneses como la Big Band de Muel, Bufacalibos de Biella Nuei, Emociones a la Carta, el grupo de jotas &#8220;Carallana&#8221;, el cantautor Celino Gracia o Los Tres Norteamericanos<\/strong>. La Denominaci\u00f3n ha creado una imagen especial para conmemorar el 50 aniversario \u00a0de la Fiesta.<\/p>\n<p>Los actos se concentrar\u00e1n en la jornada del domingo 25, pero comenzar\u00e1n ya ma\u00f1ana s\u00e1bado por la ma\u00f1ana (de 12 a 13 h), con la emisi\u00f3n en directo desde el Museo del Vino del programa dirigido por <strong>Miguel Mena &#8220;A vivir Arag\u00f3n<\/strong>&#8220;, de la Cadena SER. La fiesta tendr\u00e1 a las 19,00 horas otro momento destacado con la apertura de la Plaza del Vino -donde se pueden degustar los Vinos de las Piedras y tapas y raciones- y la actuaci\u00f3n del cantante To\u00f1o Julve y su grupo &#8220;<strong>Emociones a la Carta<\/strong>&#8220;. A las 17 horas habr\u00e1 animaci\u00f3n infantil en la calle Ruiz Cabrera a cargo de La Pe\u00f1a del Mosto &#8220;<strong>Caranto\u00f1a<\/strong>&#8221; y a las 20 h &#8220;<strong>Magia infantil<\/strong>&#8220;.<\/p>\n<p><strong>El domingo, a<\/strong> <strong>las 11,30 horas<\/strong> tendr\u00e1 lugar el <strong>Acto de Exaltaci\u00f3n del Vino<\/strong> y la ofrenda del primer mosto del a\u00f1o al <strong>Santo Cristo de Santiago<\/strong>. El momento culminante se producir\u00e1 cuando <strong>la invitada de honor active el interruptor que enciende la Fuente de la Mora y de sus ca\u00f1os comiencen a manar miles de litros de vino.<\/strong> La escritora y guionista Elvira Lindo, conocida por novelas como &#8220;Lugares que no quiero compartir con nadie&#8221; o la m\u00e1s reciente &#8220;Noches sin dormir&#8221;, ser\u00e1\u00a0 la encargada de hacerlo este a\u00f1o. Una funci\u00f3n que en ediciones anteriores han protagonizado <strong><a href=\"https:\/\/elvinodelaspiedras.es\/en\/fiesta-de-la-vendimia\/\/\/\/\/\/\/\/\">otros destacados personajes de diferentes \u00e1mbitos<\/a><\/strong> como los entonces <strong>Reyes de Espa\u00f1a, Don Juan Carlos y Do\u00f1a Sof\u00eda<\/strong> -coincidiendo con el 75 aniversario de la Denominaci\u00f3n-; el entrenador de la selecci\u00f3n espa\u00f1ola de f\u00fatbol, <strong>Vicente del Bosque<\/strong> -el a\u00f1o que Espa\u00f1a gan\u00f3 el Mundial de Sud\u00e1frica-; el cocinero <strong>Juan Manuel S\u00e1nchez<\/strong>, primer ganador de MasterChef; el actor y gastr\u00f3nomo <strong>Juan Echanove<\/strong>; la exministra <strong>Carmen Chac\u00f3n<\/strong>, el cineasta <strong>David Trueba <\/strong>o el actor <strong>Gabino Diego<\/strong>, invitado de honor de la pasada edici\u00f3n.<\/p>\n<p><strong>EL PASEO SUMAR\u00c1 UNA NUEVA ESTRELLA<\/strong><\/p>\n<p>Una vez terminado el acto central de la Fiesta de la Vendimia y la posterior bendici\u00f3n del mosto en la capilla del Santo Cristo, a las 12,15 horas est\u00e1 previsto que la escritora y periodista Elvira Lindo plasme sus manos en una placa de granito natural con una silueta de hoja de vid de cemento, <strong>en el Paseo de las Estrellas de Cari\u00f1ena<\/strong>. Este paseo, a modo del famoso bulevar hollywoodiense, alberga desde hace dos a\u00f1os las manos de las personalidades que visitan la Denominaci\u00f3n de Origen Protegida. Sus huellas se sumar\u00e1n as\u00ed a las de <strong>David Trueba<\/strong>, que inaugur\u00f3 la iniciativa, a las de los directores de cine aragoneses <strong>Miguel \u00c1ngel Lamata y Paula Ortiz<\/strong> y a la del actor <strong>Gabino Diego<\/strong>.<\/p>\n<p>La Fiesta de la Vendimia continuar\u00e1 tambi\u00e9n como ya es tradicional en la Plaza del Vino. Desde las doce del mediod\u00eda, los visitantes podr\u00e1n <strong>degustar los mejores caldos de las bodegas que componen la Denominaci\u00f3n de Origen Protegida y exquisitas tapas elaboradas con productos aragoneses. <\/strong>Tambi\u00e9n a partir de las 12 y hasta las 13 h se desarrollar\u00e1 la Ronda callejera de San Mart\u00edn.<\/p>\n<p>A las 12,30 horas en el Quiosco de la M\u00fasica de la Plaza, la <strong>Banda de Muel<\/strong> pondr\u00e1 otra nota musical y a las 13 horas la comparsa de <strong>Gigantes y Cabezudos<\/strong> iniciar\u00e1 su recorrido por las calles de la ciudad. Por la tarde, de 17,30 a 19,00 horas, los m\u00e1s peque\u00f1os podr\u00e1n disfrutar con la &#8220;<strong>Fiesta infantil a,e, i, o, u&#8230;&#8221;,<\/strong> en la calle Ruiz Cabrera.<\/p>\n<p>El domingo por la tarde se concentran la mayor\u00eda de actuaciones musicales. A las 19 h, en el Quiosco de la M\u00fasica el cuarteto <strong>Bufacalibos de Biella Nuei<\/strong> interpretar\u00e1 algunos de sus temas. Tambi\u00e9n el Grupo de Jotas &#8220;<strong>Carallana<\/strong>&#8221; a las 20 horas en la Plaza de Espa\u00f1a, el cantautor <strong>Celino Gracia<\/strong> en el Museo del Vino a esa misma hora y &#8220;<strong>Los tres Norteamericanos<\/strong>&#8221; a las 20,30 horas en el Quiosco de la M\u00fasica. El colof\u00f3n de esta 50\u00ba edici\u00f3n de la Fiesta de la Vendimia llegar\u00e1 <strong>a las<\/strong> <strong>22 horas en las inmediaciones del campo de f\u00fatbol donde tendr\u00e1 lugar un espect\u00e1culo de Fuegos Artificiales.<\/strong><\/p>\n<p><strong>FIESTA DE INTER\u00c9S TUR\u00cdSTICO DE ARAG\u00d3N<\/strong><\/p>\n<p>Coincidiendo con sus 50 ediciones, la Fiesta de la Vendimia de la Denominaci\u00f3n de Origen Protegida Cari\u00f1ena ha sido declarada de Inter\u00e9s Tur\u00edstico de Arag\u00f3n, tal y como se public\u00f3 en el Bolet\u00edn Oficial de la Comunidad (BOA) el pasado 22 de agosto. <strong>Su originalidad y popularidad as\u00ed como su larga trayectoria y arraigo entre los vecinos<\/strong> han sido algunas de las caracter\u00edsticas valoradas por el Gobierno de Arag\u00f3n para otorgar la distinci\u00f3n. &#8220;La Fiesta de la Vendimia que tiene lugar en Cari\u00f1ena coincidiendo con la realizaci\u00f3n de la vendimia, forma parte de la tradici\u00f3n de esta localidad, por su antig\u00fcedad y continuidad a trav\u00e9s del tiempo y la originalidad y diversidad de sus actos, dando lugar a un fen\u00f3meno tur\u00edstico con gran atracci\u00f3n de visitantes&#8221;, argumenta la Diputaci\u00f3n General de Arag\u00f3n.<\/p>\n<p>La Fiesta de la Vendimia adem\u00e1s <strong>&#8220;demuestra el significado especial que tiene el vino en los municipios que integran la D.O.P. Cari\u00f1ena&#8221;.<\/strong> El Gobierno aragon\u00e9s ha querido destacar que &#8220;tiene como acto central la Exaltaci\u00f3n del Vino, en el que se pisan las primeras uvas y se produce el primer mosto del a\u00f1o, junto con otros actos como el Encendido de la Fuente de la Mora, por el invitado de honor, el Paseo de las Estrellas, orquestas en directo, exposiciones y grupos de animaci\u00f3n entre otros&#8221;.<\/p>\n<p>La solicitud de declaraci\u00f3n de Fiesta de Inter\u00e9s Tur\u00edstico de Arag\u00f3n fue presentada por la Comarca Campo de Cari\u00f1ena con el informe favorable de la Comarca de Valdejal\u00f3n y los acuerdos plenarios tambi\u00e9n favorables de los 14 ayuntamientos que integran la Denominaci\u00f3n: <strong>Aguar\u00f3n, Aladr\u00e9n, Alfam\u00e9n, Cari\u00f1ena, Cosuenda, Encinacorba, Longares, Mezalocha, Muel, Paniza, Tosos y Villanueva de Huerva<\/strong>, en la Comarca del Campo de Cari\u00f1ena y <strong>Alpartir y Almonacid de la Sierra<\/strong>, en la Comarca de Valdejal\u00f3n. Adem\u00e1s, se elabor\u00f3 junto con el Consejo Regulador una memoria explicativa en la que se incluye la historia de la fiesta y sus principales actos Y se relaciona la infraestructura tur\u00edstica.<\/p>\n<p><strong>LA PRODUCCI\u00d3N BAJA UN 34 % POR LA FALTA DE LLUVIAS, PERO SE MANTIENE EN LA MEDIA DE LOS \u00daLTIMOS 10 A\u00d1OS<\/strong><\/p>\n<p>La Fiesta coincide con el arranque del grueso de la vendimia aunque algunas variedades comenzaron ya a recogerse a principios de mes. El Consejo Regulador prev\u00e9 este a\u00f1o<strong> una cifra de cosecha en las 14.459 hect\u00e1reas<\/strong> que componen la Denominaci\u00f3n en torno a un 34% inferior a la 2015 -excepcional por las condiciones meteorol\u00f3gicas especiales que reuni\u00f3-, pero dentro de la media de los \u00faltimos diez a\u00f1os. La acentuada ausencia de lluvias y las altas temporaturas de los \u00faltimos meses situar\u00e1n la cifra final en torno a 71 millones de kilos, de una uva de muy buena calidad.<\/p>\n<p><strong>ELVIRA LINDO, UNA POLIFAC\u00c9TICA AUTORA EN CINE, TEATRO Y LITERATURA ESPA\u00d1OLA<\/strong><\/p>\n<p>La gaditana Elvira Lindo, cosecha de 1962, es una de las escritoras m\u00e1s consagradas de la literatura espa\u00f1ola. Comenz\u00f3 la carrera de Periodismo en la Universidad Complutense de Madrid alternando su trabajo como locutora para Radio Nacional de Espa\u00f1a, donde interpretaba al ni\u00f1o madrile\u00f1o Manolito Gafotas, que m\u00e1s tarde se convertir\u00eda en protagonista de su primera novela y en un cl\u00e1sico de la literatura infantil en Espa\u00f1a. Las aventuras de Manolito han sido traducidas a m\u00e1s de 20 idiomas, entre ellos, el chino, el japon\u00e9s, el turco y, actualmente, su versi\u00f3n inglesa. Merecedora del<strong> Premio Nacional de literatura Infantil y Juvenil en 1996, a lo largo de los a\u00f1os su actividad ha abordado el periodismo, la novela y el gui\u00f3n televisivo y cinematogr\u00e1fico.<\/strong><\/p>\n<p>Ha escrito novelas para adultos como &#8220;Algo m\u00e1s inesperado que la muerte&#8221;, &#8220;Una palabra tuya&#8221;-XIX Premio Biblioteca Breve-, &#8220;Lo que me queda por vivir&#8221; y &#8220;Lugares que no quiero compartir con nadie&#8221; y &#8220;Noches sin dormir&#8221;, un diario muy personal de su \u00faltimo invierno en Nueva York. Tambi\u00e9n <strong>es autora de teatro y de los guiones para las pel\u00edculas<\/strong> &#8220;La primera noche de mi vida&#8221; junto al director Miguel Albaladejo, &#8220;Manolito Gafotas&#8221;, su popular personaje llevado a la gran pantalla, &#8220;Plenilunio&#8221;, adaptaci\u00f3n de la novela de su marido, el escritor y acad\u00e9mico Antonio Mu\u00f1oz Molina, y &#8220;La vida inesperada&#8221; dirigida por Jorge Torregrosa y protagonizada por Javier C\u00e1mara y Ra\u00fal Ar\u00e9valo.<\/p>\n<p>Su prol\u00edfera carrera como escritora le sirve para colaborar asiduamente en medios como El Pa\u00eds con la columna veraniega &#8220;Tintos de verano&#8221;, en la que caracteriz\u00f3 su vida de &#8220;intelectual progre&#8221; y que m\u00e1s tarde ha sido publicada en forma de libros. Actualmente publica dos columnas a la semana, en El Pa\u00eds, &#8220;Don de gentes&#8221; los domingos y la de la \u00faltima p\u00e1gina los mi\u00e9rcoles. Tambi\u00e9n escribe un art\u00edculo semanal en la revista Elle y colabora en la Cadena SER en el programa &#8220;La Ventana&#8221; dirigido por Carles Francino.<\/p>\n<hr>\n<figure id=\"attachment_391\" aria-describedby=\"caption-attachment-391\" style=\"width: 300px\" class=\"wp-caption alignnone\"><a href=\"\/_archivos\/imagenes\/2986.jpg\" target=\"_blank\" rel=\"noopener noreferrer\"><img decoding=\"async\" class=\"size-medium\" src=\"\/_archivos\/imagenes\/300\/2986.jpg\" alt=\"La Plaza del Vino est\u00e1 ya lista para acoger a cientos de personas\" title=\"La Plaza del Vino est\u00e1 ya lista para acoger a cientos de personas\" width=\"300\" height=\"auto\" \/><\/a><figcaption id=\"caption-attachment-391\" class=\"wp-caption-text\"><a href=\"\/_archivos\/imagenes\/2986.jpg\" target=\"_blank\" rel=\"noopener noreferrer\">Descargar imagen<\/a><\/figcaption><\/figure>\n","protected":false},"excerpt":{"rendered":"<p>La Fiesta de la Vendimia de la Denominaci\u00f3n de Origen Protegida Cari\u00f1ena ha vivido desde su puesta en marcha en 1960 momentos muy especiales y este fin de semana ser\u00e1 uno de ellos, ya que se cumplen 50 ediciones -en este tiempo hubo alg\u00fan a\u00f1o que no se celebr\u00f3, por diversos motivos- y es la &hellip;<\/p>\n","protected":false},"author":6,"featured_media":3932,"comment_status":"closed","ping_status":"closed","sticky":false,"template":"","format":"standard","meta":{"_genesis_hide_title":false,"_genesis_hide_breadcrumbs":false,"_genesis_hide_singular_image":false,"_genesis_hide_footer_widgets":false,"_genesis_custom_body_class":"","_genesis_custom_post_class":"","_genesis_layout":"","ngg_post_thumbnail":0,"footnotes":""},"categories":[1],"tags":[],"class_list":{"0":"post-4197","1":"post","2":"type-post","3":"status-publish","4":"format-standard","5":"has-post-thumbnail","7":"category-noticias","8":"entry"},"_links":{"self":[{"href":"https:\/\/elvinodelaspiedras.es\/en\/wp-json\/wp\/v2\/posts\/4197"}],"collection":[{"href":"https:\/\/elvinodelaspiedras.es\/en\/wp-json\/wp\/v2\/posts"}],"about":[{"href":"https:\/\/elvinodelaspiedras.es\/en\/wp-json\/wp\/v2\/types\/post"}],"author":[{"embeddable":true,"href":"https:\/\/elvinodelaspiedras.es\/en\/wp-json\/wp\/v2\/users\/6"}],"replies":[{"embeddable":true,"href":"https:\/\/elvinodelaspiedras.es\/en\/wp-json\/wp\/v2\/comments?post=4197"}],"version-history":[{"count":1,"href":"https:\/\/elvinodelaspiedras.es\/en\/wp-json\/wp\/v2\/posts\/4197\/revisions"}],"predecessor-version":[{"id":5934,"href":"https:\/\/elvinodelaspiedras.es\/en\/wp-json\/wp\/v2\/posts\/4197\/revisions\/5934"}],"wp:featuredmedia":[{"embeddable":true,"href":"https:\/\/elvinodelaspiedras.es\/en\/wp-json\/wp\/v2\/media\/3932"}],"wp:attachment":[{"href":"https:\/\/elvinodelaspiedras.es\/en\/wp-json\/wp\/v2\/media?parent=4197"}],"wp:term":[{"taxonomy":"category","embeddable":true,"href":"https:\/\/elvinodelaspiedras.es\/en\/wp-json\/wp\/v2\/categories?post=4197"},{"taxonomy":"post_tag","embeddable":true,"href":"https:\/\/elvinodelaspiedras.es\/en\/wp-json\/wp\/v2\/tags?post=4197"}],"curies":[{"name":"wp","href":"https:\/\/api.w.org\/{rel}","templated":true}]}}