{"id":4199,"date":"2016-09-25T00:00:00","date_gmt":"2016-09-25T00:00:00","guid":{"rendered":"http:\/\/elvinodelaspiedras.local\/javier-lamban-y-elvira-lindo-celebran-la-50a-fiesta-de-la-vendimia-destacando-que-el-vino-de-las-piedras-es-sinonimo-de-felicidad\/"},"modified":"2020-11-13T12:29:31","modified_gmt":"2020-11-13T12:29:31","slug":"javier-lamban-y-elvira-lindo-celebran-la-50a-fiesta-de-la-vendimia-destacando-que-el-vino-de-las-piedras-es-sinonimo-de-felicidad","status":"publish","type":"post","link":"https:\/\/elvinodelaspiedras.es\/en\/comunicacion\/noticias\/javier-lamban-y-elvira-lindo-celebran-la-50a-fiesta-de-la-vendimia-destacando-que-el-vino-de-las-piedras-es-sinonimo-de-felicidad\/","title":{"rendered":"Javier Lamb\u00e1n y Elvira Lindo celebran la 50\u00aa fiesta de la vendimia destacando que el vino de las piedras es sin\u00f3nimo de \u201cfelicidad\u201d"},"content":{"rendered":"<p>Con una plaza engalanada con los nombres de los 14 municipios que integran la Denominaci\u00f3n de Origen Protegida Cari\u00f1ena, repleta de p\u00fablico, en una excelente ma\u00f1ana de agradable temperatura, y un gran escenario situado en la preciosa fachada renacentista del Ayuntamiento de la ciudad. As\u00ed arranc\u00f3 el acto central de la 50\u00aa edici\u00f3n de la Fiesta de la Vendimia, que marca el inicio de la cosecha en un territorio volcado en la producci\u00f3n vitivin\u00edcola.<\/p>\n<p>La quincuag\u00e9sima ha sido una edici\u00f3n muy especial porque, para empezar, es la primera que se celebra tras la reciente declaraci\u00f3n de Fiesta de Inter\u00e9s Tur\u00edstico de Arag\u00f3n por parte del Gobierno de Arag\u00f3n. Y el Ejecutivo ha estado precisamente representado al m\u00e1s alto nivel, por su presidente Javier Lamb\u00e1n, acompa\u00f1ado por dos consejeros: el responsable de Desarrollo Rural, Joaqu\u00edn Olona, y el de Vertebraci\u00f3n del Territorio, Jos\u00e9 Luis Soro, que tiene las competencias de Turismo y aprob\u00f3 por tanto la declaraci\u00f3n de la Fiesta el pasado mes de agosto.<\/p>\n<p>Esta 50\u00aa edici\u00f3n ha contado adem\u00e1s con una invitada de honor de excepci\u00f3n: la escritora y guionista Elvira Lindo, que ha emocionado a todos los presentes con una intervenci\u00f3n plagada de reflexiones y an\u00e9cdotas en torno al vino y narrada con la maestr\u00eda con la que ella cuenta sus historias de ficci\u00f3n.<\/p>\n<p>En el acto, el presidente de la Denominaci\u00f3n, Antonio Ubide, ha sorprendido al p\u00fablico con el anuncio de que se ha elaborado un manto para ser donado a la Virgen del Pilar -Cari\u00f1ena ser\u00e1 la primera Denominaci\u00f3n en hacerlo-, que se expondr\u00e1 en el Museo del Vino a lo largo de esta tarde. Se plantear\u00e1 al Cabildo, seg\u00fan ha explicado, que la patrona de la Hispanidad lo luzca todos los a\u00f1os el 14 de septiembre, &#8220;coincidiendo con el d\u00eda de la Cruz, en Honor a nuestro Santo Cristo de Santiago, receptor todos los a\u00f1os en nuestra fiesta de la ofrenda del primer mosto del a\u00f1o&#8221;.<\/p>\n<p>JAVIER LAMB\u00c1N: &#8220;EL BUEN TRABAJO DE CARI\u00d1ENA DEBER\u00cdA EXTENDERSE AL RESTO DE SECTORES AGROALIMENARIOS DE ARAG\u00d3N&#8221;<\/p>\n<p>El presidente de Arag\u00f3n Javier Lamb\u00e1n alab\u00f3 la labor de los viticultores y todos los trabajadores relacionados de forma de directa con el mundo del vino porque &#8220;tiene mucho m\u00e9rito mantener viva una fiesta como esta durante 50 ediciones, que no en vano ha merecido ser fiesta de inter\u00e9s tur\u00edstico&#8221;.<\/p>\n<p>&#8220;Cari\u00f1ena es una gran Denominaci\u00f3n -se\u00f1al\u00f3 el presidente- con un amplio reconocimiento en Espa\u00f1a y en el mundo&#8221;. Y aprovech\u00f3 el acto para anunciar que en junio de 2018, Zaragoza ser\u00e1 durante seis d\u00edas la sede del XII Congreso Internacional sobre los terroirs vit\u00edcolas. &#8220;Seguramente la reuni\u00f3n m\u00e1s importante que se celebra en el mundo relacionado con el vino que re\u00fane a en\u00f3logos y expertos relacionados con la producci\u00f3n del vino. Eso se debe a los m\u00e9ritos acumulados por ustedes y los diferentes productores de vino de Arag\u00f3n&#8221;.<\/p>\n<p>Lamb\u00e1n alab\u00f3 las cualidades del vino en general y de los caldos de Cari\u00f1ena en particular. &#8220;Me declaro propenso a un consumo sostenible del vino todos y cada uno de los d\u00edas de mi vida. Tras muchos a\u00f1os de consumo sostenible me declaro adicto al mismo. No solo produce efectos beneficiosos en quien lo consume sino tambi\u00e9n a los de su alrededor. Creo que el vino no solo produce felicidad propia sino que irradia felicidad general hasta el punto de que estoy convencido de que el atasco de la pol\u00edtica espa\u00f1ola se solucionar\u00eda si los l\u00edderes se reunieran en una mesa en torno a una buena botella y un buen vino de Cari\u00f1ena&#8221;<\/p>\n<p>El presidente hizo una declaraci\u00f3n de amor al vino, &#8220;radical, sentida y practicada todos los d\u00edas de mi vida&#8221;. En este sentido asegur\u00f3 que el trabajo de la DOP Cari\u00f1ena es ejemplar y aplicable como objetivo al resto de los sectores agroalimentarios aragoneses. El presidente aragon\u00e9s asegur\u00f3 que se trata de un sector clave del futuro de la econom\u00eda aragonesa. &#8220;Eso hay que conseguirlo innovando, perfeccionando la log\u00edstica y trabajando por la exportaci\u00f3n&#8221;. Asegur\u00f3 que\u00a0 la DOP Cari\u00f1ena puede ser puesta como ejemplo y referencia, y coment\u00f3 que cada vez que se re\u00fane con alg\u00fan representante de cualquier sector agroalimentario aragon\u00e9s les dice: &#8220;Miren como han hecho las cosas las gentes del campo de Cari\u00f1ena y sigan ese camino&#8221;.<\/p>\n<p>Lamb\u00e1n se refiri\u00f3 tambi\u00e9n a las peticiones expresadas del presidente de la DOP, Antonio Ubide de inversiones pendientes como la renovaci\u00f3n del museo del Vino &#8220;La verdad es que no est\u00e1 el horno para muchos bollos presupuestarios pero en la medida de nuestras posibilidades, porque ustedes realmente lo merecen, trataremos de secundar este tipo de peticiones, para hacerlas reales&#8221;.<\/p>\n<p>ELVIRA LINDO: &#8220;EL CONSUMO DE LOS VINOS ESPA\u00d1OLES SE HA MULTIPLICADO EN EEUU&#8221;<\/p>\n<p>Por su parte, la invitada de honor Elvira Lindo quiso comenzar su discurso acord\u00e1ndose y rindiendo un peque\u00f1o homenaje a todos aquellos implicados en los trabajos de campo necesarios para producir el vino: los trabajadores que son &#8220;hacedores de nuestra futura felicidad&#8221;.<\/p>\n<p>La escritora y columnista, tras vivir 11 a\u00f1os en Estados Unidos, destac\u00f3 como el consumo y la presencia de vinos espa\u00f1oles en ese pa\u00eds se hab\u00eda multiplicado. &#8220;Aun as\u00ed, nos falta todav\u00eda trabajar m\u00e1s en la promoci\u00f3n de algo en lo que podemos ser de veras competitivos&#8221;. Lo que queda ahora, seg\u00fan se expresaba Lindo, es exportar la forma espa\u00f1ola de disfrutar de esta bebida: &#8220;Les falta explicar c\u00f3mo se bebe, cu\u00e1l es la manera en que tenemos que consumirlo sin que nos tumbe. Me sorprendi\u00f3 que el vino se haya ido popularizando en Am\u00e9rica pero que se bebiera a palo seco y en soledad. Nosotros sabemos que el vino sienta bien si se acompa\u00f1a con una tapa o una buena comida, y todav\u00eda mejor si sirve como inspiraci\u00f3n de una buena tertulia&#8221;.<\/p>\n<p>Orgullosa por ser la encargada de inaugurar de forma oficial esta fiesta, Lindo afirm\u00f3 que su historia y relaci\u00f3n con el vino se remonta a cuando era una ni\u00f1a y ya su padre le transmiti\u00f3 esa pasi\u00f3n. Siempre hab\u00eda vino en su mesa y era la bebida de referencia que a diario consum\u00eda su padre. Su progenitor se encarg\u00f3 de educar el paladar de sus hijos a una edad temprana y pronto comenz\u00f3 a endulzar sus vasos de agua con un chorrito de vino. &#8220;As\u00ed nos acercamos nosotros al vino: ti\u00f1endo el agua o la casera. Hay que educar el gusto en los sabores diferentes para que luego no te conformes con cualquier cosa&#8221; asegur\u00f3 en un momento de su discurso Elvira Lindo. La escritora explic\u00f3 que su padre opinaba que merec\u00eda m\u00e1s que ella los honores o premios con los que se le ha galardonado, con el fin de recordarle de d\u00f3nde viene y por qu\u00e9 deb\u00eda estar agradecida a su familia.<\/p>\n<p>&#8220;Por encima de todos los premios, gratificaciones, honores que he recibido, mi padre pensar\u00eda, con much\u00edsima raz\u00f3n, que \u00e9l hab\u00eda hecho muchos m\u00e1s m\u00e9ritos en la vida para ser el pregonero de estas fiestas&#8221;, afirm\u00f3 Lindo. &#8220;Y yo le dir\u00eda, pap\u00e1, estar\u00e1s presente, porque cada vez que llevo un vino a los labios est\u00e1s presente en ese gesto que t\u00fa hac\u00edas los domingos cuando me echabas un chorrito en el vaso, que ven\u00eda a decir, cuidado, que esto hay que tomarlo despacio y con respeto. Ese gesto que ven\u00eda a decir que beber vino es algo importante, que te integra en los placeres de la vida adulta&#8221;.<\/p>\n<p>ANTONIO UBIDE: &#8220;ESTA EDICI\u00d3N DE LA FIESTA TIENE TODOS LOS INGREDIENTES PARA QUE SEA RECORDADA EN EL TRANSCURSO DE LOS TIEMPOS&#8221;<\/p>\n<p>Por su parte, el presidente de la D.O.P. Cari\u00f1ena, Antonio Ubide, destac\u00f3 el car\u00e1cter &#8220;especial&#8221; de la celebraci\u00f3n de hoy, que re\u00fane &#8220;todos los ingredientes para que sea recordada en el transcurso de los tiempos&#8221;. Agradeci\u00f3 a Elvira Lindo que aceptase la invitaci\u00f3n del Consejo Regulador y &#8220;viniese a dar mayor categor\u00eda, realce y transcendencia&#8221; a la 50\u00aa Fiesta de la Vendimia. De igual manera destac\u00f3 el reconocimiento como de Inter\u00e9s Tur\u00edstico de Arag\u00f3n por parte del Ejecutivo que preside Javier Lamb\u00e1n, al mismo tiempo que le agradec\u00eda su presencia en Cari\u00f1ena.<\/p>\n<p>Ubide reivindic\u00f3 &#8220;el entendimiento constante entre los administradores y los administrados&#8221;. En este sentido destac\u00f3 que &#8220;el sector del vino, como cualquier otro, ha de luchar y buscar cada d\u00eda la mayor competitividad y excelencia en su trabajo y producci\u00f3n diaria para poder conquistar los mercados y ser cada d\u00eda m\u00e1s rentable y autosuficiente, para que as\u00ed la poblaci\u00f3n se asiente en el medio rural. Mientras tanto, el sector pol\u00edtico ha de saber escuchar las demandas y necesidades reales con el fin de poder generar riqueza y contribuir al PIB auton\u00f3mico&#8221;.<\/p>\n<p>El presidente subray\u00f3 que la Denominaci\u00f3n tiene todav\u00eda otros &#8220;retos por explotar&#8221; y entre ellos indic\u00f3 que &#8220;el enoturismo puede ser pieza fundamental para diferentes colectivos de nuestro territorio&#8221;. A este respecto llam\u00f3 la atenci\u00f3n sobre el Museo del Vino, que &#8221; necesita una renovaci\u00f3n, una mejora y una actualizaci\u00f3n para que el n\u00famero de visitantes, aunque actualmente interesante, crezca de forma significativa y las instalaciones sean definitivamente una piedra angular de la Ruta enotur\u00edstica&#8221;.<\/p>\n<p>Ubide no dud\u00f3 en afirmar: &#8220;S\u00e9 que somos escuchados y que hay voluntad, pero este cincuenta aniversario ha de ser el del compromiso para que se convierta en otro hecho hist\u00f3rico de una efem\u00e9ride para el recuerdo&#8221;.<\/p>\n<p>SERGIO ORTIZ: &#8220;ESTAMOS TRABAJANDO CON MUCH\u00cdSIMA ILUSI\u00d3N CON EL CONSEJO REGULADOR&#8221;<\/p>\n<p>El alcalde Cari\u00f1ena y presidente de la Comarca Campo de Cari\u00f1ena, Sergio Ortiz, manifest\u00f3 de igual forma su satisfacci\u00f3n por lo logros conseguidos: &#8220;Estamos trabajando junto con el Consejo Regulador con much\u00edsima ilusi\u00f3n y creo que es algo que ya merec\u00eda esta fiesta tan tradicional y tan nuestra, esa declaraci\u00f3n de fiesta de inter\u00e9s tur\u00edstico aragon\u00e9s que hemos trabajado desde la Comarca Campo de Cari\u00f1ena junto con los 14 municipios que integran la Denominaci\u00f3n y el propio Consejo Regulador. Supone un reconocimiento, un distintivo de calidad y nos incita a trabajar con m\u00e1s ilusi\u00f3n si cabe en las pr\u00f3ximas ediciones de esta fiesta&#8221;.<\/p>\n<p>Adem\u00e1s de las intervenciones, el acto central de la Vendimia ha incluido la Exaltaci\u00f3n del Vino y, el momento cumbre, el encendido de la Fuente de la Mora. Este a\u00f1o han sido dos vecinos de Alfam\u00e9n, Aurelio y Pilar Valero, padre e hija, los encargados de pisar las uvas en la portadera para extraer el primer mosto del a\u00f1o, que posteriormente ha sido ofrecido al Santo Cristo de Santiago en su capilla.<\/p>\n<p>El acto institucional ha concluido con el encendido de la Fuente de la Mora, de la que a lo largo de la jornada brotar\u00e1n miles de litros de vino. La encargada de hacerlo ha sido Elvira Lindo, acompa\u00f1ada por Javier Lamb\u00e1n y Antonio Ubide.<\/p>\n<p>Posteriormente, la autora de novelas como &#8220;El otro barrio&#8221;, &#8220;Una palabra tuya&#8221; o &#8220;Lugares que no quiero compartir con nadie&#8221; ha plasmado sus manos en el Paseo de las Estrellas de Cari\u00f1ena, una iniciativa que se puso en marcha hace dos a\u00f1os y que ha tenido como protagonistas a otras personalidades del mundo de la cultura como David Trueba, Gabino Diego, Miguel \u00c1ngel Lamata o Paula Ortiz.<\/p>\n<p>Elvira Lindo, al igual que Javier Lamb\u00e1n y el consejero de Vertebraci\u00f3n Territorial de la DGA, Jos\u00e9 Luis Soro, han recibido la insignia de Oro de la Denominaci\u00f3n y han firmado en el Libro de Honor de la misma. Al acto tambi\u00e9n han asistido otras autoridades como el vicepresidente de la Diputaci\u00f3n de Zaragoza, Mart\u00edn Llanas, y el presidente de FEDIVALCA, \u00d3scar Lorente.<\/p>\n<p>La Fiesta de la Vendimia continuar\u00e1 por la tarde con numerosas actividades dirigidas a todo tipo de p\u00fablico. En la Plaza del Vino, centro neur\u00e1lgico de la fiesta, la plaza de Espa\u00f1a y en el Museo del Vino actuar\u00e1n m\u00fasicos aragoneses como la Big Band de Muel, Bufacalibos de Biella Nuei, el grupo de jotas &#8220;Carallana&#8221;, el cantautor Celino Gracia o Los Tres Norteamericanos. Habr\u00e1 tambi\u00e9n espect\u00e1culos infantiles y juveniles.<\/p>\n<p>El colof\u00f3n de esta 50\u00ba edici\u00f3n de la Fiesta de la Vendimia llegar\u00e1 a las 22 horas en las inmediaciones del campo de f\u00fatbol donde tendr\u00e1 lugar un espect\u00e1culo de Fuegos Artificiales.<\/p>\n<hr>\n<figure id=\"attachment_393\" aria-describedby=\"caption-attachment-393\" style=\"width: 300px\" class=\"wp-caption alignnone\"><a href=\"\/_archivos\/imagenes\/2988.jpg\" target=\"_blank\" rel=\"noopener noreferrer\"><img decoding=\"async\" class=\"size-medium\" src=\"\/_archivos\/imagenes\/300\/2988.jpg\" alt=\"DSC_0020\" title=\"DSC_0020\" width=\"300\" height=\"auto\" \/><\/a><figcaption id=\"caption-attachment-393\" class=\"wp-caption-text\"><a href=\"\/_archivos\/imagenes\/2988.jpg\" target=\"_blank\" rel=\"noopener noreferrer\">Descargar imagen<\/a><\/figcaption><\/figure>\n","protected":false},"excerpt":{"rendered":"<p>Con una plaza engalanada con los nombres de los 14 municipios que integran la Denominaci\u00f3n de Origen Protegida Cari\u00f1ena, repleta de p\u00fablico, en una excelente ma\u00f1ana de agradable temperatura, y un gran escenario situado en la preciosa fachada renacentista del Ayuntamiento de la ciudad. As\u00ed arranc\u00f3 el acto central de la 50\u00aa edici\u00f3n de la &hellip;<\/p>\n","protected":false},"author":6,"featured_media":3936,"comment_status":"closed","ping_status":"closed","sticky":false,"template":"","format":"standard","meta":{"_genesis_hide_title":false,"_genesis_hide_breadcrumbs":false,"_genesis_hide_singular_image":false,"_genesis_hide_footer_widgets":false,"_genesis_custom_body_class":"","_genesis_custom_post_class":"","_genesis_layout":"","ngg_post_thumbnail":0,"footnotes":""},"categories":[1],"tags":[],"class_list":{"0":"post-4199","1":"post","2":"type-post","3":"status-publish","4":"format-standard","5":"has-post-thumbnail","7":"category-noticias","8":"entry"},"_links":{"self":[{"href":"https:\/\/elvinodelaspiedras.es\/en\/wp-json\/wp\/v2\/posts\/4199"}],"collection":[{"href":"https:\/\/elvinodelaspiedras.es\/en\/wp-json\/wp\/v2\/posts"}],"about":[{"href":"https:\/\/elvinodelaspiedras.es\/en\/wp-json\/wp\/v2\/types\/post"}],"author":[{"embeddable":true,"href":"https:\/\/elvinodelaspiedras.es\/en\/wp-json\/wp\/v2\/users\/6"}],"replies":[{"embeddable":true,"href":"https:\/\/elvinodelaspiedras.es\/en\/wp-json\/wp\/v2\/comments?post=4199"}],"version-history":[{"count":2,"href":"https:\/\/elvinodelaspiedras.es\/en\/wp-json\/wp\/v2\/posts\/4199\/revisions"}],"predecessor-version":[{"id":5932,"href":"https:\/\/elvinodelaspiedras.es\/en\/wp-json\/wp\/v2\/posts\/4199\/revisions\/5932"}],"wp:featuredmedia":[{"embeddable":true,"href":"https:\/\/elvinodelaspiedras.es\/en\/wp-json\/wp\/v2\/media\/3936"}],"wp:attachment":[{"href":"https:\/\/elvinodelaspiedras.es\/en\/wp-json\/wp\/v2\/media?parent=4199"}],"wp:term":[{"taxonomy":"category","embeddable":true,"href":"https:\/\/elvinodelaspiedras.es\/en\/wp-json\/wp\/v2\/categories?post=4199"},{"taxonomy":"post_tag","embeddable":true,"href":"https:\/\/elvinodelaspiedras.es\/en\/wp-json\/wp\/v2\/tags?post=4199"}],"curies":[{"name":"wp","href":"https:\/\/api.w.org\/{rel}","templated":true}]}}