{"id":4200,"date":"2016-10-04T00:00:00","date_gmt":"2016-10-04T00:00:00","guid":{"rendered":"http:\/\/elvinodelaspiedras.local\/radio-marca-realiza-este-miercoles-el-programa-nacional-intermedio-en-directo-desde-el-museo-del-vino\/"},"modified":"2020-11-13T12:29:31","modified_gmt":"2020-11-13T12:29:31","slug":"radio-marca-realiza-este-miercoles-el-programa-nacional-intermedio-en-directo-desde-el-museo-del-vino","status":"publish","type":"post","link":"https:\/\/elvinodelaspiedras.es\/en\/comunicacion\/noticias\/radio-marca-realiza-este-miercoles-el-programa-nacional-intermedio-en-directo-desde-el-museo-del-vino\/","title":{"rendered":"Radio Marca ha realizado el programa nacional \u201cintermedio\u201d en directo desde el museo del vino"},"content":{"rendered":"<p>&#8220;Intermedio&#8221;, uno de los programas estrella de la emisora nacional Radio Marca, se ha emitido este mi\u00e9rcoles en directo desde el Museo del Vino de la Denominaci\u00f3n de Origen Protegida Cari\u00f1ena. Hasta la localidad zaragozana se desplaz\u00f3 el director del programa y de la cadena, Paco Garc\u00eda Caridad, junto a algunos de los famosos contertulios que participan habitualmente en el mismo, entre ellos Roberto G\u00f3mez y Alfredo Duro.<\/p>\n<p>El an\u00e1lisis del importante partido Italia-Espa\u00f1a de este jueves, de clasificaci\u00f3n para el Mundial de f\u00fatbol que se disputar\u00e1 en Rusia en 2018, ha centrado buena parte de la informaci\u00f3n y de los comentarios. Durante las tres horas que se han realizado en directo desde Cari\u00f1ena, se ha analizado tambi\u00e9n el resto de la actualidad deportiva y, por supuesto, se ha brindado con El Vino de las Piedras.<\/p>\n<hr>\n<figure id=\"attachment_394\" aria-describedby=\"caption-attachment-394\" style=\"width: 300px\" class=\"wp-caption alignnone\"><a href=\"\/_archivos\/imagenes\/2991.jpg\" target=\"_blank\" rel=\"noopener noreferrer\"><img decoding=\"async\" class=\"size-medium\" src=\"\/_archivos\/imagenes\/300\/2991.jpg\" alt=\"radio marca\" title=\"radio marca\" width=\"300\" height=\"auto\" \/><\/a><figcaption id=\"caption-attachment-394\" class=\"wp-caption-text\"><a href=\"\/_archivos\/imagenes\/2991.jpg\" target=\"_blank\" rel=\"noopener noreferrer\">Descargar imagen<\/a><\/figcaption><\/figure>\n","protected":false},"excerpt":{"rendered":"<p>&#8220;Intermedio&#8221;, uno de los programas estrella de la emisora nacional Radio Marca, se ha emitido este mi\u00e9rcoles en directo desde el Museo del Vino de la Denominaci\u00f3n de Origen Protegida Cari\u00f1ena. Hasta la localidad zaragozana se desplaz\u00f3 el director del programa y de la cadena, Paco Garc\u00eda Caridad, junto a algunos de los famosos contertulios &hellip;<\/p>\n","protected":false},"author":6,"featured_media":3938,"comment_status":"closed","ping_status":"closed","sticky":false,"template":"","format":"standard","meta":{"_genesis_hide_title":false,"_genesis_hide_breadcrumbs":false,"_genesis_hide_singular_image":false,"_genesis_hide_footer_widgets":false,"_genesis_custom_body_class":"","_genesis_custom_post_class":"","_genesis_layout":"","ngg_post_thumbnail":0,"footnotes":""},"categories":[1],"tags":[],"class_list":{"0":"post-4200","1":"post","2":"type-post","3":"status-publish","4":"format-standard","5":"has-post-thumbnail","7":"category-noticias","8":"entry"},"_links":{"self":[{"href":"https:\/\/elvinodelaspiedras.es\/en\/wp-json\/wp\/v2\/posts\/4200"}],"collection":[{"href":"https:\/\/elvinodelaspiedras.es\/en\/wp-json\/wp\/v2\/posts"}],"about":[{"href":"https:\/\/elvinodelaspiedras.es\/en\/wp-json\/wp\/v2\/types\/post"}],"author":[{"embeddable":true,"href":"https:\/\/elvinodelaspiedras.es\/en\/wp-json\/wp\/v2\/users\/6"}],"replies":[{"embeddable":true,"href":"https:\/\/elvinodelaspiedras.es\/en\/wp-json\/wp\/v2\/comments?post=4200"}],"version-history":[{"count":2,"href":"https:\/\/elvinodelaspiedras.es\/en\/wp-json\/wp\/v2\/posts\/4200\/revisions"}],"predecessor-version":[{"id":5931,"href":"https:\/\/elvinodelaspiedras.es\/en\/wp-json\/wp\/v2\/posts\/4200\/revisions\/5931"}],"wp:featuredmedia":[{"embeddable":true,"href":"https:\/\/elvinodelaspiedras.es\/en\/wp-json\/wp\/v2\/media\/3938"}],"wp:attachment":[{"href":"https:\/\/elvinodelaspiedras.es\/en\/wp-json\/wp\/v2\/media?parent=4200"}],"wp:term":[{"taxonomy":"category","embeddable":true,"href":"https:\/\/elvinodelaspiedras.es\/en\/wp-json\/wp\/v2\/categories?post=4200"},{"taxonomy":"post_tag","embeddable":true,"href":"https:\/\/elvinodelaspiedras.es\/en\/wp-json\/wp\/v2\/tags?post=4200"}],"curies":[{"name":"wp","href":"https:\/\/api.w.org\/{rel}","templated":true}]}}