{"id":4201,"date":"2016-10-25T00:00:00","date_gmt":"2016-10-25T00:00:00","guid":{"rendered":"http:\/\/elvinodelaspiedras.local\/movimiento-vino-do-lanza-un-concurso-de-microrrelatos\/"},"modified":"2020-11-13T12:29:31","modified_gmt":"2020-11-13T12:29:31","slug":"movimiento-vino-do-lanza-un-concurso-de-microrrelatos","status":"publish","type":"post","link":"https:\/\/elvinodelaspiedras.es\/en\/comunicacion\/noticias\/movimiento-vino-do-lanza-un-concurso-de-microrrelatos\/","title":{"rendered":"Movimiento vino D.O. lanza un concurso de microrrelatos"},"content":{"rendered":"<p>La asociaci\u00f3n para la promoci\u00f3n de las Denominaciones del Vino de Espa\u00f1a, Movimiento del Vino D.O., ha convocado la Primera Edici\u00f3n del Concurso Microrrelatos Movimiento del Vino D.O. La historia que cuente el relato tiene que combinar tres palabras: origen, calidad y Vino D.O. Su extensi\u00f3n tendr\u00e1 que ser de 200 palabras como m\u00e1ximo.<\/p>\n<p>Los trabajos se podr\u00e1n enviar a partir del mi\u00e9rcoles 26 de octubre mediante la aplicaci\u00f3n en Facebook de Movimiento Vino D.O. o a trav\u00e9s del Email: <a href=\"mailto:relatos@movimientovinodo.es\">relatos@movimientovinodo.es<\/a>.\u00a0 Es muy importante indicar los datos personales as\u00ed como el t\u00edtulo del microrrelato. El plazo para presentar las historias finaliza el 30 de noviembre.<\/p>\n<p>El ganador del concurso se har\u00e1 con 6 botellas de vino, un E-book y un libro de Moderna de Pueblo. Adem\u00e1s tambi\u00e9n habr\u00e1 premio para el segundo y tercer clasificado. Los ganadores se anunciar\u00e1n v\u00eda Facebook el 20 de diciembre.<\/p>\n<p><a href=\"http:\/\/www.movimientovinodo.es\/concurso-microrrelatos-movimiento-vino-d-o\/\/\/\/\/\/\" target=\"_blank\" rel=\"noopener noreferrer\">Tienes toda la informaci\u00f3n en la p\u00e1gina web de Movimiento Vino D.O.<\/a><\/p>\n<hr>\n","protected":false},"excerpt":{"rendered":"<p>La asociaci\u00f3n para la promoci\u00f3n de las Denominaciones del Vino de Espa\u00f1a, Movimiento del Vino D.O., ha convocado la Primera Edici\u00f3n del Concurso Microrrelatos Movimiento del Vino D.O. La historia que cuente el relato tiene que combinar tres palabras: origen, calidad y Vino D.O. Su extensi\u00f3n tendr\u00e1 que ser de 200 palabras como m\u00e1ximo. Los &hellip;<\/p>\n","protected":false},"author":6,"featured_media":0,"comment_status":"closed","ping_status":"closed","sticky":false,"template":"","format":"standard","meta":{"_genesis_hide_title":false,"_genesis_hide_breadcrumbs":false,"_genesis_hide_singular_image":false,"_genesis_hide_footer_widgets":false,"_genesis_custom_body_class":"","_genesis_custom_post_class":"","_genesis_layout":"","ngg_post_thumbnail":0,"footnotes":""},"categories":[1],"tags":[],"class_list":{"0":"post-4201","1":"post","2":"type-post","3":"status-publish","4":"format-standard","6":"category-noticias","7":"entry"},"_links":{"self":[{"href":"https:\/\/elvinodelaspiedras.es\/en\/wp-json\/wp\/v2\/posts\/4201"}],"collection":[{"href":"https:\/\/elvinodelaspiedras.es\/en\/wp-json\/wp\/v2\/posts"}],"about":[{"href":"https:\/\/elvinodelaspiedras.es\/en\/wp-json\/wp\/v2\/types\/post"}],"author":[{"embeddable":true,"href":"https:\/\/elvinodelaspiedras.es\/en\/wp-json\/wp\/v2\/users\/6"}],"replies":[{"embeddable":true,"href":"https:\/\/elvinodelaspiedras.es\/en\/wp-json\/wp\/v2\/comments?post=4201"}],"version-history":[{"count":1,"href":"https:\/\/elvinodelaspiedras.es\/en\/wp-json\/wp\/v2\/posts\/4201\/revisions"}],"predecessor-version":[{"id":5930,"href":"https:\/\/elvinodelaspiedras.es\/en\/wp-json\/wp\/v2\/posts\/4201\/revisions\/5930"}],"wp:attachment":[{"href":"https:\/\/elvinodelaspiedras.es\/en\/wp-json\/wp\/v2\/media?parent=4201"}],"wp:term":[{"taxonomy":"category","embeddable":true,"href":"https:\/\/elvinodelaspiedras.es\/en\/wp-json\/wp\/v2\/categories?post=4201"},{"taxonomy":"post_tag","embeddable":true,"href":"https:\/\/elvinodelaspiedras.es\/en\/wp-json\/wp\/v2\/tags?post=4201"}],"curies":[{"name":"wp","href":"https:\/\/api.w.org\/{rel}","templated":true}]}}