{"id":4202,"date":"2016-10-28T00:00:00","date_gmt":"2016-10-28T00:00:00","guid":{"rendered":"http:\/\/elvinodelaspiedras.local\/grandes-vinos-adquiere-bodegas-sierra-de-guara\/"},"modified":"2020-11-13T12:29:31","modified_gmt":"2020-11-13T12:29:31","slug":"grandes-vinos-adquiere-bodegas-sierra-de-guara","status":"publish","type":"post","link":"https:\/\/elvinodelaspiedras.es\/en\/comunicacion\/noticias\/grandes-vinos-adquiere-bodegas-sierra-de-guara\/","title":{"rendered":"Grandes Vinos adquiere Bodegas Sierra de Guara"},"content":{"rendered":"<p><strong>Grandes Vinos<\/strong>, Bodega l\u00edder de la renovada D.O.P Cari\u00f1ena, de la que representa el 35%, siguiendo su <strong>compromiso con Arag\u00f3n<\/strong> y con la mejora continua en la elaboraci\u00f3n de sus vinos, ha <strong>adquirido Bodegas Sierra de Guara<\/strong>, con el objetivo de <strong>satisfacer a sus clientes<\/strong>, complementando su ofertaen los m\u00e1s de 40 pa\u00edses donde ya est\u00e1n presentes sus marcas comerciales. <\/p>\n<p>Curiosamente ambas empresas nacieron en 1997, y en el caso de Bodegas Sierra de Guara, ha sido la ilusi\u00f3n, esfuerzo de <strong>Miguel Mort<\/strong>, la que ha llevado a sus dos marcas principales <strong>Idrias y Evohe<\/strong> a posicionarse como marcas de reconocido prestigio, no solo en el mercado nacional sino tambi\u00e9n en el internacional. <\/p>\n<p>Camino de su veinte aniversario, Miguel Mort ha decidido poner en manos de Grandes Vinos su proyecto para que <strong>siga creciendo y se consolide<\/strong> como una bodega de referencia por la calidad de sus vinos y por su enclave privilegiado en las faldas de la Sierra de Guara.<\/p>\n<p><strong>Grandes Vinos<\/strong>, ha contribuido de manera clara y decisiva, junto con el resto de bodegas de la <strong>D.O.P. Cari\u00f1ena<\/strong> a posicionarla en el lugar dulce que en la actualidad ocupa, con el reconocimiento a la calidad de sus vinos conquistado, tanto por parte de consumidores nacionales, a trav\u00e9s de exitosas y variadas acciones enmarcadas bajo la campa\u00f1a <strong>\u201cEl Vino de las Piedras\u201d,<\/strong> como internacionales, con distintos programas de promoci\u00f3n en pa\u00edses estrat\u00e9gicos, destacando el que se est\u00e1 llevando a cabo en Estados Unidos \u201c<strong>The NEXT GREAT GRAPE: Garnacha from Cari\u00f1ena\u201d.<\/strong><\/p>\n<p>Paralelamente a la adquisici\u00f3n, Grandes Vinos ha llevado a cabo su primera decisi\u00f3n estrat\u00e9gica, volver a inscribir a la Bodega bajo el amparo de la <strong>Denominaci\u00f3n de Origen Somontano, <\/strong>con el \u00e1nimo de seguir colaborando con el buen hacer de esta <strong>Denominaci\u00f3n <\/strong>y consolidar su prestigio y reconocimiento a la calidad de sus caldos.<\/p>\n<p>Este aspecto, unido a la herencia adquirida del <strong>trabajo bien hecho<\/strong> y el sello de <strong>vinos org\u00e1nicos<\/strong> obtenidos recientemente por la Bodega oscense hace que Grandes Vinos apueste decididamente por este nuevo e ilusionante proyecto.<\/p>\n<p>Las casi<strong> 60 hect\u00e1reas de vi\u00f1edo<\/strong> con las que cuenta la bodega a los pies de la Sierra de Guara, suponen el nuevo reto que Marcelo Morales, Director T\u00e9cnico En\u00f3logo de Grandes Vinos y su equipo afrontan con la mayor de las ilusiones, y todo su <strong>saber hacer,<\/strong> as\u00ed como el del resto de departamentos, principalmente comercial y marketing que se volcar\u00e1n en <strong>consolidar e impulsar<\/strong> la reputaci\u00f3n y ventas de las marcas de la Bodega.<\/p>\n<p>Con esta adquisici\u00f3n Grandes Vinos continua la ruta marcada por su vigente <strong>Plan Estrat\u00e9gico<\/strong>, donde su visi\u00f3n la sit\u00faa en el corto\/medio plazo como una <strong>Bodega de referencia del panorama vitivin\u00edcola nacional e internacional<\/strong> por su crecimiento y rentabilidad, reconocida por su innovaci\u00f3n, calidad, competitividad y servicio y con un posicionamiento creciente de sus marcas comerciales en los mercados. <\/p>\n<p>Desde Grandes Vinos se considera la <strong>dimensi\u00f3n,<\/strong> un factor determinante para alcanzar su visi\u00f3n, y es por ello que hace a\u00f1os comenz\u00f3 ese camino de <strong>colaboraci\u00f3n y alianzas con distintas bodegas de otras Denominaciones de Origen, siempre aragonesas<\/strong>, convencidos de las grandes posibilidades de los vinos que se elaboran en esta Comunidad Aut\u00f3noma, y que con esta adquisici\u00f3n, da un paso m\u00e1s decidido, si cabe, en esta senda, para que los vinos aragoneses, no s\u00f3lo puedan ser disfrutados en Arag\u00f3n, sino tambi\u00e9n en el resto del mundo.<\/p>\n<hr>\n<figure id=\"attachment_397\" aria-describedby=\"caption-attachment-397\" style=\"width: 300px\" class=\"wp-caption alignnone\"><a href=\"\/_archivos\/imagenes\/2993.jpg\" target=\"_blank\" rel=\"noopener noreferrer\"><img decoding=\"async\" class=\"size-medium\" src=\"\/_archivos\/imagenes\/300\/2993.jpg\" alt=\"sierra de guara\" title=\"sierra de guara\" width=\"300\" height=\"auto\" \/><\/a><figcaption id=\"caption-attachment-397\" class=\"wp-caption-text\"><a href=\"\/_archivos\/imagenes\/2993.jpg\" target=\"_blank\" rel=\"noopener noreferrer\">Descargar imagen<\/a><\/figcaption><\/figure>\n","protected":false},"excerpt":{"rendered":"<p>Grandes Vinos, Bodega l\u00edder de la renovada D.O.P Cari\u00f1ena, de la que representa el 35%, siguiendo su compromiso con Arag\u00f3n y con la mejora continua en la elaboraci\u00f3n de sus vinos, ha adquirido Bodegas Sierra de Guara, con el objetivo de satisfacer a sus clientes, complementando su ofertaen los m\u00e1s de 40 pa\u00edses donde ya &hellip;<\/p>\n","protected":false},"author":6,"featured_media":3943,"comment_status":"closed","ping_status":"closed","sticky":false,"template":"","format":"standard","meta":{"_genesis_hide_title":false,"_genesis_hide_breadcrumbs":false,"_genesis_hide_singular_image":false,"_genesis_hide_footer_widgets":false,"_genesis_custom_body_class":"","_genesis_custom_post_class":"","_genesis_layout":"","ngg_post_thumbnail":0,"footnotes":""},"categories":[1],"tags":[],"class_list":{"0":"post-4202","1":"post","2":"type-post","3":"status-publish","4":"format-standard","5":"has-post-thumbnail","7":"category-noticias","8":"entry"},"_links":{"self":[{"href":"https:\/\/elvinodelaspiedras.es\/en\/wp-json\/wp\/v2\/posts\/4202"}],"collection":[{"href":"https:\/\/elvinodelaspiedras.es\/en\/wp-json\/wp\/v2\/posts"}],"about":[{"href":"https:\/\/elvinodelaspiedras.es\/en\/wp-json\/wp\/v2\/types\/post"}],"author":[{"embeddable":true,"href":"https:\/\/elvinodelaspiedras.es\/en\/wp-json\/wp\/v2\/users\/6"}],"replies":[{"embeddable":true,"href":"https:\/\/elvinodelaspiedras.es\/en\/wp-json\/wp\/v2\/comments?post=4202"}],"version-history":[{"count":2,"href":"https:\/\/elvinodelaspiedras.es\/en\/wp-json\/wp\/v2\/posts\/4202\/revisions"}],"predecessor-version":[{"id":5929,"href":"https:\/\/elvinodelaspiedras.es\/en\/wp-json\/wp\/v2\/posts\/4202\/revisions\/5929"}],"wp:featuredmedia":[{"embeddable":true,"href":"https:\/\/elvinodelaspiedras.es\/en\/wp-json\/wp\/v2\/media\/3943"}],"wp:attachment":[{"href":"https:\/\/elvinodelaspiedras.es\/en\/wp-json\/wp\/v2\/media?parent=4202"}],"wp:term":[{"taxonomy":"category","embeddable":true,"href":"https:\/\/elvinodelaspiedras.es\/en\/wp-json\/wp\/v2\/categories?post=4202"},{"taxonomy":"post_tag","embeddable":true,"href":"https:\/\/elvinodelaspiedras.es\/en\/wp-json\/wp\/v2\/tags?post=4202"}],"curies":[{"name":"wp","href":"https:\/\/api.w.org\/{rel}","templated":true}]}}