{"id":4204,"date":"2016-11-23T00:00:00","date_gmt":"2016-11-23T00:00:00","guid":{"rendered":"http:\/\/elvinodelaspiedras.local\/la-dop-carinena-donara-la-semana-que-viene-un-manto-a-la-virgen-del-pilar-y-ampliara-con-el-actor-eduardo-noriega-su-paseo-de-las-estrellas\/"},"modified":"2020-11-13T12:29:31","modified_gmt":"2020-11-13T12:29:31","slug":"la-dop-carinena-donara-la-semana-que-viene-un-manto-a-la-virgen-del-pilar-y-ampliara-con-el-actor-eduardo-noriega-su-paseo-de-las-estrellas","status":"publish","type":"post","link":"https:\/\/elvinodelaspiedras.es\/en\/comunicacion\/noticias\/la-dop-carinena-donara-la-semana-que-viene-un-manto-a-la-virgen-del-pilar-y-ampliara-con-el-actor-eduardo-noriega-su-paseo-de-las-estrellas\/","title":{"rendered":"La D.O.P. Cari\u00f1ena donar\u00e1 la semana que viene un manto a la Virgen del Pilar y ampliar\u00e1 con el actor eduardo noriega su paseo de las estrellas"},"content":{"rendered":"<p>El presidente de la D.O.P. Cari\u00f1ena, <strong>Antonio Ubide<\/strong>, entregar\u00e1 este jueves, 1 de diciembre, a las 17,45 horas un manto de color rosa lila con el <strong>logotipo de la Denominaci\u00f3n de Origen Protegida Cari\u00f1ena, <\/strong>bordado en oro, al <strong>Cabildo Metropolitano<\/strong> que rige la <strong>Bas\u00edlica del Pilar<\/strong>. De esta forma, Cari\u00f1ena se convertir\u00e1 en la primera denominaci\u00f3n de origen de Espa\u00f1a en realizar esta ofrenda a la <strong>Patrona de la Hispanidad,<\/strong> que lo lucir\u00e1 en principio cada a\u00f1o en su columna el d\u00eda 13 de septiembre, la v\u00edspera de la <strong>festividad del Santo Cristo de Santiago<\/strong>, patr\u00f3n de Cari\u00f1ena a quien se ofrece el primer mosto del a\u00f1o en la tradicional Fiesta de la Vendimia. Esta es la petici\u00f3n que ha efectuado el Consejo Regulador al Cabildo.<\/p>\n<p>En el acto del jueves est\u00e1n invitados todos los miembros que componen el <strong>pleno del Consejo Regulador, <\/strong>representantes de<strong> sus 34 bodegas<\/strong> y <strong>de los 14 ayuntamientos<\/strong> que integran la Denominaci\u00f3n. Estos a su vez han trasladado la invitaci\u00f3n a trav\u00e9s de bandos a sus <strong>respectivos<\/strong> <strong>vecinos, <\/strong>para que acudan tambi\u00e9n a la Bas\u00edlica del Pilar y participen como p\u00fablico en<strong> el destacado acto<\/strong>.<\/p>\n<p>La confecci\u00f3n y donaci\u00f3n de la pieza a la Virgen de la Pilar se dio a conocer durante la pasada <strong>Fiesta de la Vendimia, celebrada el pasado 25 de septiembre. <\/strong>Visitantes y vecinos de Cari\u00f1ena y de los otros municipios pudieron contemplar ese d\u00eda el manto, que permaneci\u00f3 expuesto en la sede del Consejo Regulador. \u201cLa <strong>Virgen del Pilar<\/strong> es, adem\u00e1s de <strong>la patrona de Arag\u00f3n y de la Hispanidad<\/strong>, un s\u00edmbolo de uni\u00f3n y respeto para todos\u201d, destac\u00f3 Ubide al anunciar en el acto institucional de la Fiesta de la Vendimia la iniciativa, que fue acogida con <strong>grandes aplausos<\/strong>.<\/p>\n<p>El manto ha sido elaborado por <strong>Olga Velilla<\/strong>, propietaria del comercio zaragozano &#8220;Bordados Olga&#8221;, que acumula una <strong>gran experiencia<\/strong> en este tipo de trabajos ya que ha realizado <strong>un total de 64 para la Virgen del Pilar<\/strong>.<\/p>\n<p><strong>EDUARDO NORIEGA, NUEVA ESTRELLA DEL PASEO<\/strong><\/p>\n<p>Por otro lado, el\u00a0<strong>Paseo de las Estrellas de la Denominaci\u00f3n de Origen Protegida, <\/strong>que emula el famoso bulevar hollywoodiense, sumar\u00e1 la semana que viene una nueva celebridad. Este\u00a0<strong>s\u00e1bado 3 de diciembre, a las 13,00 horas, el actor Eduardo Noriega<\/strong><strong>plasmar\u00e1 sus manos en la hoja de vid<\/strong> de cemento blando que, tras secarse y ser cubierta con un cristal, se sumar\u00e1 a las del resto de personalidades que ya luce el Paseo. Esta iniciativa\u00a0\u00a0se ha convertido en todo\u00a0<strong>un motivo de satisfacci\u00f3n<\/strong> para los habitantes de la Denominaci\u00f3n Cari\u00f1ena y en un\u00a0<strong>reclamo tur\u00edstico<\/strong> para los visitantes que pueden observar la impronta de personajes destacados del \u00e1mbito de la cultura.<\/p>\n<p>La imposici\u00f3n de manos de Noriega tendr\u00e1 lugar\u00a0<strong>al comienzo del paseo de la localidad zaragozana<\/strong>, donde ya lo hicieron anteriormente el director de cine y escritor\u00a0<strong>David Trueba<\/strong>-que lo inaugur\u00f3, como invitado de honor de la Fiesta de la Vendimia, en septiembre de 2014-, el actor\u00a0<strong>Gabino Diego<\/strong>, la escritora\u00a0<strong>Elvira Lindo<\/strong>, la directora aragonesa\u00a0<strong>Paula Ortiz<\/strong> y el director aragon\u00e9s\u00a0<strong>Miguel \u00c1ngel Lamata, <\/strong>que acompa\u00f1ar\u00e1 a Noriega durante el acto.<\/p>\n<p>Noriega y Lamata han trabajado recientemente en la \u00faltima pel\u00edcula del director aragon\u00e9s,<strong>&#8220;Nuestros Amantes&#8221;.<\/strong> Un filme en el que la D.O.P. Cari\u00f1ena tiene protagonismo ya que, en varias de sus escenas, se puede ver a los personajes bebiendo\u00a0<strong>El Vino de las Piedras<\/strong>. Adem\u00e1s, el Paseo de las Estrellas ya cuenta con las huellas de su director y con las de otro actor destacado de la pel\u00edcula,\u00a0<strong>Gabino Diego<\/strong>.<\/p>\n<p>Al acto acudir\u00e1 el pleno del\u00a0<strong>Consejo Regulador<\/strong>, representantes de las\u00a0<strong>35 bodegas<\/strong> que integran la D.O.P.,\u00a0<strong>alcaldes<\/strong> de los municipios y\u00a0<strong>p\u00fablico<\/strong> en general. Previamente, el actor firmar\u00e1 en el\u00a0<strong>Libro de Honor<\/strong> de la Denominaci\u00f3n.<\/p>\n<p><strong>EDUARDO NORIEGA, RECONOCIDO ACTOR<\/strong><\/p>\n<p>El actor\u00a0<strong>Eduardo Noriega<\/strong> naci\u00f3 en\u00a0<strong>Santander<\/strong> en 1973. En 1990 comenz\u00f3 sus estudios y carrera como int\u00e9rprete. Cuatro a\u00f1os m\u00e1s tarde particip\u00f3 en su primera pel\u00edcula:\u00a0<strong>&#8220;Historias del Kronen&#8221;<\/strong>, de Montxo Armend\u00e1riz. Tras sus actuaciones en las primeras pel\u00edculas de Alejandro Amen\u00e1bar,\u00a0<strong>&#8220;Tesis&#8221; y &#8220;Abre los ojos&#8221;<\/strong> \u2013 que le vali\u00f3 una nominaci\u00f3n al\u00a0<strong>Premio Goya<\/strong>\u2013,\u00a0\u00a0comenz\u00f3 a ser reconocido por el gran p\u00fablico. En 2005 volvi\u00f3 a ser nominado al Premio Goya en la categor\u00eda de mejor actor protagonista, por su trabajo en\u00a0<strong>&#8220;Lobo&#8221;<\/strong>.<\/p>\n<p>Eduardo Noriega llega a Cari\u00f1ena justo despu\u00e9s de haber finalizado el rodaje de<strong>&#8220;Perfectos Desconocidos&#8221;<\/strong>, el nuevo largometraje de\u00a0<strong>Alex de la Iglesia<\/strong>. Adem\u00e1s en junio estren\u00f3 la pel\u00edcula\u00a0<strong>&#8220;Nuestros Amantes&#8221;, del director aragon\u00e9s Miguel \u00c1ngel Lamata<\/strong>. Un filme que fue rodado exclusivamente en localizaciones de las tres provincias aragonesas. Es una moderna\u00a0<strong>comedia rom\u00e1ntica<\/strong> en la que el actor santanderino se pone en la piel de Carlos, un guionista cinematogr\u00e1fico que se siente frustrado profesionalmente.<\/p>\n<p>Noriega cuenta con una dilatada trayectoria en el mundo de la interpretaci\u00f3n donde\u00a0<strong>ha participado en m\u00e1s de 30 pel\u00edculas<\/strong> nacionales e internacionales, como\u00a0<strong>&#8220;Blackthorn&#8221;, &#8220;Transsiberian&#8221; o &#8220;En el punto de mira&#8221;.<\/strong> Actualmente es uno de los protagonistas de la<strong>serie &#8220;La Sonata del Silencio&#8221;,<\/strong> que se emite en\u00a0<strong>Televisi\u00f3n Espa\u00f1ola.<\/strong><\/p>\n<hr>\n<figure id=\"attachment_399\" aria-describedby=\"caption-attachment-399\" style=\"width: 300px\" class=\"wp-caption alignnone\"><a href=\"\/_archivos\/imagenes\/2998.jpg\" target=\"_blank\" rel=\"noopener noreferrer\"><img decoding=\"async\" class=\"size-medium\" src=\"\/_archivos\/imagenes\/300\/2998.jpg\" alt=\"manto web cari\u00f1ena\" title=\"manto web cari\u00f1ena\" width=\"300\" height=\"auto\" \/><\/a><figcaption id=\"caption-attachment-399\" class=\"wp-caption-text\"><a href=\"\/_archivos\/imagenes\/2998.jpg\" target=\"_blank\" rel=\"noopener noreferrer\">Descargar imagen<\/a><\/figcaption><\/figure>\n<figure id=\"attachment_399\" aria-describedby=\"caption-attachment-399\" style=\"width: 300px\" class=\"wp-caption alignnone\"><a href=\"\/_archivos\/imagenes\/2999.jpg\" target=\"_blank\" rel=\"noopener noreferrer\"><img decoding=\"async\" class=\"size-medium\" src=\"\/_archivos\/imagenes\/300\/2999.jpg\" alt=\"Eduardo Noriega\" title=\"Eduardo Noriega\" width=\"300\" height=\"auto\" \/><\/a><figcaption id=\"caption-attachment-399\" class=\"wp-caption-text\"><a href=\"\/_archivos\/imagenes\/2999.jpg\" target=\"_blank\" rel=\"noopener noreferrer\">Descargar imagen<\/a><\/figcaption><\/figure>\n<figure id=\"attachment_399\" aria-describedby=\"caption-attachment-399\" style=\"width: 300px\" class=\"wp-caption alignnone\"><a href=\"\/_archivos\/imagenes\/3000.jpg\" target=\"_blank\" rel=\"noopener noreferrer\"><img decoding=\"async\" class=\"size-medium\" src=\"\/_archivos\/imagenes\/300\/3000.jpg\" alt=\"Manto DOP Cari\u00f1ena\" title=\"Manto DOP Cari\u00f1ena\" width=\"300\" height=\"auto\" \/><\/a><figcaption id=\"caption-attachment-399\" class=\"wp-caption-text\"><a href=\"\/_archivos\/imagenes\/3000.jpg\" target=\"_blank\" rel=\"noopener noreferrer\">Descargar imagen<\/a><\/figcaption><\/figure>    \t<\/p>\n","protected":false},"excerpt":{"rendered":"<p>El presidente de la D.O.P. Cari\u00f1ena, Antonio Ubide, entregar\u00e1 este jueves, 1 de diciembre, a las 17,45 horas un manto de color rosa lila con el logotipo de la Denominaci\u00f3n de Origen Protegida Cari\u00f1ena, bordado en oro, al Cabildo Metropolitano que rige la Bas\u00edlica del Pilar. De esta forma, Cari\u00f1ena se convertir\u00e1 en la primera &hellip;<\/p>\n","protected":false},"author":6,"featured_media":2467,"comment_status":"closed","ping_status":"closed","sticky":false,"template":"","format":"standard","meta":{"_genesis_hide_title":false,"_genesis_hide_breadcrumbs":false,"_genesis_hide_singular_image":false,"_genesis_hide_footer_widgets":false,"_genesis_custom_body_class":"","_genesis_custom_post_class":"","_genesis_layout":"","ngg_post_thumbnail":0,"footnotes":""},"categories":[1],"tags":[],"class_list":{"0":"post-4204","1":"post","2":"type-post","3":"status-publish","4":"format-standard","5":"has-post-thumbnail","7":"category-noticias","8":"entry"},"_links":{"self":[{"href":"https:\/\/elvinodelaspiedras.es\/en\/wp-json\/wp\/v2\/posts\/4204"}],"collection":[{"href":"https:\/\/elvinodelaspiedras.es\/en\/wp-json\/wp\/v2\/posts"}],"about":[{"href":"https:\/\/elvinodelaspiedras.es\/en\/wp-json\/wp\/v2\/types\/post"}],"author":[{"embeddable":true,"href":"https:\/\/elvinodelaspiedras.es\/en\/wp-json\/wp\/v2\/users\/6"}],"replies":[{"embeddable":true,"href":"https:\/\/elvinodelaspiedras.es\/en\/wp-json\/wp\/v2\/comments?post=4204"}],"version-history":[{"count":1,"href":"https:\/\/elvinodelaspiedras.es\/en\/wp-json\/wp\/v2\/posts\/4204\/revisions"}],"predecessor-version":[{"id":5926,"href":"https:\/\/elvinodelaspiedras.es\/en\/wp-json\/wp\/v2\/posts\/4204\/revisions\/5926"}],"wp:featuredmedia":[{"embeddable":true,"href":"https:\/\/elvinodelaspiedras.es\/en\/wp-json\/wp\/v2\/media\/2467"}],"wp:attachment":[{"href":"https:\/\/elvinodelaspiedras.es\/en\/wp-json\/wp\/v2\/media?parent=4204"}],"wp:term":[{"taxonomy":"category","embeddable":true,"href":"https:\/\/elvinodelaspiedras.es\/en\/wp-json\/wp\/v2\/categories?post=4204"},{"taxonomy":"post_tag","embeddable":true,"href":"https:\/\/elvinodelaspiedras.es\/en\/wp-json\/wp\/v2\/tags?post=4204"}],"curies":[{"name":"wp","href":"https:\/\/api.w.org\/{rel}","templated":true}]}}